{"id":538163,"date":"2025-10-30T16:01:25","date_gmt":"2025-10-30T16:01:25","guid":{"rendered":"https:\/\/www.europesays.com\/de\/538163\/"},"modified":"2025-10-30T16:01:25","modified_gmt":"2025-10-30T16:01:25","slug":"insolvenzverwalter-konnte-rund-75-millionen-euro-an-fruehere-mitarbeitende-und-glaeubiger-ausschuetten-%c2%b7-leipziger-zeitung","status":"publish","type":"post","link":"https:\/\/www.europesays.com\/de\/538163\/","title":{"rendered":"Insolvenzverwalter konnte rund 7,5 Millionen Euro an fr\u00fchere Mitarbeitende und Gl\u00e4ubiger aussch\u00fctten \u00b7 Leipziger Zeitung"},"content":{"rendered":"<p>F\u00fcr die fr\u00fcheren Mitarbeitenden, aber auch f\u00fcr viele weitere Gl\u00e4ubiger des ehemaligen Automobilzulieferers Gusswerke Leipzig GmbH wie etwa die Bundesagentur f\u00fcr Arbeit gab es nun nach sechs Jahren endlich Geld: Insolvenzverwalter R\u00fcdiger Bauch hat rund 7,5 Millionen Euro an sie ausgesch\u00fcttet. Zwei Drittel davon (rund f\u00fcnf Millionen Euro) entfallen auf sogenannte Differenzlohnanspr\u00fcche und Sozialplanforderungen f\u00fcr die rund 400 Mitarbeitenden aus der Zeit des Insolvenzverfahrens 2019\/2020, die an die Mitarbeitenden direkt und an die Bundesagentur f\u00fcr Arbeit f\u00fcr sogenannte \u00fcbergegangene Anspr\u00fcche gehen.<\/p>\n<p>Den Mitarbeitenden musste mit der Einstellung des Gesch\u00e4ftsbetriebs die K\u00fcndigung ausgesprochen werden. R\u00fcdiger Bauch hatte den Gesch\u00e4ftsbetrieb des Automobilzulieferers zuvor seit dem Insolvenzantrag im Oktober 2019 rund ein Jahr aufrechterhalten.<\/p>\n<p>\u201eF\u00fcr die Mitarbeitenden freut mich dieses Ergebnis besonders. Sie haben sich mit ihrem Unternehmen identifiziert und sich enorm daf\u00fcr eingesetzt\u201c, sagt Bauch. \u201eNat\u00fcrlich w\u00e4re es am sch\u00f6nsten gewesen, wenn wir die Gusswerke Leipzig und die Arbeitspl\u00e4tze h\u00e4tten erhalten k\u00f6nnen. Zusammen haben wir viele Monate daf\u00fcr mit voller Kraft und mit gro\u00dfer Geschlossenheit gek\u00e4mpft.<\/p>\n<p>Aber am Ende hat die Gesamtgemengelage dies unm\u00f6glich gemacht, nachdem sich auch kein Investor f\u00fcr einen Einstieg und die Fortf\u00fchrung des Unternehmens finden lie\u00df.\u201c So durften im Jahr 2020 chinesische Interessenten wegen der Beschr\u00e4nkungen w\u00e4hrend der Corona-Pandemie nicht nach Deutschland reisen.<\/p>\n<p><a href=\"https:\/\/www.europesays.com\/de\/wp-content\/uploads\/2025\/10\/Foto_Ruediger-Bauch_Sultze-und-Braun.jpg\"><img loading=\"lazy\" decoding=\"async\" class=\"wp-image-637676 size-full\" src=\"https:\/\/www.europesays.com\/de\/wp-content\/uploads\/2025\/10\/Foto_Ruediger-Bauch_Sultze-und-Braun.jpg\" alt=\"R\u00fcdiger Bauch. Foto: Schutze &amp; Braun\" width=\"2250\" height=\"1500\"  \/><\/a>R\u00fcdiger Bauch. Foto: Schutze &amp; Braun<\/p>\n<p>Neben den Mitarbeitern k\u00f6nnen sich auch die ungesicherten Gl\u00e4ubiger \u00fcber eine Aussch\u00fcttung des Insolvenzverwalters freuen. An sie flie\u00dfen zun\u00e4chst rund 2,5 Millionen Euro als Abschlagszahlung.<\/p>\n<p>Ein Business- und Gewerbepark auf dem ehemaligen Gel\u00e4nde<\/p>\n<p>Den Gesamtbetrag hat der Fachanwalt f\u00fcr Insolvenz- und Sanierungsrecht, der unter anderem am Leipziger Standort der bundesweit vertretenen Kanzlei t\u00e4tig ist, insbesondere durch die Verwertung der Immobilie an der Merseburger Stra\u00dfe im Leipziger Ortsteil B\u00f6hlitz-Ehrenweg erzielt.<\/p>\n<p>\u201eAuf dem Gie\u00dfereigel\u00e4nde ist inzwischen ein Business- und Gewerbepark entstanden, in dem sich junge Unternehmen ansiedeln und neue Arbeitspl\u00e4tze bereitstellen k\u00f6nnen. Auch wenn wir den Gesch\u00e4ftsbetrieb der Gusswerke ohne Investor vor rund f\u00fcnf Jahren einstellen mussten, ist die Entwicklung auf dem Areal ein gutes Beispiel daf\u00fcr, dass auch der geordnete Marktaustritt eines Unternehmens der Startpunkt von etwas Neuem sein kann\u201c, sagt Bauch.<\/p>\n<p>Der aus den Verwertungserl\u00f6sen der Immobilie erzielte Betrag wurde im wesentlichen frei nach einem Vergleich mit Gro\u00dfgl\u00e4ubigern, den Insolvenzverwalter Bauch mit Gl\u00e4ubigern der Gusswerke ausgehandelt hat.<\/p>\n<p>Alle Gl\u00e4ubiger gem\u00e4\u00df den gesetzlichen Regelungen gleich behandeln<\/p>\n<p>\u201eDie Aufgabe eines Insolvenzverwalters ist es, alle Gl\u00e4ubiger gem\u00e4\u00df den gesetzlichen Regelungen gleichzubehandeln. Dazu geh\u00f6rt auch, dass die Gelder eines insolventen Unternehmens entsprechend der Vorgaben des Gesetzgebers verteilt werden \u2013 auch wenn das mitunter wie bei den Gusswerken Leipzig mehrere Jahre dauert und intensive Verhandlungen mit sich bringt\u201c, sagt Bauch.<\/p>\n<p>Der ersten Aussch\u00fcttung der rund 7,5 Millionen Euro als Abschlag an die fr\u00fchere Belegschaft und die unbesicherten Gl\u00e4ubiger haben auch das Insolvenzgericht und der Gl\u00e4ubigerausschuss zugestimmt.<\/p>\n","protected":false},"excerpt":{"rendered":"F\u00fcr die fr\u00fcheren Mitarbeitenden, aber auch f\u00fcr viele weitere Gl\u00e4ubiger des ehemaligen Automobilzulieferers Gusswerke Leipzig GmbH wie etwa&hellip;\n","protected":false},"author":2,"featured_media":538164,"comment_status":"","ping_status":"","sticky":false,"template":"","format":"standard","meta":{"footnotes":""},"categories":[1832],"tags":[11627,3364,29,30,131871,131872,71,859],"class_list":{"0":"post-538163","1":"post","2":"type-post","3":"status-publish","4":"format-standard","5":"has-post-thumbnail","7":"category-leipzig","8":"tag-boehlitz-ehrenberg","9":"tag-de","10":"tag-deutschland","11":"tag-germany","12":"tag-gusswerke","13":"tag-halberg-guss","14":"tag-leipzig","15":"tag-sachsen"},"share_on_mastodon":{"url":"https:\/\/pubeurope.com\/@de\/115463958767945689","error":""},"_links":{"self":[{"href":"https:\/\/www.europesays.com\/de\/wp-json\/wp\/v2\/posts\/538163","targetHints":{"allow":["GET"]}}],"collection":[{"href":"https:\/\/www.europesays.com\/de\/wp-json\/wp\/v2\/posts"}],"about":[{"href":"https:\/\/www.europesays.com\/de\/wp-json\/wp\/v2\/types\/post"}],"author":[{"embeddable":true,"href":"https:\/\/www.europesays.com\/de\/wp-json\/wp\/v2\/users\/2"}],"replies":[{"embeddable":true,"href":"https:\/\/www.europesays.com\/de\/wp-json\/wp\/v2\/comments?post=538163"}],"version-history":[{"count":0,"href":"https:\/\/www.europesays.com\/de\/wp-json\/wp\/v2\/posts\/538163\/revisions"}],"wp:featuredmedia":[{"embeddable":true,"href":"https:\/\/www.europesays.com\/de\/wp-json\/wp\/v2\/media\/538164"}],"wp:attachment":[{"href":"https:\/\/www.europesays.com\/de\/wp-json\/wp\/v2\/media?parent=538163"}],"wp:term":[{"taxonomy":"category","embeddable":true,"href":"https:\/\/www.europesays.com\/de\/wp-json\/wp\/v2\/categories?post=538163"},{"taxonomy":"post_tag","embeddable":true,"href":"https:\/\/www.europesays.com\/de\/wp-json\/wp\/v2\/tags?post=538163"}],"curies":[{"name":"wp","href":"https:\/\/api.w.org\/{rel}","templated":true}]}}