{"id":538911,"date":"2025-10-30T23:03:15","date_gmt":"2025-10-30T23:03:15","guid":{"rendered":"https:\/\/www.europesays.com\/de\/538911\/"},"modified":"2025-10-30T23:03:15","modified_gmt":"2025-10-30T23:03:15","slug":"britischer-prinz-andrew-soll-prinzentitel-verlieren-und-royal-lodge-verlassen","status":"publish","type":"post","link":"https:\/\/www.europesays.com\/de\/538911\/","title":{"rendered":"Britischer Prinz Andrew soll Prinzentitel verlieren \u2013 und Royal Lodge verlassen"},"content":{"rendered":"<p class=\"tspCCnc tspCCnd\">Der wegen seiner Verwicklung in den Epstein-Missbrauchsskandal in Verruf geratene britische Prinz Andrew (65) soll seinen Prinzentitel verlieren und aus der Royal Lodge in Windsor ausziehen. <strong>K\u00f6nig Charles III. habe ein \u201eformelles Verfahren\u201c zur Aberkennung seiner \u201eTitel und Ehren\u201c eingeleitet<\/strong>, erkl\u00e4rte der Buckingham-Palast am Donnerstag. Der Bruder des K\u00f6nigs werde k\u00fcnftig den Nahmen Andrew Mountbatten Windsor tragen.\u00a0<\/p>\n<p>Der Morgenlage Newsletter<\/p>\n<p><img decoding=\"async\" src=\"https:\/\/www.europesays.com\/de\/wp-content\/uploads\/2025\/04\/1745846948_156_morgenlage-abendlage-icon-klein.png\" alt=\"\" class=\"tspCWhi\"\/><\/p>\n<p class=\"tspCWpn\"> Die wichtigsten Nachrichten des Tages \u2014 morgens direkt in Ihr E-Mail-Postfach. <\/p>\n<p class=\"tspCCnc\">Andrew habe der Entscheidung nicht widersprochen, <a href=\"https:\/\/www.bbc.com\/news\/live\/cnveqgj957dt\" target=\"_blank\" rel=\"noopener\" class=\"link link--external\" data-gtm-class=\"article-text-link\" data-gtm-val=\"external\" aria-describedby=\"message-target-blank\">berichtet die BBC. <\/a>Auch die britische Regierung sei im Vorfeld informiert worden und habe deutliche gemacht, dass sie den Schritt unterst\u00fctzt. <\/p>\n<p> Ganzes Statement des Buckingham-Palastes: <\/p>\n<p class=\"tspCCnc\">\u201eSeine Majest\u00e4t hat heute ein formelles Verfahren eingeleitet, um Prinz Andrew seine Titel und Ehrenrechte zu entziehen.<\/p>\n<p class=\"tspCCnc\">Prinz Andrew wird nun als Andrew Mountbatten Windsor bekannt sein. Sein Mietvertrag f\u00fcr die Royal Lodge hat ihm bisher rechtlichen Schutz gew\u00e4hrt, um dort weiterhin wohnen zu bleiben. Nun wurde ihm eine formelle Aufforderung zur K\u00fcndigung des Mietvertrags zugestellt, und er wird in eine andere private Unterkunft umziehen. Diese Ma\u00dfnahmen werden als notwendig erachtet, obwohl er die gegen ihn erhobenen Vorw\u00fcrfe weiterhin bestreitet.&#13;<\/p>\n<p class=\"tspCCnc\">Ihre Majest\u00e4ten m\u00f6chten klarstellen, dass ihre Gedanken und ihr tiefstes Mitgef\u00fchl den Opfern und \u00dcberlebenden jeglicher Form von Missbrauch gelten und auch weiterhin gelten werden.\u201c (Quelle: BBC)<\/p>\n<p class=\"tspCCnc\"><strong>Der Auszug soll \u201eso schnell wie m\u00f6glich\u201c erfolgen<\/strong>, berichtet die BBC weiter. Andrew soll offenbar in ein Anwesen auf dem privaten Sandringham-Estate der K\u00f6nigsfamilie in Norfolk ziehen \u2013 auf Kosten des K\u00f6nigs. Seine T\u00f6chter, Prinzessin Beatrice und Prinzessin Eugenie, behalten laut dem Bericht ihre Titel.<\/p>\n<p> Alle royalen Titel und Pflichten aufgegeben <\/p>\n<p class=\"tspCCnc\"><a href=\"https:\/\/www.tagesspiegel.de\/gesellschaft\/panorama\/reaktion-auf-epstein-affare-prinz-andrew-gibt-auch-letzte-royale-titel-und-pflichten-auf-14598665.html?icid=in-text-link_14709986\" class=\"link link--internal\" data-gtm-class=\"article-text-link\" data-gtm-val=\"internal\" target=\"_blank\" rel=\"noopener\">Bereits Mitte Oktober hatte Andrew seine verbliebenen royalen Titel und Pflichten aufgegeben.<\/a> Er werde seinen Titel \u2013 Andrew ist Herzog von York (Duke of York) \u2013 und die ihm verliehenen Ehren nicht mehr f\u00fchren, hatte er damals mitgeteilt. Zu den aufgegebenen Ehren geh\u00f6ren zudem der Ritterorden des Royal Victorian Order und seine Rolle als \u201eRoyal Knight Companion\u201c im elit\u00e4ren Hosenbandorden des K\u00f6nigs.<\/p>\n<p class=\"tspCCnc\">Damals war angenommen worden, dass Andrew weiterhin Prinz bleiben wird, wie die BBC berichtete. Zudem wurde davon ausgegangen, dass er weiterhin in seinem Haus in Windsor wohnen bleiben kann.<\/p>\n<p class=\"tspCCnc\"><a href=\"https:\/\/www.tagesspiegel.de\/gesellschaft\/panorama\/drangte-ihn-konig-charles-warum-prinz-andrew-seine-royalen-titel-aufgeben-musste-14599265.html?icid=in-text-link_14709986\" class=\"link link--internal\" data-gtm-class=\"article-text-link\" data-gtm-val=\"internal\" target=\"_blank\" rel=\"noopener\">Der Schritt \u201ewar eindeutig nicht allein Prinz Andrews Entscheidung\u201c<\/a>, analysierte der Sender Sky News. Es gebe keinen Zweifel daran, dass <strong>Charles Druck auf seinen Bruder ausge\u00fcbt<\/strong> habe. <strong>Auch\u00a0Thronfolger Prinz William soll eine der treibenden Kr\u00e4fte\u00a0hinter der Entscheidung gewesen sein.<\/strong><\/p>\n<p class=\"tspCCnc\">K\u00f6nig Charles und Prinz William wollten Andrew Berichten zufolge zudem <strong>l\u00e4ngst zum Auszug aus der Royal Lodge dr\u00e4ngen<\/strong>, scheiterten aber an dem Pachtvertrag. Andrew war nach einer anf\u00e4nglichen Investition in die Renovierung ein langfristiges Wohnrecht einger\u00e4umt worden, auf das er bisher gepocht haben soll.\u00a0<\/p>\n<p> Andrew streitet Missbrauchsvorw\u00fcrfe ab <\/p>\n<p class=\"tspCCnc\"><a href=\"https:\/\/www.tagesspiegel.de\/gesellschaft\/panorama\/benommen-als-hatte-er-ein-recht-auf-mich-memoiren-von-epstein-missbrauchsopfer-giuffre-belasten-prinz-andrew-schwer-14584637.html?icid=in-text-link_14709986\" class=\"link link--internal\" data-gtm-class=\"article-text-link\" data-gtm-val=\"internal\" target=\"_blank\" rel=\"noopener\">Andrew hatte sich im Zuge der Epstein-Aff\u00e4re<\/a> <strong>bereits vor Jahren weitestgehend aus der \u00d6ffentlichkeit zur\u00fcckgezogen<\/strong>. Seine Rolle als offizieller Vertreter des K\u00f6nigshauses, milit\u00e4rische R\u00e4nge und Schirmherrschaften hatte er bereits verloren. Der Prinz war mit dem in Haft gestorbenen US-Unternehmer befreundet \u2013 <strong>Epstein hatte \u00fcber Jahre einen Missbrauchsring betrieben. <\/strong><\/p>\n<p> Mehr zu Prinz Andrew <a href=\"https:\/\/www.tagesspiegel.de\/gesellschaft\/panorama\/da-war-der-haftbefehl-schon-ausgestellt-prinz-andrew-empfing-epstein-offenbar-in-seinem-privatanwesen-14681498.html?icid=topic-list_14709986___\" data-gtm-class=\"article-mzt-link\" class=\"tspCKn0\" target=\"_blank\" rel=\"noopener\">Da war der Haftbefehl schon ausgestellt Prinz Andrew empfing Epstein offenbar in seinem Privatanwesen <\/a><a href=\"https:\/\/www.tagesspiegel.de\/gesellschaft\/enthullungsbuch-nobodys-girl-erschienen-giuffre-beschreibt-angst-und-erniedrigung-im-epstein-netzwerk-14615303.html?icid=topic-list_14709986___\" data-gtm-class=\"article-mzt-link\" class=\"tspCKn0\" target=\"_blank\" rel=\"noopener\">Enth\u00fcllungsbuch \u201eNobody\u2019s Girl\u201c erschienen Giuffre beschreibt Angst und Erniedrigung im Epstein-Netzwerk <\/a><a href=\"https:\/\/www.tagesspiegel.de\/internationales\/die-akte-andrew-der-prinz-seine-epstein-verbindung-und-die-anklage-eines-opfers-14608586.html?icid=topic-list_14709986___\" data-gtm-class=\"article-mzt-link\" class=\"tspCKn0\" target=\"_blank\" rel=\"noopener\">Die Akte Andrew Der Prinz, seine Epstein-Verbindung und die Anklage eines Opfers <\/a><\/p>\n<p class=\"tspCCnc\"><strong>Eines der Opfer, Virginia Giuffre, hatte Andrew vorgeworfen, sie als Minderj\u00e4hrige mehrfach missbraucht zu haben.<\/strong> Der 65-J\u00e4hrige stritt die Vorw\u00fcrfe stets ab. <a href=\"https:\/\/www.tagesspiegel.de\/kultur\/ich-glaubte-als-sexsklavin-sterben-zu-mussen-das-martyrium-der-epstein-anklagerin-virginia-giuffre-14612786.html?icid=in-text-link_14709986\" class=\"link link--internal\" data-gtm-class=\"article-text-link\" data-gtm-val=\"internal\" target=\"_blank\" rel=\"noopener\">In der vergangenen Woche waren die Memoiren der gestorbenen Frau erschienen.<\/a> (Tsp mit Agenturen)<\/p>\n","protected":false},"excerpt":{"rendered":"Der wegen seiner Verwicklung in den Epstein-Missbrauchsskandal in Verruf geratene britische Prinz Andrew (65) soll seinen Prinzentitel verlieren&hellip;\n","protected":false},"author":2,"featured_media":538912,"comment_status":"","ping_status":"","sticky":false,"template":"","format":"standard","meta":{"footnotes":""},"categories":[1825],"tags":[1941,1939,296,1937,29,30,1940,1938,9758],"class_list":{"0":"post-538911","1":"post","2":"type-post","3":"status-publish","4":"format-standard","5":"has-post-thumbnail","7":"category-berlin","8":"tag-aktuelle-nachrichten-aus-berlin","9":"tag-aktuelle-news-aus-berlin","10":"tag-berlin","11":"tag-berlin-news","12":"tag-deutschland","13":"tag-germany","14":"tag-nachrichten-aus-berlin","15":"tag-news-aus-berlin","16":"tag-prinz-william"},"share_on_mastodon":{"url":"https:\/\/pubeurope.com\/@de\/115465618373589767","error":""},"_links":{"self":[{"href":"https:\/\/www.europesays.com\/de\/wp-json\/wp\/v2\/posts\/538911","targetHints":{"allow":["GET"]}}],"collection":[{"href":"https:\/\/www.europesays.com\/de\/wp-json\/wp\/v2\/posts"}],"about":[{"href":"https:\/\/www.europesays.com\/de\/wp-json\/wp\/v2\/types\/post"}],"author":[{"embeddable":true,"href":"https:\/\/www.europesays.com\/de\/wp-json\/wp\/v2\/users\/2"}],"replies":[{"embeddable":true,"href":"https:\/\/www.europesays.com\/de\/wp-json\/wp\/v2\/comments?post=538911"}],"version-history":[{"count":0,"href":"https:\/\/www.europesays.com\/de\/wp-json\/wp\/v2\/posts\/538911\/revisions"}],"wp:featuredmedia":[{"embeddable":true,"href":"https:\/\/www.europesays.com\/de\/wp-json\/wp\/v2\/media\/538912"}],"wp:attachment":[{"href":"https:\/\/www.europesays.com\/de\/wp-json\/wp\/v2\/media?parent=538911"}],"wp:term":[{"taxonomy":"category","embeddable":true,"href":"https:\/\/www.europesays.com\/de\/wp-json\/wp\/v2\/categories?post=538911"},{"taxonomy":"post_tag","embeddable":true,"href":"https:\/\/www.europesays.com\/de\/wp-json\/wp\/v2\/tags?post=538911"}],"curies":[{"name":"wp","href":"https:\/\/api.w.org\/{rel}","templated":true}]}}