{"id":538921,"date":"2025-10-30T23:08:11","date_gmt":"2025-10-30T23:08:11","guid":{"rendered":"https:\/\/www.europesays.com\/de\/538921\/"},"modified":"2025-10-30T23:08:11","modified_gmt":"2025-10-30T23:08:11","slug":"einst-vom-vater-verstossen-cynthia-erivo-hat-ihren-frieden-gemacht","status":"publish","type":"post","link":"https:\/\/www.europesays.com\/de\/538921\/","title":{"rendered":"Einst vom Vater &#8222;versto\u00dfen&#8220;: Cynthia Erivo hat ihren Frieden gemacht"},"content":{"rendered":"<p>                    Einst vom Vater &#8222;versto\u00dfen&#8220;<br \/>\n                Cynthia Erivo hat ihren Frieden gemacht<\/p>\n<p>\t\t\t\t              29.10.2025, 10:48 Uhr<\/p>\n<p>\t\t\t\t\t       Artikel anh\u00f6ren<\/p>\n<p>\t\t\t\t\t\t\tDiese Audioversion wurde k\u00fcnstlich generiert. <a href=\"https:\/\/www.n-tv.de\/23249898\" rel=\"nofollow noopener\" target=\"_blank\">Mehr Infos<\/a><\/p>\n<p><strong>Als &#8222;Wicked&#8220;-Star Cynthia Erivo ein Teenager ist, verl\u00e4sst der Vater die Familie. Das verursacht bei ihr einen Schmerz, den sie auch in ihren Songs verarbeitet. Heute aber sei sie mit seiner Abwesenheit in ihrem Leben im Reinen, erkl\u00e4rt sie jetzt in einem Interview. <\/strong><\/p>\n<p>Schauspielerin und S\u00e4ngerin Cynthia Erivo spricht in einem Interview offen \u00fcber die schwierige Beziehung zu ihrem Vater und dar\u00fcber, dass sie seine Abwesenheit inzwischen akzeptiert habe. Das Gespr\u00e4ch mit dem Magazin &#8222;Harper&#8217;s Bazaar&#8220; ist zugleich die Ank\u00fcndigung der Autobiografie der &#8222;Wicked&#8220;-Darstellerin. &#8222;Simply More: A Book for Anyone Who Has Been Told They&#8217;re Too Much&#8220; (&#8222;Einfach mehr: Ein Buch f\u00fcr alle, denen gesagt wurde, sie seien zu viel&#8220;) soll Mitte November erscheinen.<\/p>\n<p>In ihren Memoiren schildert Erivo unter anderem ihre Kindheit in London, wo sie gemeinsam mit ihrer Schwester von Mutter Edith gro\u00dfgezogen wurde. Ihr Vater verlie\u00df die Familie, als sie 16 Jahre alt war. Die heute 38-J\u00e4hrige berichtet, er habe die T\u00f6chter &#8222;versto\u00dfen&#8220;, ehe er gegangen sei. <\/p>\n<p>&#8222;Es gibt Dinge, die er verpasst&#8220;<\/p>\n<p> Es ist nicht das erste Mal, dass Erivo das schwierige Verh\u00e4ltnis zu ihm \u00f6ffentlich anspricht. Bereits 2021 sagte sie in einem anderen Interview, sie habe ihren Vater vor mehr als zehn Jahren auf der Hochzeit eines Cousins zum letzten Mal gesehen. Damals erkl\u00e4rte sie, wie sie ihre Gef\u00fchle dazu in ihre Musik packe &#8211; vor allem in den Song &#8222;You&#8217;re Not Here&#8220;. &#8222;Das ist mein Eingest\u00e4ndnis, dass es Dinge gibt, die er verpasst hat, und dass mich das traurig macht&#8220;, so Eviro seinerzeit zum Magazin &#8222;Glossary&#8220;. Zugleich wisse sie, dass er auch k\u00fcnftig vieles nicht miterleben werde: &#8222;Es gibt Dinge, die er verpasst, und das macht mich traurig.&#8220;<\/p>\n<p>&#8222;Ein Teil von mir w\u00fcnscht sich, ich k\u00f6nnte meinen Vater in meinem Leben haben. Aber da ist auch ein Teil, der sehr im Reinen damit ist, weil ich dieses Buch geschrieben habe &#8211; im Wissen, dass er kein Teil meines Lebens sein wird&#8220;, sagt sie heute.<\/p>\n<p>Keine Scheu, Pers\u00f6nliches zu teilen<\/p>\n<p> Cynthia Erivo betont zudem, dass sie keine Scheu davor habe, derart pers\u00f6nliche Dinge mit der \u00d6ffentlichkeit zu teilen &#8211; auch die schmerzhaften. &#8222;Ich wei\u00df nicht, ob ich etwas h\u00e4tte schreiben k\u00f6nnen, das nicht ehrlich ist&#8220;, erkl\u00e4rt sie gegen\u00fcber &#8222;Harper&#8217;s Bazaar&#8220;. Ihr Ziel sei es, anderen einen Ankn\u00fcpfungspunkt zu bieten: &#8222;Ich m\u00f6chte, dass Menschen wissen, dass es in Ordnung ist, dar\u00fcber zu sprechen. Ich m\u00f6chte, dass sie in meiner Musik Trost und Halt finden. Das Ziel war immer nur, wahrhaftig zu sein.&#8220;<\/p>\n<p>Dazu passt auch ihre bewusste Entscheidung, sich die Haare vollst\u00e4ndig abzurasieren. &#8222;Ich liebe meine Glatze. Sie bringt meine Pers\u00f6nlichkeit zum Ausdruck&#8220;, erkl\u00e4rt Erivo in dem Interview ebenfalls. F\u00fcr sie stehe das an erster Stelle. Auch Sch\u00f6nheitsoperationen k\u00f6nnen f\u00fcr die K\u00fcnstlerin ein Teil der Selbsterm\u00e4chtigung sein: &#8222;Wenn jemand sich einer Ver\u00e4nderung unterziehen m\u00f6chte, etwa eine neue Nase oder Lippen, dann ist das vollkommen in Ordnung. Wichtig ist nur, dass es f\u00fcr einen selbst richtig ist&#8220;, findet sie.<\/p>\n","protected":false},"excerpt":{"rendered":"Einst vom Vater &#8222;versto\u00dfen&#8220; Cynthia Erivo hat ihren Frieden gemacht 29.10.2025, 10:48 Uhr Artikel anh\u00f6ren Diese Audioversion wurde&hellip;\n","protected":false},"author":2,"featured_media":538922,"comment_status":"","ping_status":"","sticky":false,"template":"","format":"standard","meta":{"footnotes":""},"categories":[1776],"tags":[1801,29,214,92,30,683,1802,215],"class_list":{"0":"post-538921","1":"post","2":"type-post","3":"status-publish","4":"format-standard","5":"has-post-thumbnail","7":"category-prominente","8":"tag-celebrities","9":"tag-deutschland","10":"tag-entertainment","11":"tag-film","12":"tag-germany","13":"tag-hollywood","14":"tag-prominente","15":"tag-unterhaltung"},"share_on_mastodon":{"url":"https:\/\/pubeurope.com\/@de\/115465637342133815","error":""},"_links":{"self":[{"href":"https:\/\/www.europesays.com\/de\/wp-json\/wp\/v2\/posts\/538921","targetHints":{"allow":["GET"]}}],"collection":[{"href":"https:\/\/www.europesays.com\/de\/wp-json\/wp\/v2\/posts"}],"about":[{"href":"https:\/\/www.europesays.com\/de\/wp-json\/wp\/v2\/types\/post"}],"author":[{"embeddable":true,"href":"https:\/\/www.europesays.com\/de\/wp-json\/wp\/v2\/users\/2"}],"replies":[{"embeddable":true,"href":"https:\/\/www.europesays.com\/de\/wp-json\/wp\/v2\/comments?post=538921"}],"version-history":[{"count":0,"href":"https:\/\/www.europesays.com\/de\/wp-json\/wp\/v2\/posts\/538921\/revisions"}],"wp:featuredmedia":[{"embeddable":true,"href":"https:\/\/www.europesays.com\/de\/wp-json\/wp\/v2\/media\/538922"}],"wp:attachment":[{"href":"https:\/\/www.europesays.com\/de\/wp-json\/wp\/v2\/media?parent=538921"}],"wp:term":[{"taxonomy":"category","embeddable":true,"href":"https:\/\/www.europesays.com\/de\/wp-json\/wp\/v2\/categories?post=538921"},{"taxonomy":"post_tag","embeddable":true,"href":"https:\/\/www.europesays.com\/de\/wp-json\/wp\/v2\/tags?post=538921"}],"curies":[{"name":"wp","href":"https:\/\/api.w.org\/{rel}","templated":true}]}}