{"id":538925,"date":"2025-10-30T23:11:14","date_gmt":"2025-10-30T23:11:14","guid":{"rendered":"https:\/\/www.europesays.com\/de\/538925\/"},"modified":"2025-10-30T23:11:14","modified_gmt":"2025-10-30T23:11:14","slug":"prominent-getrennt-bekommt-2026-spin-off-prominent-verwandt-bei-rtl","status":"publish","type":"post","link":"https:\/\/www.europesays.com\/de\/538925\/","title":{"rendered":"\u201eProminent getrennt\u201d bekommt 2026 Spin-off! \u201eProminent verwandt\u201d bei RTL+"},"content":{"rendered":"<p>Realitystars und ihre Eltern stellen sich harten Challenges \u201eProminent getrennt\u201d bekommt 2026 Spin-off! \u201eProminent verwandt\u201d bei RTL+<img alt=\"Nico und Thorsten Legat - zwischen die beiden passt kein Blatt. Gemeinsam wollen sie beim \u201eRTL Turmspringen\u201c jetzt allen zeigen, was sie drauf haben.\" fetchpriority=\"high\" width=\"940\" height=\"529\" decoding=\"async\" data-nimg=\"1\" class=\"Image_image__SdgLQ Picture_image__vGN9W\" style=\"color:transparent\"   src=\"https:\/\/www.europesays.com\/de\/wp-content\/uploads\/2025\/10\/nico-und-thorsten-legat-zwischen-die-beiden-passt-kein-blatt-gemeinsam-wollen-sie-beim-rtl-turmsprin.webp\"\/><\/p>\n<p>Nico und Thorsten Legat beim \u201eRTL Turmspringen\u201c. Jetzt will das Duo bei neuer RTL-Show durchstarten!<\/p>\n<p>RTL+<\/p>\n<p>30. Oktober 2025 um 21:09 Uhr<\/p>\n<p class=\"AnnotatedMarkup_paragraph__IUT9l\"><strong>Neue Konflikte, neue Chancen auf Vers\u00f6hnung!<\/strong><br \/>Nach dem Erfolg von \u201eProminent getrennt\u201d startet n\u00e4chstes Jahr auf RTL+ das Spin-off \u201eProminent verwandt\u201d. Hier stellen sich nicht Ex-Paare, sondern Realitysternchen und ihre Eltern harten Challenges. Dieses Papa-Sohn-Duo steht schon fest&#8230;<\/p>\n<p>Spiele, Spannung und alte Konflikte <\/p>\n<p class=\"AnnotatedMarkup_paragraph__IUT9l\">Bei \u201eProminent verwandt\u201d treffen unterschiedliche Eltern-Kind-Konstellationen aufeinander. W\u00e4hrend zwischen manchen Teams enge Bande bestehen, haben andere noch etwas miteinander zu kl\u00e4ren.<\/p>\n<p class=\"AnnotatedMarkup_paragraph__IUT9l\"><strong>Lese-Tipp:<\/strong> <a href=\"https:\/\/www.rtl.de\/sendungen\/prominent-getrennt\/prominent-getrennt-gewinner-2025-dieses-ex-paar-schnappt-sich-den-sieg-im-finale-id6634541.html\" target=\"_self\" rel=\"noopener\">Im Finale sind sie ein Dreamteam! Dieses Ex-Paar holt sich den \u201eProminent getrennt\u201d-Sieg<\/a><\/p>\n<p class=\"AnnotatedMarkup_paragraph__IUT9l\">Ob jahrelanger Kontaktabbruch, Streit oder ungel\u00f6ste Spannung \u2013 in der neuen Show bekommen die Teilnehmerinnen und Teilnehmer die Gelegenheit, alte Wunden zu heilen und zu zeigen, dass sie ein starkes Team sein k\u00f6nnen.<\/p>\n<p>Video-Tipp: Das gab\u2019s noch nie bei \u201eProminent getrennt\u201d!Anzeige:<\/p>\n<p>Empfehlungen unserer Partner<\/p>\n<p>Dieses Duo ist mit dabei! <\/p>\n<p class=\"AnnotatedMarkup_paragraph__IUT9l\">Ein Team steht schon fest: Thorsten und Nico Legat. Vater und Sohn lieferten sich in der Vergangenheit immer wieder \u00f6ffentliche Auseinandersetzungen und hatten zeitweise keinen Kontakt.<\/p>\n<p class=\"AnnotatedMarkup_paragraph__IUT9l\"><strong>Lese-Tipp:<\/strong> <a href=\"https:\/\/www.rtl.de\/unterhaltung\/stars\/nico-legat-spricht-im-rtl-interview-ueber-sein-leben-nach-dem-entzug-ich-lebe-ein-anderes-leben-id6775338.html\" target=\"_self\" rel=\"noopener\">Nico Legat spricht nach Entzug im RTL-Interview: \u201eIch lebe ein anderes Leben!\u201d<\/a><\/p>\n<p class=\"AnnotatedMarkup_paragraph__IUT9l\">Nach seiner Therapie m\u00f6chte Nico gemeinsam mit Papa Thorsten als Einheit bestehen, um sich den k\u00f6rperlichen und emotionalen Herausforderungen zu stellen und f\u00fcr eine ordentliche Gewinnsumme alles zu geben.<\/p>\n","protected":false},"excerpt":{"rendered":"Realitystars und ihre Eltern stellen sich harten Challenges \u201eProminent getrennt\u201d bekommt 2026 Spin-off! \u201eProminent verwandt\u201d bei RTL+ Nico&hellip;\n","protected":false},"author":2,"featured_media":538926,"comment_status":"","ping_status":"","sticky":false,"template":"","format":"standard","meta":{"footnotes":""},"categories":[1773],"tags":[29,214,553,30,61685,131999,132000,34746,766,131093,471,1780,132001,38245,215],"class_list":{"0":"post-538925","1":"post","2":"type-post","3":"status-publish","4":"format-standard","5":"has-post-thumbnail","7":"category-serien","8":"tag-deutschland","9":"tag-entertainment","10":"tag-familie","11":"tag-germany","12":"tag-nico-legat","13":"tag-prominent-getrennt-4083","14":"tag-prominent-getrennt-arc-sendungen-real-life-prominent-getrennt","15":"tag-reality-star","16":"tag-reality-tv","17":"tag-rtl-streaming-tipps","18":"tag-serien","19":"tag-series","20":"tag-shows-1542","21":"tag-thorsten-legat","22":"tag-unterhaltung"},"share_on_mastodon":{"url":"https:\/\/pubeurope.com\/@de\/115465650002043042","error":""},"_links":{"self":[{"href":"https:\/\/www.europesays.com\/de\/wp-json\/wp\/v2\/posts\/538925","targetHints":{"allow":["GET"]}}],"collection":[{"href":"https:\/\/www.europesays.com\/de\/wp-json\/wp\/v2\/posts"}],"about":[{"href":"https:\/\/www.europesays.com\/de\/wp-json\/wp\/v2\/types\/post"}],"author":[{"embeddable":true,"href":"https:\/\/www.europesays.com\/de\/wp-json\/wp\/v2\/users\/2"}],"replies":[{"embeddable":true,"href":"https:\/\/www.europesays.com\/de\/wp-json\/wp\/v2\/comments?post=538925"}],"version-history":[{"count":0,"href":"https:\/\/www.europesays.com\/de\/wp-json\/wp\/v2\/posts\/538925\/revisions"}],"wp:featuredmedia":[{"embeddable":true,"href":"https:\/\/www.europesays.com\/de\/wp-json\/wp\/v2\/media\/538926"}],"wp:attachment":[{"href":"https:\/\/www.europesays.com\/de\/wp-json\/wp\/v2\/media?parent=538925"}],"wp:term":[{"taxonomy":"category","embeddable":true,"href":"https:\/\/www.europesays.com\/de\/wp-json\/wp\/v2\/categories?post=538925"},{"taxonomy":"post_tag","embeddable":true,"href":"https:\/\/www.europesays.com\/de\/wp-json\/wp\/v2\/tags?post=538925"}],"curies":[{"name":"wp","href":"https:\/\/api.w.org\/{rel}","templated":true}]}}