{"id":538943,"date":"2025-10-30T23:20:18","date_gmt":"2025-10-30T23:20:18","guid":{"rendered":"https:\/\/www.europesays.com\/de\/538943\/"},"modified":"2025-10-30T23:20:18","modified_gmt":"2025-10-30T23:20:18","slug":"wichtig-fuer-die-abschreckung-bundeswehr-general-schwoert-unternehmen-auf-krisenfall-ein","status":"publish","type":"post","link":"https:\/\/www.europesays.com\/de\/538943\/","title":{"rendered":"&#8222;Wichtig f\u00fcr die Abschreckung&#8220;: Bundeswehr-General schw\u00f6rt Unternehmen auf Krisenfall ein"},"content":{"rendered":"<p>                    &#8222;Wichtig f\u00fcr die Abschreckung&#8220;<br \/>\n                Bundeswehr-General schw\u00f6rt Unternehmen auf Krisenfall ein<\/p>\n<p>\t\t\t\t              30.10.2025, 19:31 Uhr<\/p>\n<p>\t\t\t\t\t       Artikel anh\u00f6ren<\/p>\n<p>\t\t\t\t\t\t\tDiese Audioversion wurde k\u00fcnstlich generiert. <a href=\"https:\/\/www.n-tv.de\/23249898\" target=\"_blank\" rel=\"noopener\">Mehr Infos<\/a><\/p>\n<p><strong>Die Wehrhaftigkeit Deutschlands endet nicht bei der Bundeswehr: Vor allem Unternehmen und Gesellschaft m\u00fcssten sich auf k\u00fcnftige Angriffe aktiv vorbereiten, erl\u00e4utert Generalleutnant Sollfrank. F\u00fcr ihn ist das Vorbild einer solchen Widerstandskraft die Ukraine.<\/strong><\/p>\n<p>Die deutsche Wirtschaft muss der Bundeswehr zufolge ihre Widerstandsf\u00e4higkeit f\u00fcr einen m\u00f6glichen Konfliktfall st\u00e4rken. Verteidigung k\u00f6nne nicht allein an die Bundeswehr ausgelagert werden, sagte Generalleutnant Alexander Sollfrank, Befehlshaber des Operativen F\u00fchrungskommandos der Bundeswehr, in einem Interview. &#8222;Das funktioniert nat\u00fcrlich nicht.&#8220; Es sei entscheidend, eine Gesellschaft zu haben, die robust genug sei, um Schwierigkeiten zu \u00fcberstehen. &#8222;Das ist ein wichtiger Teil der Abschreckung&#8220;, f\u00fcgte Sollfrank hinzu. Er stehe wie andere f\u00fchrende Milit\u00e4rs im st\u00e4ndigen Austausch mit Wirtschaftsvertretern.<\/p>\n<p>Sollfrank forderte Unternehmen auf, f\u00fcr Krisen zu planen. Es gehe darum, Vorr\u00e4te anzulegen und abzusch\u00e4tzen, wie viel man ben\u00f6tige, um die Produktion f\u00fcr eine gewisse Zeit aufrechtzuerhalten &#8211; etwa um in einer B\u00e4ckerei weiter Brot backen zu k\u00f6nnen.<\/p>\n<p>Zudem betonte er die Notwendigkeit, die Cyber-Abwehr zu st\u00e4rken. Jeder m\u00fcsse sich seiner Schwachstellen bewusst sein. Es m\u00fcsse nicht immer Russland sein, auch andere zielten darauf ab, Deutschland zu schaden. Es sei enorm wichtig, robuster zu werden, auch was die Denkweise angehe.<\/p>\n<p>Nato: Russland ab 2029 zu Gro\u00dfangriff f\u00e4hig<\/p>\n<p>Der General schloss sich damit \u00e4hnlichen Forderungen ranghoher Nato-Milit\u00e4rs an, die \u00f6ffentliche und private Akteure auf eine \u00c4ra vorbereiten wollen, in der jederzeit alles passieren k\u00f6nne. Europ\u00e4ische Streitkr\u00e4fte haben nach dem russischen Angriffskrieg gegen die Ukraine ihre Vorbereitungen auf einen m\u00f6glichen Konflikt mit Moskau verst\u00e4rkt. <\/p>\n<p>Dies geschieht angesichts von Warnungen der Nato, dass Russland ab 2029 zu einem Gro\u00dfangriff auf das B\u00fcndnisgebiet f\u00e4hig sein k\u00f6nnte. Sollfrank verwies auf das Beispiel der Ukraine, wo staatliche Funktionen auch im Krieg aufrechterhalten w\u00fcrden. &#8222;Schulen m\u00fcssen funktionieren, Gesch\u00e4fte m\u00fcssen offen sein.&#8220;<\/p>\n","protected":false},"excerpt":{"rendered":"&#8222;Wichtig f\u00fcr die Abschreckung&#8220; Bundeswehr-General schw\u00f6rt Unternehmen auf Krisenfall ein 30.10.2025, 19:31 Uhr Artikel anh\u00f6ren Diese Audioversion wurde&hellip;\n","protected":false},"author":2,"featured_media":538944,"comment_status":"","ping_status":"","sticky":false,"template":"","format":"standard","meta":{"footnotes":""},"categories":[2],"tags":[661,685,10566,29,30,13,14,15,16,307,12,10,8,9,11,55],"class_list":{"0":"post-538943","1":"post","2":"type-post","3":"status-publish","4":"format-standard","5":"has-post-thumbnail","7":"category-deutschland","8":"tag-angriff-auf-die-ukraine","9":"tag-bundeswehr","10":"tag-deutsche-verteidigungspolitik","11":"tag-deutschland","12":"tag-germany","13":"tag-headlines","14":"tag-nachrichten","15":"tag-news","16":"tag-politik","17":"tag-russland","18":"tag-schlagzeilen","19":"tag-top-news","20":"tag-top-meldungen","21":"tag-topmeldungen","22":"tag-topnews","23":"tag-wirtschaft"},"share_on_mastodon":{"url":"https:\/\/pubeurope.com\/@de\/115465684528252207","error":""},"_links":{"self":[{"href":"https:\/\/www.europesays.com\/de\/wp-json\/wp\/v2\/posts\/538943","targetHints":{"allow":["GET"]}}],"collection":[{"href":"https:\/\/www.europesays.com\/de\/wp-json\/wp\/v2\/posts"}],"about":[{"href":"https:\/\/www.europesays.com\/de\/wp-json\/wp\/v2\/types\/post"}],"author":[{"embeddable":true,"href":"https:\/\/www.europesays.com\/de\/wp-json\/wp\/v2\/users\/2"}],"replies":[{"embeddable":true,"href":"https:\/\/www.europesays.com\/de\/wp-json\/wp\/v2\/comments?post=538943"}],"version-history":[{"count":0,"href":"https:\/\/www.europesays.com\/de\/wp-json\/wp\/v2\/posts\/538943\/revisions"}],"wp:featuredmedia":[{"embeddable":true,"href":"https:\/\/www.europesays.com\/de\/wp-json\/wp\/v2\/media\/538944"}],"wp:attachment":[{"href":"https:\/\/www.europesays.com\/de\/wp-json\/wp\/v2\/media?parent=538943"}],"wp:term":[{"taxonomy":"category","embeddable":true,"href":"https:\/\/www.europesays.com\/de\/wp-json\/wp\/v2\/categories?post=538943"},{"taxonomy":"post_tag","embeddable":true,"href":"https:\/\/www.europesays.com\/de\/wp-json\/wp\/v2\/tags?post=538943"}],"curies":[{"name":"wp","href":"https:\/\/api.w.org\/{rel}","templated":true}]}}