{"id":539033,"date":"2025-10-31T00:15:31","date_gmt":"2025-10-31T00:15:31","guid":{"rendered":"https:\/\/www.europesays.com\/de\/539033\/"},"modified":"2025-10-31T00:15:31","modified_gmt":"2025-10-31T00:15:31","slug":"mainz-fan-bei-spiel-in-stuttgart-reanimiert-auf-dem-wege-der-besserung-news-ueber-den-vfb-stuttgart","status":"publish","type":"post","link":"https:\/\/www.europesays.com\/de\/539033\/","title":{"rendered":"Mainz-Fan bei Spiel in Stuttgart reanimiert: \u00abAuf dem Wege der Besserung\u00bb &#8211; News \u00fcber den VfB Stuttgart"},"content":{"rendered":"<p><strong>Stuttgart (dpa) &#8211; <\/strong> Nach dem medizinischen Notfall beim Bundesliga-Auftritt des FSV Mainz 05 in Stuttgart hat der Club die Entwarnung bekr\u00e4ftigt. Der Mainzer Fan, der am vergangenen Sonntag reanimiert werden musste, sei \u00abauf dem Wege der Besserung\u00bb, teilte der Erstligist mit.<\/p>\n<p>In der Partie der Mainzer beim VfB Stuttgart war der Fu\u00dfball-Fan mehr als 20 Minuten lang von Sanit\u00e4tern behandelt und reanimiert worden. Das Spiel war w\u00e4hrenddessen weitergelaufen, beide Lager<\/p>\n","protected":false},"excerpt":{"rendered":"Stuttgart (dpa) &#8211; Nach dem medizinischen Notfall beim Bundesliga-Auftritt des FSV Mainz 05 in Stuttgart hat der Club&hellip;\n","protected":false},"author":2,"featured_media":539034,"comment_status":"","ping_status":"","sticky":false,"template":"","format":"standard","meta":{"footnotes":""},"categories":[1830],"tags":[1634,299,3364,29,35595,347,30,4823,1756,265,1441,2915],"class_list":{"0":"post-539033","1":"post","2":"type-post","3":"status-publish","4":"format-standard","5":"has-post-thumbnail","7":"category-stuttgart","8":"tag-baden-wuerttemberg","9":"tag-bundesliga","10":"tag-de","11":"tag-deutschland","12":"tag-fsv-mainz-05","13":"tag-fussball","14":"tag-germany","15":"tag-meldung","16":"tag-rheinland-pfalz","17":"tag-sport","18":"tag-stuttgart","19":"tag-vfb-stuttgart"},"share_on_mastodon":{"url":"https:\/\/pubeurope.com\/@de\/115465900709084162","error":""},"_links":{"self":[{"href":"https:\/\/www.europesays.com\/de\/wp-json\/wp\/v2\/posts\/539033","targetHints":{"allow":["GET"]}}],"collection":[{"href":"https:\/\/www.europesays.com\/de\/wp-json\/wp\/v2\/posts"}],"about":[{"href":"https:\/\/www.europesays.com\/de\/wp-json\/wp\/v2\/types\/post"}],"author":[{"embeddable":true,"href":"https:\/\/www.europesays.com\/de\/wp-json\/wp\/v2\/users\/2"}],"replies":[{"embeddable":true,"href":"https:\/\/www.europesays.com\/de\/wp-json\/wp\/v2\/comments?post=539033"}],"version-history":[{"count":0,"href":"https:\/\/www.europesays.com\/de\/wp-json\/wp\/v2\/posts\/539033\/revisions"}],"wp:featuredmedia":[{"embeddable":true,"href":"https:\/\/www.europesays.com\/de\/wp-json\/wp\/v2\/media\/539034"}],"wp:attachment":[{"href":"https:\/\/www.europesays.com\/de\/wp-json\/wp\/v2\/media?parent=539033"}],"wp:term":[{"taxonomy":"category","embeddable":true,"href":"https:\/\/www.europesays.com\/de\/wp-json\/wp\/v2\/categories?post=539033"},{"taxonomy":"post_tag","embeddable":true,"href":"https:\/\/www.europesays.com\/de\/wp-json\/wp\/v2\/tags?post=539033"}],"curies":[{"name":"wp","href":"https:\/\/api.w.org\/{rel}","templated":true}]}}