{"id":539049,"date":"2025-10-31T00:24:31","date_gmt":"2025-10-31T00:24:31","guid":{"rendered":"https:\/\/www.europesays.com\/de\/539049\/"},"modified":"2025-10-31T00:24:31","modified_gmt":"2025-10-31T00:24:31","slug":"schiffsunfall-in-hamburg-elbbruecke-bleibt-gesperrt","status":"publish","type":"post","link":"https:\/\/www.europesays.com\/de\/539049\/","title":{"rendered":"Schiffsunfall in Hamburg: Elbbr\u00fccke bleibt gesperrt"},"content":{"rendered":"<p>&#13;<br \/>\n            Hamburg. Zwei Tage nach der Kollision eines Containerschiffes mit der Hamburger Freihafenelbbr\u00fccke ist das Ausma\u00df des Schadens weiter unklar. Die Untersuchung dauere an, teilte eine Sprecherin der Hafenverwaltung HPA mit. Die Br\u00fccke bleibe daher bis auf weiteres gesperrt.\u00a0 <\/p>\n<p>An der Absperrung warnt ein Schild der HPA: \u201eEinsturzgefahr &#8211; Betreten verboten\u201c. Diese Warnung beziehe sich aber nur auf die alte Trasse der Hafenbahn, betonte die Sprecherin. Der Bohlenbelag zwischen den Schienen sei br\u00fcchig. <\/p>\n<p>Am fr\u00fchen Dienstagmorgen hatte ein Binnenmotorschiff die Br\u00fccke gerammt und das Bauwerk besch\u00e4digt. Die \u00dcberf\u00fchrung wurde vorl\u00e4ufig f\u00fcr Fahrzeuge und Fu\u00dfg\u00e4nger gesperrt. Das Schiff hatte nach Angaben Polizei Container geladen, die gegen die Br\u00fccke stie\u00dfen. Die Ladung wurde ebenfalls besch\u00e4digt. Menschen kamen nicht zu Schaden.\u00a0 <\/p>\n<p>          &#13;<br \/>\n            Ermittlungen zur Ungl\u00fccksursache\u00a0 <\/p>\n<p>Das Schiff wollte in Richtung des Peutehafens fahren, der stromaufw\u00e4rts hinter der Br\u00fccke liegt. Die Ungl\u00fccksursache ist unklar. Es gebe keine Hinweise darauf, dass der 35 Jahre alte Kapit\u00e4n unter Alkohol- oder Drogeneinfluss gestanden habe, hie\u00df es. Die Ermittlungen dauerten an, erkl\u00e4rte eine Polizeisprecherin. <\/p>\n<p>Am Wochenende vor dem Unfall hatte es in Hamburg zwei Sturmfluten gegeben. Zum Unfallzeitpunkt am Dienstag gegen 5.00 Uhr war die Flut nach Angaben des Bundesamtes f\u00fcr Seeschifffahrt deutlich \u00fcber den vorausberechneten Wert gestiegen. Die Durchfahrtsh\u00f6he unter der Br\u00fccke ist vom Wasserstand abh\u00e4ngig. <\/p>\n<p>Br\u00fccke soll ab 2027 abgebaut und saniert werden <\/p>\n<p>Die fast 100 Jahre alte Freihafenelbbr\u00fccke f\u00fchrt parallel zu den Neuen Elbbr\u00fccken \u00fcber die Norderelbe. Sie wurde 1926 gebaut, um im damaligen Freihafen eine eigene Elbquerung zu schaffen. Sie ist sanierungsbed\u00fcrftig und darf seit vergangenem Jahr nicht mehr von Fahrzeugen mit \u00fcber 7,5 Tonnen Gewicht befahren werden. <\/p>\n<p>Der genaue Zeitplan f\u00fcr die Sanierung steht nach Angaben des Senats nicht fest und h\u00e4ngt mit dem Bau neuer Eisenbahnbr\u00fccken und einer \u00dcberf\u00fchrung f\u00fcr die Verl\u00e4ngerung der U-Bahnlinie U4 zusammen. Das denkmalgesch\u00fctzte Bauwerk mit den markanten Fachwerkb\u00f6gen soll im Zeitraum 2027 bis Anfang 2028 abgebaut werden. Geplant ist den Angaben zufolge ein Ausschwimmen der Br\u00fccke und eine Einlagerung \u00fcber mehrere Jahre. In dieser Zeit soll die Konstruktion instand gesetzt werden. Nach Fertigstellung der neuen Eisenbahnbr\u00fccken soll die Freihafenbr\u00fccke wieder eingehoben werden. <\/p>\n<p><img decoding=\"async\"   src=\"https:\/\/www.europesays.com\/de\/wp-content\/uploads\/2025\/10\/Die-Warnung-vor-der-Einsturzgefahr-bezieht-sich-nach-1166495.jpg\" title=\"Schiffsunfall in Hamburg: Elbbr\u00fccke bleibt gesperrt\" alt=\"Die Warnung vor der Einsturzgefahr bezieht sich nach Angaben der Hafenbeh\u00f6rde HPA allein auf die alte Trasse der Hafenbahn.\" class=\"img-responsive\"\/><\/p>\n<p>Die Warnung vor der Einsturzgefahr bezieht sich nach Angaben der Hafenbeh\u00f6rde HPA allein auf die alte Trasse der Hafenbahn. &#13;<br \/>\n\t\t\t\t\t\t\t\tFoto: Daniel Bockwoldt\/dpa<\/p>\n<p>  &#13;<\/p>\n<p>          &#13;<br \/>\n            <a href=\"https:\/\/www.tageblatt.de\/Nachrichten\/Schiff-rammt-Freihafenelbbruecke-Bauwerk-gesperrt-696058.html\" target=\"_blank\" rel=\"noopener\">&#13;<br \/>\n              <img decoding=\"async\" class=\"img-responsive\"   src=\"https:\/\/www.europesays.com\/de\/wp-content\/uploads\/2025\/10\/Die-Hamburger-Freihafenelbbruecke-ist-von-einem-1164497m.jpg\" loading=\"lazy\" title=\"Schiff rammt Elbbr\u00fccke \u2013 Hamburger Bauwerk f\u00fcr Verkehr gesperrt\" alt=\"Die Hamburger Freihafenelbbr\u00fccke ist von einem Binnenschiff gerammt und f\u00fcr den Autoverkehr gesperrt worden. (Archivbild)\" style=\"object-position:40.72265625% 50.043440486533462774%;\"\/>&#13;<br \/>\n            <\/a>&#13;<\/p>\n<p>    &#13;<\/p>\n<p>  &#13;<\/p>\n<p>          &#13;<br \/>\n            <a href=\"https:\/\/www.tageblatt.de\/Nachrichten\/Staugefahr-auf-A1-und-A7-Das-erwartet-Autofahrer-am-langen-Wochenende-695786.html\" target=\"_blank\" rel=\"noopener\">&#13;<br \/>\n              <img decoding=\"async\" class=\"img-responsive\"   src=\"https:\/\/www.europesays.com\/de\/wp-content\/uploads\/2025\/10\/Ein-mehrere-Kilometer-langer-Stau-hat-sich-auf-der-Autobahn-1163739m.jpg\" loading=\"lazy\" title=\"Staugefahr auf A1 und A7: Das erwartet Autofahrer am langen Wochenende\" alt=\"Ein mehrere Kilometer langer Stau hat sich auf der Autobahn A7 zwischen Hamburg und Flensburg gebildet. (Archivbild)\" style=\"object-position:49.998247059442213924% 50.043975373790672734%;\"\/>&#13;<br \/>\n            <\/a>&#13;<\/p>\n<p>    &#13;<\/p>\n","protected":false},"excerpt":{"rendered":"&#13; Hamburg. Zwei Tage nach der Kollision eines Containerschiffes mit der Hamburger Freihafenelbbr\u00fccke ist das Ausma\u00df des Schadens&hellip;\n","protected":false},"author":2,"featured_media":539050,"comment_status":"","ping_status":"","sticky":false,"template":"","format":"standard","meta":{"footnotes":""},"categories":[1826],"tags":[53635,29,30,692,5226,15617,601],"class_list":{"0":"post-539049","1":"post","2":"type-post","3":"status-publish","4":"format-standard","5":"has-post-thumbnail","7":"category-hamburg","8":"tag-brcken","9":"tag-deutschland","10":"tag-germany","11":"tag-hamburg","12":"tag-schifffahrt","13":"tag-unflle","14":"tag-verkehr"},"share_on_mastodon":{"url":"https:\/\/pubeurope.com\/@de\/115465936471032396","error":""},"_links":{"self":[{"href":"https:\/\/www.europesays.com\/de\/wp-json\/wp\/v2\/posts\/539049","targetHints":{"allow":["GET"]}}],"collection":[{"href":"https:\/\/www.europesays.com\/de\/wp-json\/wp\/v2\/posts"}],"about":[{"href":"https:\/\/www.europesays.com\/de\/wp-json\/wp\/v2\/types\/post"}],"author":[{"embeddable":true,"href":"https:\/\/www.europesays.com\/de\/wp-json\/wp\/v2\/users\/2"}],"replies":[{"embeddable":true,"href":"https:\/\/www.europesays.com\/de\/wp-json\/wp\/v2\/comments?post=539049"}],"version-history":[{"count":0,"href":"https:\/\/www.europesays.com\/de\/wp-json\/wp\/v2\/posts\/539049\/revisions"}],"wp:featuredmedia":[{"embeddable":true,"href":"https:\/\/www.europesays.com\/de\/wp-json\/wp\/v2\/media\/539050"}],"wp:attachment":[{"href":"https:\/\/www.europesays.com\/de\/wp-json\/wp\/v2\/media?parent=539049"}],"wp:term":[{"taxonomy":"category","embeddable":true,"href":"https:\/\/www.europesays.com\/de\/wp-json\/wp\/v2\/categories?post=539049"},{"taxonomy":"post_tag","embeddable":true,"href":"https:\/\/www.europesays.com\/de\/wp-json\/wp\/v2\/tags?post=539049"}],"curies":[{"name":"wp","href":"https:\/\/api.w.org\/{rel}","templated":true}]}}