{"id":539066,"date":"2025-10-31T00:34:18","date_gmt":"2025-10-31T00:34:18","guid":{"rendered":"https:\/\/www.europesays.com\/de\/539066\/"},"modified":"2025-10-31T00:34:18","modified_gmt":"2025-10-31T00:34:18","slug":"das-grosse-promi-buessen-du-bist-echt-ein-penner-unterhaltung","status":"publish","type":"post","link":"https:\/\/www.europesays.com\/de\/539066\/","title":{"rendered":"\u201eDas gro\u00dfe Promi-B\u00fc\u00dfen\u201c: \u201eDu bist echt ein Penner!\u201c | Unterhaltung"},"content":{"rendered":"<p>Steiermark (\u00d6sterreich) \u2013<b> Sie kommen eigentlich, um Reue f\u00fcr ihr Verhalten zu zeigen: Beim gro\u00dfen \u201ePromi-B\u00fc\u00dfen\u201c nimmt sich TV-Ikone Olivia Jones Realitysternchen zur Brust, die immer wieder mit grenzwertigem Verhalten f\u00fcr Aufsehen sorgten. Doch gleich zu Showbeginn kracht es!<\/b><\/p>\n<p>Zuerst verstehen sich die neuen Teilnehmer noch ganz gut. Emma Fernlund und <a href=\"https:\/\/www.bild.de\/unterhaltung\/stars-und-leute\/diogo-sangre-im-steckbrief-was-hat-er-zu-buessen-65310ec7b592c708c6b4968a\" class=\"text-link\" rel=\"nofollow noopener\" target=\"_blank\">Diogo Sangre<\/a> m\u00f6gen sich sogar mehr als nur ein wenig und fangen direkt an zu kuscheln, liegen sogar aufeinander.<\/p>\n<p><img decoding=\"async\" width=\"992\" height=\"558\" alt=\"Neues Traumpaar? Emma Fernlund (24) und Diogo Sangre (31) kommen sich bei \u201eDas gro\u00dfe Promi-B\u00fc\u00dfen\u201c n\u00e4her\" src=\"https:\/\/www.europesays.com\/de\/wp-content\/uploads\/2025\/10\/cddb8e7743aab585592fbf3003b97db9,fcc1ef6c\"   class=\"landscape\" loading=\"lazy\"\/><\/p>\n<p class=\"fig__caption__text\">Neues Traumpaar? Emma Fernlund (24) und Diogo Sangre (31) kommen sich bei \u201eDas gro\u00dfe Promi-B\u00fc\u00dfen\u201c n\u00e4her <\/p>\n<p>Foto: Joyn<\/p>\n<p><a href=\"https:\/\/www.bild.de\/unterhaltung\/stars-und-leute\/rafi-rachek-im-steckbrief-dieser-reality-star-rettet-leben-610b95399e1d5f66681e40f1\" class=\"text-link\" rel=\"nofollow noopener\" target=\"_blank\">Rafi Rachek <\/a>und <a href=\"https:\/\/www.bild.de\/unterhaltung\/stars-und-leute\/serkan-yavuz-im-steckbrief-so-turbulent-lebt-der-reality-star-privat-641192dce45cf30232bc408b\" class=\"text-link\" rel=\"nofollow noopener\" target=\"_blank\">Serkan Yazuz <\/a>kommen sich ebenfalls n\u00e4her, duschen sogar miteinander und seifen sich gegenseitig ein. Serkan denkt dabei jedoch an Rafis Partner<a href=\"https:\/\/www.bild.de\/unterhaltung\/stars-und-leute\/sam-dylan-im-steckbrief-er-liebt-das-rampenlicht-6373768fb4258a271a6fe52e\" class=\"text-link\" rel=\"nofollow noopener\" target=\"_blank\"> Sam Dylan<\/a> (40) und grinst: \u201eDer Sam darf das nicht sehen!\u201c<\/p>\n<p><img decoding=\"async\" width=\"992\" height=\"558\" alt=\"Das ist mal eine HEISSE Dusche: Serkan Yazuz (32, l.) und Rafi Rachek (35) duschen gemeinsam\" src=\"https:\/\/www.europesays.com\/de\/wp-content\/uploads\/2025\/10\/c9696079a95b625c005c328b580cdf27,4685bb2c\"   class=\"landscape\" loading=\"lazy\"\/><\/p>\n<p class=\"fig__caption__text\">Das ist mal eine HEISSE Dusche: Serkan Yazuz (32, l.) und Rafi Rachek (35) duschen gemeinsam<\/p>\n<p>Foto: Joyn<\/p>\n<p>\u201eIch krabbel\u2019 doch nicht wie ein Hund!\u201c<\/p>\n<p>Lange Gesichter gibt es jedoch nach einem Spiel: Die Verlierer sollen auf den Knien kriechen, sonst wird die ganze Gruppe bestraft. Rafis Stimmung ist direkt am Boden: \u201eIch bin doch kein Dackel. Ich krabbel\u2019 doch nicht wie ein Hund!\u201c <\/p>\n<p>Mehr zum Thema<\/p>\n<p>Trotzdem macht er vorerst mit. Als ein Obstkorb f\u00fcr die Verl\u00e4ngerung der Kriech-Aktion versprochen wird, meckert er jedoch erneut \u2013 schlie\u00dflich wisse man ja nicht, wie gro\u00df der Obstkorb am Ende ist. Tats\u00e4chlich bekommen die Bewohner gerade einmal drei \u00c4pfel, f\u00fcnf Birnen und zwei Bananen. Rachek t\u00f6nt: \u201eHat Rafi nicht recht gehabt? H\u00e4ttet ihr mal alle auf mich geh\u00f6rt!\u201c<\/p>\n<p><img decoding=\"async\" width=\"992\" height=\"1178\" alt=\"Realitystar Rafi Rachek (35) ist einer der Kandidaten, die sich in der vierten Staffel von \u201eDas gro\u00dfe Promi-B\u00fc\u00dfen\u201c f\u00fcr Dinge, die sie in der Vergangenheit getan haben, Bu\u00dfe tun sollen\" src=\"https:\/\/www.europesays.com\/de\/wp-content\/uploads\/2025\/10\/d805a891ea1cab164a077d34e01d21a8,3ea8f74e\"   class=\"portrait\" loading=\"lazy\"\/><\/p>\n<p class=\"fig__caption__text\">Reality-Star Rafi Rachek ist einer der Kandidaten, die in der vierten Staffel von \u201eDas gro\u00dfe Promi-B\u00fc\u00dfen\u201c f\u00fcr Dinge, die sie in der Vergangenheit getan haben, Bu\u00dfe tun sollen<\/p>\n<p>Foto: Joyn\/Nikola Milatovic<\/p>\n<p>Emma \u00e4tzt: \u201eDu bist echt ein Penner!\u201c<\/p>\n<p>Als er weiterkriechen soll, steht er pl\u00f6tzlich auf und l\u00e4uft auf zwei Beinen: \u201eIch muss jetzt ein, zwei Schritte gehen.\u201c Sofort meldet sich die Produktion: Es gibt eine Strafe! Wegen Racheks \u201eVergehen\u201c werden s\u00e4mtliche Bewohner aufgefordert, alle Pflegeprodukte abzugeben. <\/p>\n<p><a href=\"https:\/\/www.bild.de\/unterhaltung\/stars-und-leute\/emma-fernlund-im-steckbrief-sie-mischt-in-mehreren-tv-formaten-mit-66aa0651e5504a327206eba3\" class=\"text-link\" rel=\"nofollow noopener\" target=\"_blank\">Emma Fernlund<\/a> rei\u00dft die Hutschnur. Unter Tr\u00e4nen \u00e4tzt sie: \u201eDu bist echt ein Penner!\u201c Als Rafi wissen m\u00f6chte, warum, schimpft Fernlund: \u201eWeil du asozial bist, weil die ganze Gruppe bestraft wird!\u201c  Jetzt ist ihr Camp-Partner nicht mehr zu halten. Erst unterstellt Rachek Emma, sie wolle Aufmerksamkeit erregen, dann p\u00f6belt er los: \u201eLeck mich am Arsch, was denkst du, wer du bist? Asoziale Bratze!\u201c <\/p>\n<p><img decoding=\"async\" width=\"992\" height=\"558\" alt=\"Diese beiden werden wohl keine Freunde mehr: Emma und Rafi zoffen sich\" src=\"https:\/\/www.europesays.com\/de\/wp-content\/uploads\/2025\/10\/9601f555032a35d2605a394fae0fe761,a9075764\"   class=\"landscape\" loading=\"lazy\"\/><\/p>\n<p class=\"fig__caption__text\">Diese beiden werden wohl keine Freunde mehr: Emma und Rafi zoffen sich<\/p>\n<p>Foto: Joyn<\/p>\n<p>Dann spielt er auf Emmas ber\u00fcchtigten \u201e<a href=\"https:\/\/www.bild.de\/unterhaltung\/tv\/sommerhaus-der-stars\/sommerhaus-der-stars-alle-infos-76953850.bild.html\" class=\"text-link\" rel=\"nofollow noopener\" target=\"_blank\">Sommerhaus<\/a>\u201c-Auftritt an: \u201eSo kannst du mit deinem Ex-Freund reden, aber nicht mit mir!\u201c Als Emma schluchzend darauf hinweist, dass sie ja genau deswegen beim \u201ePromi-B\u00fc\u00dfen\u201c sei, \u00e4tzt Rafi: \u201eAber du sagst zu mir \u201aasozial\u2018\u2026 Halt\u2019 dein Maul!\u201c <\/p>\n<p><b>Da wird Olivia Jones wohl erneut ein Machtwort sprechen m\u00fcssen. <\/b><\/p>\n","protected":false},"excerpt":{"rendered":"Steiermark (\u00d6sterreich) \u2013 Sie kommen eigentlich, um Reue f\u00fcr ihr Verhalten zu zeigen: Beim gro\u00dfen \u201ePromi-B\u00fc\u00dfen\u201c nimmt sich&hellip;\n","protected":false},"author":2,"featured_media":539067,"comment_status":"","ping_status":"","sticky":false,"template":"","format":"standard","meta":{"footnotes":""},"categories":[1773],"tags":[29,214,30,116105,1307,12015,1487,471,1780,45,215],"class_list":{"0":"post-539066","1":"post","2":"type-post","3":"status-publish","4":"format-standard","5":"has-post-thumbnail","7":"category-serien","8":"tag-deutschland","9":"tag-entertainment","10":"tag-germany","11":"tag-promi-buessen","12":"tag-prosieben","13":"tag-reality-show","14":"tag-reality-stars","15":"tag-serien","16":"tag-series","17":"tag-texttospeech","18":"tag-unterhaltung"},"share_on_mastodon":{"url":"https:\/\/pubeurope.com\/@de\/115465976646396100","error":""},"_links":{"self":[{"href":"https:\/\/www.europesays.com\/de\/wp-json\/wp\/v2\/posts\/539066","targetHints":{"allow":["GET"]}}],"collection":[{"href":"https:\/\/www.europesays.com\/de\/wp-json\/wp\/v2\/posts"}],"about":[{"href":"https:\/\/www.europesays.com\/de\/wp-json\/wp\/v2\/types\/post"}],"author":[{"embeddable":true,"href":"https:\/\/www.europesays.com\/de\/wp-json\/wp\/v2\/users\/2"}],"replies":[{"embeddable":true,"href":"https:\/\/www.europesays.com\/de\/wp-json\/wp\/v2\/comments?post=539066"}],"version-history":[{"count":0,"href":"https:\/\/www.europesays.com\/de\/wp-json\/wp\/v2\/posts\/539066\/revisions"}],"wp:featuredmedia":[{"embeddable":true,"href":"https:\/\/www.europesays.com\/de\/wp-json\/wp\/v2\/media\/539067"}],"wp:attachment":[{"href":"https:\/\/www.europesays.com\/de\/wp-json\/wp\/v2\/media?parent=539066"}],"wp:term":[{"taxonomy":"category","embeddable":true,"href":"https:\/\/www.europesays.com\/de\/wp-json\/wp\/v2\/categories?post=539066"},{"taxonomy":"post_tag","embeddable":true,"href":"https:\/\/www.europesays.com\/de\/wp-json\/wp\/v2\/tags?post=539066"}],"curies":[{"name":"wp","href":"https:\/\/api.w.org\/{rel}","templated":true}]}}