{"id":539075,"date":"2025-10-31T00:39:11","date_gmt":"2025-10-31T00:39:11","guid":{"rendered":"https:\/\/www.europesays.com\/de\/539075\/"},"modified":"2025-10-31T00:39:11","modified_gmt":"2025-10-31T00:39:11","slug":"toedliche-tabletten-verkauft-polizei-nimmt-verdaechtige-nach-tod-von-robert-de-niros-enkelsohn-fest","status":"publish","type":"post","link":"https:\/\/www.europesays.com\/de\/539075\/","title":{"rendered":"T\u00f6dliche Tabletten verkauft: Polizei nimmt Verd\u00e4chtige nach Tod von Robert De Niros Enkelsohn fest"},"content":{"rendered":"<p>                    T\u00f6dliche Tabletten verkauft<br \/>\n                Polizei nimmt Verd\u00e4chtige nach Tod von Robert De Niros Enkelsohn fest<\/p>\n<p>\t\t\t\t              30.10.2025, 22:31 Uhr<\/p>\n<p>\t\t\t\t\t       Artikel anh\u00f6ren<\/p>\n<p>\t\t\t\t\t\t\tDiese Audioversion wurde k\u00fcnstlich generiert. <a href=\"https:\/\/www.n-tv.de\/23249898\" target=\"_blank\" rel=\"noopener\">Mehr Infos<\/a><\/p>\n<p><strong>Robert De Niro verliert vor zwei Jahren seinen 19 Jahre alten Enkelsohn Leonardo. Er starb an einer \u00dcberdosis Fentanyl. In New York werden nun f\u00fcnf Verd\u00e4chtige festgenommen, die t\u00f6dliche Pillen an Jugendliche verkauft haben sollen. Auch f\u00fcr weitere prominente Fentanyl-Tode seien sie verantwortlich. <\/strong><\/p>\n<p>In New York wurden am Donnerstag f\u00fcnf Personen festgenommen, die laut US-Medienberichten im Zusammenhang mit dem Tod von Teenagern durch mit Fentanyl versetzte Tabletten stehen, darunter Robert De Niros Enkel Leandro De Niro-Rodriguez. Er war das einzige Kind seiner \u00e4ltesten Tochter Drena. <\/p>\n<p>Sofia Marks, die in den Medien als &#8222;Percocet Princess&#8220; bekannt wurde, war bereits 2023 angeklagt worden, die Medikamente verkauft zu haben, die zum Tod von Leandro De Niro-Rodriguez f\u00fchrten. Die f\u00fcnf nun festgenommenen Verd\u00e4chtigen sollen Teil eines kriminellen Netzwerks gewesen sein, das Tausende gef\u00e4lschte verschreibungspflichtige Opioid-Pillen, darunter mit Fentanyl versetzte Pr\u00e4parate, an Teenager und junge Erwachsene in New York City vertrieb, <a href=\"https:\/\/abcnews.go.com\/US\/5-arrested-deaths-robert-de-niros-grandson-chris\/story?id=127019966\" rel=\"Follow noopener\" target=\"_blank\">zitiert ABC News <\/a>die Staatsanwaltschaft.<\/p>\n<p>Den Anklagen zufolge f\u00fchrten die von den Beschuldigten verteilten Fentanyl-Pillen zum Tod von drei 19-J\u00e4hrigen, darunter Leandro De Niro-Rodriguez und Akira Stein (2003-2023), Tochter von <a href=\"https:\/\/www.n-tv.de\/leute\/Debbie-Harry-ist-immer-noch-Blondie-article25871936.html\" rel=\"Follow noopener\" target=\"_blank\">Blondie<\/a>-Mitbegr\u00fcnder Chris Stein. Offiziell nennt die Anklageschrift die Namen der Opfer nicht, doch Strafverfolgungsbeh\u00f6rden best\u00e4tigten diese Angaben gegen\u00fcber ABC News.<\/p>\n<p>Leandro De Niro-Rodriguez starb am 2. Juli 2023 <a href=\"https:\/\/www.n-tv.de\/leute\/Robert-De-Niros-Enkel-starb-an-Tabletten-article24243094.html\" rel=\"Follow noopener\" target=\"_blank\">in seiner Wohnung<\/a>. Er wurde 19 Jahre alt. Seine Mutter Drena De Niro machte \u00f6ffentlich, dass ihr Sohn offenbar an einer Tabletten\u00fcberdosis gestorben war. Auf Instagram schrieb sie damals: &#8222;Jemand hat ihm mit Fentanyl versetzte Pillen verkauft. Ein Versehen war das nicht, die Dealer wussten, dass die Pillen mit dem gef\u00e4hrlichen Stoff gestreckt waren.&#8220; Leandro, der wie sein Gro\u00dfvater Robert De Niro als Schauspieler t\u00e4tig war, hatte unter anderem in &#8222;A Star is Born&#8220; aus dem Jahr 2018 mitgespielt.<\/p>\n<p>Robert De Niro <a href=\"https:\/\/www.n-tv.de\/leute\/Robert-De-Niro-erschuettert-ueber-Tod-seines-Enkels-article24235159.html\" rel=\"Follow noopener\" target=\"_blank\">reagierte ersch\u00fcttert<\/a> auf den Tod seines Enkels. Im Gespr\u00e4ch mit &#8222;People&#8220; erinnert sich der Oscarpreistr\u00e4ger daran, was damals in ihm vorging. So habe er diese Nachricht zun\u00e4chst gar nicht glauben k\u00f6nnen, als man sie ihm mitteilte: &#8222;Es war ein Schock, ich h\u00e4tte nie gedacht, dass so etwas passieren k\u00f6nnte.&#8220;<\/p>\n<p>Fentanyl-Krise in den USA<\/p>\n<p>Die Vereinigten Staaten k\u00e4mpfen seit Anfang der 2000er Jahre mit einer wachsenden Fentanyl-Krise. Das synthetische Opioid ist als eines der st\u00e4rksten Schmerzmittel der Welt bekannt &#8211; bereits zwei Milligramm k\u00f6nnen t\u00f6dlich sein. Fentanyl wird h\u00e4ufig als Streckmittel f\u00fcr illegale Drogen wie Heroin, Kokain oder Amphetamine verwendet, aber auch in Form gepresster Tabletten angeboten. Die Droge ist geruchlos, billig und leicht erh\u00e4ltlich, was das Risiko f\u00fcr unbeabsichtigte \u00dcberdosierungen enorm erh\u00f6ht.<\/p>\n<p>Prominente Todesf\u00e4lle durch Fentanyl unterstreichen die Gef\u00e4hrlichkeit: Rapper Coolio (1963-2022), Schauspielerin Anne Heche (1969-2022) und Frank Vallelonga Jr. (1962-2022) starben nach Einnahme von Fentanyl. Der Fall des Todes von Rapper Mac Miller (1992-2018) zeigt die H\u00e4rte der Strafen f\u00fcr Dealer: Der Mann, der ihm die Droge verkauft hatte, erhielt eine Haftstrafe von fast elf Jahren.<\/p>\n","protected":false},"excerpt":{"rendered":"T\u00f6dliche Tabletten verkauft Polizei nimmt Verd\u00e4chtige nach Tod von Robert De Niros Enkelsohn fest 30.10.2025, 22:31 Uhr Artikel&hellip;\n","protected":false},"author":2,"featured_media":539076,"comment_status":"","ping_status":"","sticky":false,"template":"","format":"standard","meta":{"footnotes":""},"categories":[155],"tags":[29,433,214,30,683,984,1584,944,121,69143,215,64],"class_list":{"0":"post-539075","1":"post","2":"type-post","3":"status-publish","4":"format-standard","5":"has-post-thumbnail","7":"category-unterhaltung","8":"tag-deutschland","9":"tag-drogen","10":"tag-entertainment","11":"tag-germany","12":"tag-hollywood","13":"tag-international","14":"tag-kriminalitaet","15":"tag-new-york","16":"tag-polizei","17":"tag-robert-de-niro","18":"tag-unterhaltung","19":"tag-usa"},"share_on_mastodon":{"url":"https:\/\/pubeurope.com\/@de\/115465995299890273","error":""},"_links":{"self":[{"href":"https:\/\/www.europesays.com\/de\/wp-json\/wp\/v2\/posts\/539075","targetHints":{"allow":["GET"]}}],"collection":[{"href":"https:\/\/www.europesays.com\/de\/wp-json\/wp\/v2\/posts"}],"about":[{"href":"https:\/\/www.europesays.com\/de\/wp-json\/wp\/v2\/types\/post"}],"author":[{"embeddable":true,"href":"https:\/\/www.europesays.com\/de\/wp-json\/wp\/v2\/users\/2"}],"replies":[{"embeddable":true,"href":"https:\/\/www.europesays.com\/de\/wp-json\/wp\/v2\/comments?post=539075"}],"version-history":[{"count":0,"href":"https:\/\/www.europesays.com\/de\/wp-json\/wp\/v2\/posts\/539075\/revisions"}],"wp:featuredmedia":[{"embeddable":true,"href":"https:\/\/www.europesays.com\/de\/wp-json\/wp\/v2\/media\/539076"}],"wp:attachment":[{"href":"https:\/\/www.europesays.com\/de\/wp-json\/wp\/v2\/media?parent=539075"}],"wp:term":[{"taxonomy":"category","embeddable":true,"href":"https:\/\/www.europesays.com\/de\/wp-json\/wp\/v2\/categories?post=539075"},{"taxonomy":"post_tag","embeddable":true,"href":"https:\/\/www.europesays.com\/de\/wp-json\/wp\/v2\/tags?post=539075"}],"curies":[{"name":"wp","href":"https:\/\/api.w.org\/{rel}","templated":true}]}}