{"id":539108,"date":"2025-10-31T00:56:20","date_gmt":"2025-10-31T00:56:20","guid":{"rendered":"https:\/\/www.europesays.com\/de\/539108\/"},"modified":"2025-10-31T00:56:20","modified_gmt":"2025-10-31T00:56:20","slug":"masernausbruch-in-karlsruhe-16-menschen-erkrankt-baden-wuerttemberg","status":"publish","type":"post","link":"https:\/\/www.europesays.com\/de\/539108\/","title":{"rendered":"Masernausbruch in Karlsruhe &#8211; 16 Menschen erkrankt &#8211; Baden-W\u00fcrttemberg"},"content":{"rendered":"<p>Karlsruhe (dpa) &#8211; Wegen eines Masernausbruchs ist es Mitgliedern des Christlichen Zentrums Karlsruhe (CZK) sowie Besuchern ab sofort verboten, an CZK-Veranstaltungen teilzunehmen. Das gab die Stadt Karlsruhe im Rahmen einer Allgemeinverf\u00fcgung bekannt. Mittlerweile seien 16 Menschen in f\u00fcnf Familien der Freikirchen-Gemeinde an Masern erkrankt, hie\u00df es weiter. \u00abDer Krankheitsausbruch konnte bisher nicht gestoppt werden.\u00bb.\u00a0<\/p>\n<p>Verf\u00fcgung gilt mehrere Wochen<\/p>\n<p>Die Verf\u00fcgung gilt bis<\/p>\n","protected":false},"excerpt":{"rendered":"Karlsruhe (dpa) &#8211; Wegen eines Masernausbruchs ist es Mitgliedern des Christlichen Zentrums Karlsruhe (CZK) sowie Besuchern ab sofort&hellip;\n","protected":false},"author":2,"featured_media":539109,"comment_status":"","ping_status":"","sticky":false,"template":"","format":"standard","meta":{"footnotes":""},"categories":[1844],"tags":[1634,3364,29,30,141,8903,288,4823,7490],"class_list":{"0":"post-539108","1":"post","2":"type-post","3":"status-publish","4":"format-standard","5":"has-post-thumbnail","7":"category-karlsruhe","8":"tag-baden-wuerttemberg","9":"tag-de","10":"tag-deutschland","11":"tag-germany","12":"tag-gesundheit","13":"tag-karlsruhe","14":"tag-krankheit","15":"tag-meldung","16":"tag-vermischtes"},"share_on_mastodon":{"url":"https:\/\/pubeurope.com\/@de\/115466062321662185","error":""},"_links":{"self":[{"href":"https:\/\/www.europesays.com\/de\/wp-json\/wp\/v2\/posts\/539108","targetHints":{"allow":["GET"]}}],"collection":[{"href":"https:\/\/www.europesays.com\/de\/wp-json\/wp\/v2\/posts"}],"about":[{"href":"https:\/\/www.europesays.com\/de\/wp-json\/wp\/v2\/types\/post"}],"author":[{"embeddable":true,"href":"https:\/\/www.europesays.com\/de\/wp-json\/wp\/v2\/users\/2"}],"replies":[{"embeddable":true,"href":"https:\/\/www.europesays.com\/de\/wp-json\/wp\/v2\/comments?post=539108"}],"version-history":[{"count":0,"href":"https:\/\/www.europesays.com\/de\/wp-json\/wp\/v2\/posts\/539108\/revisions"}],"wp:featuredmedia":[{"embeddable":true,"href":"https:\/\/www.europesays.com\/de\/wp-json\/wp\/v2\/media\/539109"}],"wp:attachment":[{"href":"https:\/\/www.europesays.com\/de\/wp-json\/wp\/v2\/media?parent=539108"}],"wp:term":[{"taxonomy":"category","embeddable":true,"href":"https:\/\/www.europesays.com\/de\/wp-json\/wp\/v2\/categories?post=539108"},{"taxonomy":"post_tag","embeddable":true,"href":"https:\/\/www.europesays.com\/de\/wp-json\/wp\/v2\/tags?post=539108"}],"curies":[{"name":"wp","href":"https:\/\/api.w.org\/{rel}","templated":true}]}}