{"id":539112,"date":"2025-10-31T00:58:11","date_gmt":"2025-10-31T00:58:11","guid":{"rendered":"https:\/\/www.europesays.com\/de\/539112\/"},"modified":"2025-10-31T00:58:11","modified_gmt":"2025-10-31T00:58:11","slug":"rapper-sean-combs-in-ein-gefaengnis-in-new-jersey-verlegt","status":"publish","type":"post","link":"https:\/\/www.europesays.com\/de\/539112\/","title":{"rendered":"Rapper Sean Combs in ein Gef\u00e4ngnis in New Jersey verlegt"},"content":{"rendered":"<p>New York (dpa) &#8211; Der US-Rapper Sean Combs ist in eine andere Haftanstalt verlegt worden. Der 55-J\u00e4hrige sei nun in dem Bundesgef\u00e4ngnis Fort Dix im US-Staat New Jersey untergebracht, teilte eine Sprecherin der Gef\u00e4ngnisbeh\u00f6rde laut der \u00abNew York Times\u00bb mit. Der Musiker war Anfang Oktober in Zusammenhang mit Prostitution zu einer Gef\u00e4ngnisstrafe von vier Jahren und zwei Monaten sowie einer Geldstrafe verurteilt worden. Eine Jury hatte ihn im Juli f\u00fcr schuldig befunden. Seit seiner Festnahme im September 2024 sa\u00df er im Metropolitan Detention Center in Brooklyn hinter Gittern.\u00a0<\/p>\n<p>Entzugsprogramme<\/p>\n<p>Combs&#8216; Anw\u00e4lte hatten sich f\u00fcr die Verlegung des Rappers von New York nach New Jersey starkgemacht. Fort Dix liegt knapp 70 Kilometer \u00f6stlich von Philadelphia. Die Einrichtung biete Programme zum Drogenentzug an, machten die Anw\u00e4lte geltend. Zudem k\u00e4me sie Besuchen seiner Familie entgegen. Laut Beschreibung auf der Beh\u00f6rdenwebseite sind dort mehr als 4.000 H\u00e4ftlinge untergebracht.\u00a0<\/p>\n<p>Schwere Vorw\u00fcrfe<\/p>\n<p>Die Staatsanwaltschaft hatte Combs vorgeworfen, \u00fcber Jahre hinweg Frauen missbraucht, bedroht und gen\u00f6tigt zu haben, seine sexuellen W\u00fcnsche zu erf\u00fcllen. Der 1969 im New Yorker Stadtteil Harlem geborene Musiker, der mit Hits wie \u00abI&#8217;ll Be Missing You\u00bb und \u00abBad Boy For Life\u00bb in den vergangenen Jahrzehnten zu den erfolgreichsten Rappern der Welt geh\u00f6rte, hatte auf nicht schuldig pl\u00e4diert.\u00a0<\/p>\n<p>Die Staatsanwaltschaft strebte nach dem Schuldspruch eine Haftstrafe von gut elf Jahren an, die Verteidigung eine H\u00f6chststrafe von 14 Monaten. Combs&#8216; Anw\u00e4lte haben Berufung eingelegt. Die bereits in Brooklyn verb\u00fc\u00dfte Zeit wird dem Rapper angerechnet. Die Beh\u00f6rde gibt derzeit Mai 2028 als Datum f\u00fcr die Freilassung an.<\/p>\n","protected":false},"excerpt":{"rendered":"New York (dpa) &#8211; Der US-Rapper Sean Combs ist in eine andere Haftanstalt verlegt worden. Der 55-J\u00e4hrige sei&hellip;\n","protected":false},"author":2,"featured_media":539113,"comment_status":"","ping_status":"","sticky":false,"template":"","format":"standard","meta":{"footnotes":""},"categories":[1843],"tags":[3364,29,30,177,2549,8970,810,1209,2283,11747,64],"class_list":{"0":"post-539112","1":"post","2":"type-post","3":"status-publish","4":"format-standard","5":"has-post-thumbnail","7":"category-muenster","8":"tag-de","9":"tag-deutschland","10":"tag-germany","11":"tag-kriminalitt","12":"tag-leute","13":"tag-muenster","14":"tag-musik","15":"tag-nordrhein-westfalen","16":"tag-prozess-gericht","17":"tag-urteile","18":"tag-usa"},"share_on_mastodon":{"url":"https:\/\/pubeurope.com\/@de\/115466070727878477","error":""},"_links":{"self":[{"href":"https:\/\/www.europesays.com\/de\/wp-json\/wp\/v2\/posts\/539112","targetHints":{"allow":["GET"]}}],"collection":[{"href":"https:\/\/www.europesays.com\/de\/wp-json\/wp\/v2\/posts"}],"about":[{"href":"https:\/\/www.europesays.com\/de\/wp-json\/wp\/v2\/types\/post"}],"author":[{"embeddable":true,"href":"https:\/\/www.europesays.com\/de\/wp-json\/wp\/v2\/users\/2"}],"replies":[{"embeddable":true,"href":"https:\/\/www.europesays.com\/de\/wp-json\/wp\/v2\/comments?post=539112"}],"version-history":[{"count":0,"href":"https:\/\/www.europesays.com\/de\/wp-json\/wp\/v2\/posts\/539112\/revisions"}],"wp:featuredmedia":[{"embeddable":true,"href":"https:\/\/www.europesays.com\/de\/wp-json\/wp\/v2\/media\/539113"}],"wp:attachment":[{"href":"https:\/\/www.europesays.com\/de\/wp-json\/wp\/v2\/media?parent=539112"}],"wp:term":[{"taxonomy":"category","embeddable":true,"href":"https:\/\/www.europesays.com\/de\/wp-json\/wp\/v2\/categories?post=539112"},{"taxonomy":"post_tag","embeddable":true,"href":"https:\/\/www.europesays.com\/de\/wp-json\/wp\/v2\/tags?post=539112"}],"curies":[{"name":"wp","href":"https:\/\/api.w.org\/{rel}","templated":true}]}}