{"id":539118,"date":"2025-10-31T01:01:31","date_gmt":"2025-10-31T01:01:31","guid":{"rendered":"https:\/\/www.europesays.com\/de\/539118\/"},"modified":"2025-10-31T01:01:31","modified_gmt":"2025-10-31T01:01:31","slug":"pendlerstadt-wuppertal-radio-wuppertal","status":"publish","type":"post","link":"https:\/\/www.europesays.com\/de\/539118\/","title":{"rendered":"Pendlerstadt Wuppertal &#8211; Radio Wuppertal"},"content":{"rendered":"<p class=\"small date article__date\">Ver\u00f6ffentlicht:\u00a0Donnerstag, 30.10.2025 17:12<\/p>\n<p>Ein Drittel der Menschen, die in Wuppertal arbeiten, wohnt in einer anderen Stadt. Das zeigen die Zahlen f\u00fcr 2024. Knapp 64.367 Menschen pendeln f\u00fcr den Job nach Wuppertal. Etwas mehr Wuppertalerinnen und Wuppertaler fahren f\u00fcr ihre Arbeit aus der Stadt raus. <\/p>\n<p>66.979 Menschen aus Wuppertal pendeln jeden Tag in umliegende St\u00e4dte, zeigt die Statistik. Damit liegt die sogenannte Auspendelquote bei rund 38 Prozent. Die Landesstatistiker haben sich noch ein bisschen intensiver mit der Pendelei zum Job besch\u00e4ftigt. Sieben von zehn Erwerbst\u00e4tigen nutzen am liebsten das Auto, um zur Arbeit zu fahren. 14 Prozent nutzen den \u00d6PNV mit Bahn, Bus und Schwebebahn. Nur jeder Zehnte gab ab, mit dem Fahrrad zur Arbeit zu fahren.<\/p>\n<p><img decoding=\"async\" alt=\"\" src=\"https:\/\/www.europesays.com\/de\/wp-content\/uploads\/2025\/10\/alter-markt-barmen-verkehr-kreuzung-quelle-achim-otto.jpeg&#038;crop=127x0x3912x2445&#038;resize=1280x800&#038;dt=2.jpeg\" data-size=\"1280x800\"\/>\u00a9 Achim Otto<\/p>\n","protected":false},"excerpt":{"rendered":"Ver\u00f6ffentlicht:\u00a0Donnerstag, 30.10.2025 17:12 Ein Drittel der Menschen, die in Wuppertal arbeiten, wohnt in einer anderen Stadt. Das zeigen&hellip;\n","protected":false},"author":2,"featured_media":539119,"comment_status":"","ping_status":"","sticky":false,"template":"","format":"standard","meta":{"footnotes":""},"categories":[1840],"tags":[3275,3364,29,30,1209,4418],"class_list":{"0":"post-539118","1":"post","2":"type-post","3":"status-publish","4":"format-standard","5":"has-post-thumbnail","7":"category-wuppertal","8":"tag-lokalnachrichten","9":"tag-de","10":"tag-deutschland","11":"tag-germany","12":"tag-nordrhein-westfalen","13":"tag-wuppertal"},"share_on_mastodon":{"url":"https:\/\/pubeurope.com\/@de\/115466082113218527","error":""},"_links":{"self":[{"href":"https:\/\/www.europesays.com\/de\/wp-json\/wp\/v2\/posts\/539118","targetHints":{"allow":["GET"]}}],"collection":[{"href":"https:\/\/www.europesays.com\/de\/wp-json\/wp\/v2\/posts"}],"about":[{"href":"https:\/\/www.europesays.com\/de\/wp-json\/wp\/v2\/types\/post"}],"author":[{"embeddable":true,"href":"https:\/\/www.europesays.com\/de\/wp-json\/wp\/v2\/users\/2"}],"replies":[{"embeddable":true,"href":"https:\/\/www.europesays.com\/de\/wp-json\/wp\/v2\/comments?post=539118"}],"version-history":[{"count":0,"href":"https:\/\/www.europesays.com\/de\/wp-json\/wp\/v2\/posts\/539118\/revisions"}],"wp:featuredmedia":[{"embeddable":true,"href":"https:\/\/www.europesays.com\/de\/wp-json\/wp\/v2\/media\/539119"}],"wp:attachment":[{"href":"https:\/\/www.europesays.com\/de\/wp-json\/wp\/v2\/media?parent=539118"}],"wp:term":[{"taxonomy":"category","embeddable":true,"href":"https:\/\/www.europesays.com\/de\/wp-json\/wp\/v2\/categories?post=539118"},{"taxonomy":"post_tag","embeddable":true,"href":"https:\/\/www.europesays.com\/de\/wp-json\/wp\/v2\/tags?post=539118"}],"curies":[{"name":"wp","href":"https:\/\/api.w.org\/{rel}","templated":true}]}}