{"id":539311,"date":"2025-10-31T02:59:16","date_gmt":"2025-10-31T02:59:16","guid":{"rendered":"https:\/\/www.europesays.com\/de\/539311\/"},"modified":"2025-10-31T02:59:16","modified_gmt":"2025-10-31T02:59:16","slug":"feuerwehreinsatz-in-esslingen-wohnung-nach-brand-in-mehrfamilienhaus-nicht-mehr-bewohnbar-news","status":"publish","type":"post","link":"https:\/\/www.europesays.com\/de\/539311\/","title":{"rendered":"Feuerwehreinsatz in Esslingen: Wohnung nach Brand in Mehrfamilienhaus nicht mehr bewohnbar &#8211; News"},"content":{"rendered":"<p>\t\t\t\t\t\t\t\t\t\t\t\t\t\t\t\t\t\t\t\t\t\t\t\t\t\t\t\t\t\t\t\t\t\t\t\t   \t\t\t\t\t \t\t\t\t   \t      \t\t\t\t   <img decoding=\"async\" id=\"article-image\" fetchpriority=\"high\" alt=\"Feuerwehreinsatz in Esslingen: Wohnung nach Brand in Mehrfamilienhaus nicht mehr bewohnbar\" title=\"Feuerwehreinsatz in Esslingen: Wohnung nach Brand in Mehrfamilienhaus nicht mehr bewohnbar\" src=\"https:\/\/www.europesays.com\/de\/wp-content\/uploads\/2025\/10\/media.media.7e17b751-c7c3-42a6-813c-8b04c0139c27.original700.jpg\" data-linkto=\"https:\/\/www.esslinger-zeitung.de\/javascript:void(0);\"\/>\t\t\t\t\t\t\t\t\t\t\t\t\t\t\t\t\t\t\t\t\t\t\t\tDank des schnellen Eingreifens der Feuerwehr wurde Schlimmeres verhindert.\u00a0Foto: dpa\t\t\t<\/p>\n<p>Am Donnerstagmorgen wurde die Feuerwehr in den Esslinger Stadtteil Zollberg gerufen. Verletzt wurde niemand. Die Polizei hat die Ermittlungen zur Brandursache aufgenommen.<\/p>\n<p>Zu einem <a href=\"https:\/\/www.esslinger-zeitung.de\/thema\/Brand\" title=\"Brand\" class=\"art_thema\" target=\"_blank\" rel=\"noopener\">Brand<\/a> in einer Wohnung eines Mehrfamilienhauses in der Hohenstaufenstra\u00dfe im Esslinger Stadtteil Zollberg sind die Einsatzkr\u00e4fte am Donnerstagmorgen ausger\u00fcckt. Nach Angaben der <a href=\"https:\/\/www.esslinger-zeitung.de\/thema\/Polizei\" title=\"Polizei\" class=\"art_thema\" target=\"_blank\" rel=\"noopener\">Polizei<\/a> wurde niemand verletzt. Der entstandene Sachschaden d\u00fcrfte sich ersten Sch\u00e4tzungen zufolge auf mehrere zehntausend Euro belaufen.<\/p>\n<p>Wie die Polizei berichtet, war es gegen 8.50 Uhr im Schlafzimmer der Wohnung zu einem Brand gekommen, der sich auf das umliegende Inventar ausgeweitet hatte. Die <a href=\"https:\/\/www.esslinger-zeitung.de\/thema\/Feuerwehr\" title=\"Feuerwehr\" class=\"art_thema\" target=\"_blank\" rel=\"noopener\">Feuerwehr<\/a>, die mit sechs Fahrzeugen und 24 Feuerwehrleuten im Einsatz war, hatte das Feuer jedoch schnell unter Kontrolle. Ein \u00dcbergreifen der Flammen auf die anderen R\u00e4ume konnte verhindert werden.<\/p>\n<p>Als Brandursache wird ein technischer Defekt vermutet <\/p>\n<p>Die betroffene Wohnung ist laut der Polizei aufgrund von Ru\u00df, Asche und anderen Ablagerungen, die durch den Rauchgasniederschlag entstanden sind, derzeit unbewohnbar. Die umliegenden Wohnungen konnten hingegen wieder betreten werden.<\/p>\n<p>Als m\u00f6gliche Brandursache wird ein technischer Defekt\u00a0an einer Mehrfachsteckdose oder den Batterien einer Fernbedienung vermutet. Der Polizeiposten <a href=\"https:\/\/www.esslinger-zeitung.de\/thema\/Esslingen\" title=\"Esslingen\" class=\"art_thema\" target=\"_blank\" rel=\"noopener\">Esslingen<\/a> Berkheim-Zollberg hat die Ermittlungen aufgenommen.<\/p>\n","protected":false},"excerpt":{"rendered":"Dank des schnellen Eingreifens der Feuerwehr wurde Schlimmeres verhindert.\u00a0Foto: dpa Am Donnerstagmorgen wurde die Feuerwehr in den Esslinger&hellip;\n","protected":false},"author":2,"featured_media":539312,"comment_status":"","ping_status":"","sticky":false,"template":"","format":"standard","meta":{"footnotes":""},"categories":[1830],"tags":[1634,2919,3364,29,3439,985,30,121,1441,55505],"class_list":{"0":"post-539311","1":"post","2":"type-post","3":"status-publish","4":"format-standard","5":"has-post-thumbnail","7":"category-stuttgart","8":"tag-baden-wuerttemberg","9":"tag-brand","10":"tag-de","11":"tag-deutschland","12":"tag-esslingen","13":"tag-feuerwehr","14":"tag-germany","15":"tag-polizei","16":"tag-stuttgart","17":"tag-zollberg"},"share_on_mastodon":{"url":"https:\/\/pubeurope.com\/@de\/115466546072995375","error":""},"_links":{"self":[{"href":"https:\/\/www.europesays.com\/de\/wp-json\/wp\/v2\/posts\/539311","targetHints":{"allow":["GET"]}}],"collection":[{"href":"https:\/\/www.europesays.com\/de\/wp-json\/wp\/v2\/posts"}],"about":[{"href":"https:\/\/www.europesays.com\/de\/wp-json\/wp\/v2\/types\/post"}],"author":[{"embeddable":true,"href":"https:\/\/www.europesays.com\/de\/wp-json\/wp\/v2\/users\/2"}],"replies":[{"embeddable":true,"href":"https:\/\/www.europesays.com\/de\/wp-json\/wp\/v2\/comments?post=539311"}],"version-history":[{"count":0,"href":"https:\/\/www.europesays.com\/de\/wp-json\/wp\/v2\/posts\/539311\/revisions"}],"wp:featuredmedia":[{"embeddable":true,"href":"https:\/\/www.europesays.com\/de\/wp-json\/wp\/v2\/media\/539312"}],"wp:attachment":[{"href":"https:\/\/www.europesays.com\/de\/wp-json\/wp\/v2\/media?parent=539311"}],"wp:term":[{"taxonomy":"category","embeddable":true,"href":"https:\/\/www.europesays.com\/de\/wp-json\/wp\/v2\/categories?post=539311"},{"taxonomy":"post_tag","embeddable":true,"href":"https:\/\/www.europesays.com\/de\/wp-json\/wp\/v2\/tags?post=539311"}],"curies":[{"name":"wp","href":"https:\/\/api.w.org\/{rel}","templated":true}]}}