{"id":539497,"date":"2025-10-31T04:55:13","date_gmt":"2025-10-31T04:55:13","guid":{"rendered":"https:\/\/www.europesays.com\/de\/539497\/"},"modified":"2025-10-31T04:55:13","modified_gmt":"2025-10-31T04:55:13","slug":"pfeifgeraeusche-bei-airpods-pro-3-aergern-nutzer-leben-wissen","status":"publish","type":"post","link":"https:\/\/www.europesays.com\/de\/539497\/","title":{"rendered":"Pfeifger\u00e4usche bei AirPods Pro 3 \u00e4rgern Nutzer | Leben &#038; Wissen"},"content":{"rendered":"<p> An dieser Stelle findest du den Text-to-Speech Player<\/p>\n<p> Um den TTS Player darzustellen, brauchen wir deine Zustimmung. <\/p>\n<p> externen Inhalt aktivieren  Um eingebettete Inhalte anzuzeigen, ist Ihre jederzeit widerrufliche Einwilligung (\u00fcber den Schalter oder \u00fcber &#8220; <a class=\"embed-placeholder__text-link\" href=\"#\" rel=\"noopener noreferrer\" title=\"Tracking widerrufen\"> Widerruf Tracking und Cookies<\/a> &#8220; am Seitenende) zur Verarbeitung personenbezogener Daten n\u00f6tig.  Dabei k\u00f6nnen Daten in Drittl\u00e4nder wie die USA \u00fcbermittelt werden (Art. 49 Abs. 1 lit. a DSGVO). Mit dem Aktivieren des Inhalts stimmen Sie zu. Weitere Infos finden Sie <a class=\"embed-placeholder__text-link\" href=\"#\" rel=\"noopener noreferrer\" title=\"Zu den Privatsph\u00e4re Einstellungen\"> hier<\/a>. <\/p>\n<p data-suggestion-id=\"suggestions-0-339\"><b>Die neuen AirPods Pro 3 sollen eigentlich f\u00fcr makellosen Sound und Ruhe sorgen. Doch zahlreiche K\u00e4ufer berichten von einem nervigen Pfeifton. Dabei ist die Rede von hohen, teils schrillen T\u00f6nen. <\/b><\/p>\n<p>Ursache weiter ein R\u00e4tsel<\/p>\n<p data-suggestion-id=\"suggestions-0-339\">Diese treten laut Nutzerberichten bei <a href=\"https:\/\/www.reddit.com\/r\/airpods\/comments\/1nla4s8\/whistling_sound_in_airpods_pro_3\/\" target=\"_blank\" rel=\"nofollow noopener\" class=\"text-link--external text-link\">Reddit<\/a> h\u00e4ufig beim Einsetzen, Anpassen oder Ber\u00fchren der Ohrh\u00f6rer auf. Manche h\u00f6ren das Pfeifen nur auf einer Seite, andere auf beiden \u2013 unabh\u00e4ngig davon, ob der Transparenzmodus oder die aktive Ger\u00e4uschunterdr\u00fcckung aktiviert ist.<\/p>\n<p data-suggestion-id=\"suggestions-339-678\">Bislang gibt es keine eindeutige Erkl\u00e4rung f\u00fcr das Ph\u00e4nomen. Nutzer vermuten, dass die \u00fcberarbeitete Noise-Cancelling-Technologie oder ein unvollst\u00e4ndiger Druckausgleich im Ohr zu akustischen R\u00fcckkopplungen f\u00fchrt. Auch Resonanzen durch besonders dichten Sitz der Ohrst\u00f6psel gelten als m\u00f6gliche Ursache. <a href=\"https:\/\/www.bild.de\/digital\/multimedia\/apple\/apple-alle-infos-78214506.bild.html\" class=\"text-link\" target=\"_blank\" rel=\"noopener\">Apple<\/a> selbst hat bisher keine Stellung zu den Berichten genommen.<\/p>\n<p>Hoffnung auf Softwarel\u00f6sung<\/p>\n<p data-suggestion-id=\"suggestions-678-1017\">Viele Betroffene hoffen auf ein Firmware-Update, das das Pfeifen beseitigt. Wann ein solches erscheinen k\u00f6nnte, ist unklar. In der Zwischenzeit berichten einige Nutzer von kleinen Erfolgen durch das Wechseln der Ohrpassst\u00fccke, das Neupositionieren der AirPods oder ein Zur\u00fccksetzen der Ger\u00e4te. Sollte das Problem fortbestehen, bleibt als letzter Schritt meist nur der Austausch \u00fcber die Garantie oder eine R\u00fcckgabe.<\/p>\n","protected":false},"excerpt":{"rendered":"An dieser Stelle findest du den Text-to-Speech Player Um den TTS Player darzustellen, brauchen wir deine Zustimmung. externen&hellip;\n","protected":false},"author":2,"featured_media":539498,"comment_status":"","ping_status":"","sticky":false,"template":"","format":"standard","meta":{"footnotes":""},"categories":[135],"tags":[231,29,30,111967,30300,132106,190,189,194,191,45,193,192],"class_list":{"0":"post-539497","1":"post","2":"type-post","3":"status-publish","4":"format-standard","5":"has-post-thumbnail","7":"category-wissenschaft-technik","8":"tag-apple","9":"tag-deutschland","10":"tag-germany","11":"tag-ki-cobi","12":"tag-kopfhoerer","13":"tag-noise-cancelling-kopfhoerer","14":"tag-science","15":"tag-science-technology","16":"tag-technik","17":"tag-technology","18":"tag-texttospeech","19":"tag-wissenschaft","20":"tag-wissenschaft-technik"},"share_on_mastodon":{"url":"https:\/\/pubeurope.com\/@de\/115467001791445393","error":""},"_links":{"self":[{"href":"https:\/\/www.europesays.com\/de\/wp-json\/wp\/v2\/posts\/539497","targetHints":{"allow":["GET"]}}],"collection":[{"href":"https:\/\/www.europesays.com\/de\/wp-json\/wp\/v2\/posts"}],"about":[{"href":"https:\/\/www.europesays.com\/de\/wp-json\/wp\/v2\/types\/post"}],"author":[{"embeddable":true,"href":"https:\/\/www.europesays.com\/de\/wp-json\/wp\/v2\/users\/2"}],"replies":[{"embeddable":true,"href":"https:\/\/www.europesays.com\/de\/wp-json\/wp\/v2\/comments?post=539497"}],"version-history":[{"count":0,"href":"https:\/\/www.europesays.com\/de\/wp-json\/wp\/v2\/posts\/539497\/revisions"}],"wp:featuredmedia":[{"embeddable":true,"href":"https:\/\/www.europesays.com\/de\/wp-json\/wp\/v2\/media\/539498"}],"wp:attachment":[{"href":"https:\/\/www.europesays.com\/de\/wp-json\/wp\/v2\/media?parent=539497"}],"wp:term":[{"taxonomy":"category","embeddable":true,"href":"https:\/\/www.europesays.com\/de\/wp-json\/wp\/v2\/categories?post=539497"},{"taxonomy":"post_tag","embeddable":true,"href":"https:\/\/www.europesays.com\/de\/wp-json\/wp\/v2\/tags?post=539497"}],"curies":[{"name":"wp","href":"https:\/\/api.w.org\/{rel}","templated":true}]}}