{"id":539536,"date":"2025-10-31T05:15:20","date_gmt":"2025-10-31T05:15:20","guid":{"rendered":"https:\/\/www.europesays.com\/de\/539536\/"},"modified":"2025-10-31T05:15:20","modified_gmt":"2025-10-31T05:15:20","slug":"nach-messerattacke-auf-fans-belohnung-ausgesetzt","status":"publish","type":"post","link":"https:\/\/www.europesays.com\/de\/539536\/","title":{"rendered":"Nach Messerattacke auf Fans \u2013 Belohnung ausgesetzt"},"content":{"rendered":"<p>\t\tNach Messerangriff auf Arminia-Fans<br \/>\n\t\t\t\t\tPolizei Bielefeld bittet um Hinweise zu Handys<\/p>\n<p>    <a href=\"https:\/\/www.ruhrnachrichten.de\/wp-content\/uploads\/2025\/10\/30\/20\/630_0900_5253239_-1648x824.jpg?last_import=1761858105\" rel=\"nofollow noopener\" target=\"_blank\"><\/p>\n<p>            <img loading=\"lazy\" decoding=\"async\" src=\"https:\/\/www.europesays.com\/de\/wp-content\/uploads\/2025\/10\/630_0900_5253233_-640x426.jpg\" width=\"640\" height=\"426\"  alt=\"\"\/><\/p>\n<p>    <\/a><br \/>\n    Kurz nach dem Angriff in Bielefeld wurde der mutma\u00dfliche T\u00e4ter in Karlsruhe einem Haftrichter vorgef\u00fchrt. Hier tragen Polizisten Akten vom Helikopter zu einem Fahrzeug. (Archivbild) \u00a9 Philipp von Ditfurth\/dpa<\/p>\n<p class=\"article__teaser-text\">Nach dem Messerangriff auf Arminia-Fans in Bielefeld sucht die Polizei nach zwei Handys des mutma\u00dflichen T\u00e4ters.<\/p>\n<p>1 Min Lesezeit<\/p>\n<p>Erster Haftbefehl wegen versuchten Mordes<\/p>\n","protected":false},"excerpt":{"rendered":"Nach Messerangriff auf Arminia-Fans Polizei Bielefeld bittet um Hinweise zu Handys Kurz nach dem Angriff in Bielefeld wurde&hellip;\n","protected":false},"author":2,"featured_media":539537,"comment_status":"","ping_status":"","sticky":false,"template":"","format":"standard","meta":{"footnotes":""},"categories":[1841],"tags":[132115,1605,3364,29,30,1209,3826],"class_list":{"0":"post-539536","1":"post","2":"type-post","3":"status-publish","4":"format-standard","5":"has-post-thumbnail","7":"category-bielefeld","8":"tag-belohnung-ausgesetzt","9":"tag-bielefeld","10":"tag-de","11":"tag-deutschland","12":"tag-germany","13":"tag-nordrhein-westfalen","14":"tag-sicherheit-kriminalitaet"},"share_on_mastodon":{"url":"https:\/\/pubeurope.com\/@de\/115467080971991673","error":""},"_links":{"self":[{"href":"https:\/\/www.europesays.com\/de\/wp-json\/wp\/v2\/posts\/539536","targetHints":{"allow":["GET"]}}],"collection":[{"href":"https:\/\/www.europesays.com\/de\/wp-json\/wp\/v2\/posts"}],"about":[{"href":"https:\/\/www.europesays.com\/de\/wp-json\/wp\/v2\/types\/post"}],"author":[{"embeddable":true,"href":"https:\/\/www.europesays.com\/de\/wp-json\/wp\/v2\/users\/2"}],"replies":[{"embeddable":true,"href":"https:\/\/www.europesays.com\/de\/wp-json\/wp\/v2\/comments?post=539536"}],"version-history":[{"count":0,"href":"https:\/\/www.europesays.com\/de\/wp-json\/wp\/v2\/posts\/539536\/revisions"}],"wp:featuredmedia":[{"embeddable":true,"href":"https:\/\/www.europesays.com\/de\/wp-json\/wp\/v2\/media\/539537"}],"wp:attachment":[{"href":"https:\/\/www.europesays.com\/de\/wp-json\/wp\/v2\/media?parent=539536"}],"wp:term":[{"taxonomy":"category","embeddable":true,"href":"https:\/\/www.europesays.com\/de\/wp-json\/wp\/v2\/categories?post=539536"},{"taxonomy":"post_tag","embeddable":true,"href":"https:\/\/www.europesays.com\/de\/wp-json\/wp\/v2\/tags?post=539536"}],"curies":[{"name":"wp","href":"https:\/\/api.w.org\/{rel}","templated":true}]}}