{"id":539777,"date":"2025-10-31T07:28:13","date_gmt":"2025-10-31T07:28:13","guid":{"rendered":"https:\/\/www.europesays.com\/de\/539777\/"},"modified":"2025-10-31T07:28:13","modified_gmt":"2025-10-31T07:28:13","slug":"ich-wuerde-mich-nicht-wundern-rtl-heizt-dschungelcamp-geruechtekueche-um-simone-ballack-an","status":"publish","type":"post","link":"https:\/\/www.europesays.com\/de\/539777\/","title":{"rendered":"&#8222;Ich w\u00fcrde mich nicht wundern&#8220;: RTL heizt Dschungelcamp-Ger\u00fcchtek\u00fcche um Simone\u00a0Ballack an"},"content":{"rendered":"<p>                    &#8222;Ich w\u00fcrde mich nicht wundern&#8220;<br \/>\n                RTL heizt Dschungelcamp-Ger\u00fcchtek\u00fcche um Simone\u00a0Ballack an<\/p>\n<p>\t\t\t\t              31.10.2025, 02:56 Uhr<\/p>\n<p>\t\t\t\t\t       Artikel anh\u00f6ren<\/p>\n<p>\t\t\t\t\t\t\tDiese Audioversion wurde k\u00fcnstlich generiert. <a href=\"https:\/\/www.n-tv.de\/23249898\" target=\"_blank\" rel=\"noopener\">Mehr Infos<\/a><\/p>\n<p><strong>Welche Stars und Sternchen am Lagerfeuer des neuen Dschungelcamps sitzen, ist noch geheim. Doch die RTL-Programmchefin \u00e4u\u00dfert sich nun erstmals \u00fcber Spekulationen, die Ex-Frau des fr\u00fcheren Fu\u00dfball-Nationalspielers Michael\u00a0Ballack\u00a0k\u00f6nnte dabei sein.<\/strong><\/p>\n<p>Jahr f\u00fcr Jahr r\u00e4tselt die Boulevardpresse, welche Prominente im Januar f\u00fcr das RTL-Dschungelcamp nach Australien fliegen. RTL hat die Ger\u00fcchtek\u00fcche nun selbst befeuert und angedeutet, dass Simone Ballack auf der Teilnehmerliste stehen k\u00f6nnte.<\/p>\n<p>&#8222;An Spekulationen beteilige ich mich nat\u00fcrlich nicht&#8220;, erkl\u00e4rte Programmchefin Inga Leschek bei der RTL-Programmpr\u00e4sentation in TV-Studios in H\u00fcrth nahe K\u00f6ln. &#8222;Aber f\u00fcr den Fall, dass Simone Ballack dann doch ums Lagerfeuer sitzt &#8211; ich w\u00fcrde mich nicht wundern.&#8220; Eine offizielle Best\u00e4tigung seitens des Senders gibt es bisher nicht.<\/p>\n<p>Vor einigen Tagen hatte die &#8222;Bild&#8220;-Zeitung berichtet, dass die fr\u00fchere Frau des ehemaligen Fu\u00dfball-Nationalspielers Michael Ballack in das RTL-Dschungelcamp einziehen w\u00fcrde. Auch Reality-Star Eva Benetatou soll demnach bei den Machern der Reality-Show ganz oben auf der Kandidatenliste stehen. Laut der Boulevard-Zeitung soll angeblich auch Reality-Star Samira Yavuz dabei sein. Mit Eva Benetatou w\u00fcrde sie auf die Aff\u00e4re ihres Noch-Ehemannes Serkan Yavuz treffen, was f\u00fcr reichlich Zoff am Lagerfeuer f\u00fchren k\u00f6nnte. Ein RTL-Sendersprecher erkl\u00e4rte, dass wie \u00fcblich alle Dschungelstars erst zum Sendungsstart im Januar kommuniziert werden.<\/p>\n<p>F\u00fcr Ballack w\u00e4re es nicht die erste Fernseherfahrung: 2013 holte RTL sie zu Let&#8217;s Dance, wo die Ex-Spielerfrau auf den vierten Platz tanzte. 2020 zog sie bei Sat1 in den Container von Promi Big Brother. Zu den Dschungelcamp-Ger\u00fcchten hat sich die 49-J\u00e4hrige bisher nicht ge\u00e4u\u00dfert. <\/p>\n<p>Die Reality-Show &#8222;Ich bin ein Star &#8211; Holt mich hier raus&#8220;, moderiert von Sonja Zietlow und Jan K\u00f6ppen, z\u00e4hlt zu den quotenst\u00e4rksten Sendungen im deutschen Fernsehen. Das Camp befindet sich am Rande eines Naturschutzgebietes an der australischen Gold Coast. Die Kandidaten leben \u00fcber zwei Wochen lang isoliert im Dschungel und m\u00fcssen auf Luxus wie bequeme Betten oder reichhaltiges Essen verzichten &#8211; stattdessen gibt es Reis mit Bohnen und t\u00e4gliche Dschungelpr\u00fcfungen. In der letzten Staffel wurde Lilly Becker, Model und Ex-Frau von Tennis-Legende Boris Becker, von den Fernsehzuschauern zur Dschungelk\u00f6nigin 2025 gew\u00e4hlt.<\/p>\n","protected":false},"excerpt":{"rendered":"&#8222;Ich w\u00fcrde mich nicht wundern&#8220; RTL heizt Dschungelcamp-Ger\u00fcchtek\u00fcche um Simone\u00a0Ballack an 31.10.2025, 02:56 Uhr Artikel anh\u00f6ren Diese Audioversion&hellip;\n","protected":false},"author":2,"featured_media":539778,"comment_status":"","ping_status":"","sticky":false,"template":"","format":"standard","meta":{"footnotes":""},"categories":[1776],"tags":[1801,29,933,214,30,87843,1802,766,640,684,215],"class_list":{"0":"post-539777","1":"post","2":"type-post","3":"status-publish","4":"format-standard","5":"has-post-thumbnail","7":"category-prominente","8":"tag-celebrities","9":"tag-deutschland","10":"tag-dschungelcamp","11":"tag-entertainment","12":"tag-germany","13":"tag-michael-ballack","14":"tag-prominente","15":"tag-reality-tv","16":"tag-rtl","17":"tag-tv","18":"tag-unterhaltung"},"share_on_mastodon":{"url":"https:\/\/pubeurope.com\/@de\/115467603456138732","error":""},"_links":{"self":[{"href":"https:\/\/www.europesays.com\/de\/wp-json\/wp\/v2\/posts\/539777","targetHints":{"allow":["GET"]}}],"collection":[{"href":"https:\/\/www.europesays.com\/de\/wp-json\/wp\/v2\/posts"}],"about":[{"href":"https:\/\/www.europesays.com\/de\/wp-json\/wp\/v2\/types\/post"}],"author":[{"embeddable":true,"href":"https:\/\/www.europesays.com\/de\/wp-json\/wp\/v2\/users\/2"}],"replies":[{"embeddable":true,"href":"https:\/\/www.europesays.com\/de\/wp-json\/wp\/v2\/comments?post=539777"}],"version-history":[{"count":0,"href":"https:\/\/www.europesays.com\/de\/wp-json\/wp\/v2\/posts\/539777\/revisions"}],"wp:featuredmedia":[{"embeddable":true,"href":"https:\/\/www.europesays.com\/de\/wp-json\/wp\/v2\/media\/539778"}],"wp:attachment":[{"href":"https:\/\/www.europesays.com\/de\/wp-json\/wp\/v2\/media?parent=539777"}],"wp:term":[{"taxonomy":"category","embeddable":true,"href":"https:\/\/www.europesays.com\/de\/wp-json\/wp\/v2\/categories?post=539777"},{"taxonomy":"post_tag","embeddable":true,"href":"https:\/\/www.europesays.com\/de\/wp-json\/wp\/v2\/tags?post=539777"}],"curies":[{"name":"wp","href":"https:\/\/api.w.org\/{rel}","templated":true}]}}