{"id":53990,"date":"2025-04-23T06:02:09","date_gmt":"2025-04-23T06:02:09","guid":{"rendered":"https:\/\/www.europesays.com\/de\/53990\/"},"modified":"2025-04-23T06:02:09","modified_gmt":"2025-04-23T06:02:09","slug":"der-us-ueberblick-am-morgen-musk-will-regierungsarbeit-reduzieren-rubio-kuendigt-kuerzungen-an","status":"publish","type":"post","link":"https:\/\/www.europesays.com\/de\/53990\/","title":{"rendered":"Der US-\u00dcberblick am Morgen: Musk will Regierungsarbeit reduzieren, Rubio k\u00fcndigt K\u00fcrzungen an"},"content":{"rendered":"<p>    \u00dcbersicht:<br \/>\n            Elon Musk will sich teils aus Beraterrolle zur\u00fcckziehen<\/p>\n<p class=\"paragraph article__item\"><a class=\"rtr-entity\" href=\"https:\/\/www.zeit.de\/thema\/elon-musk\" target=\"_blank\" rel=\"noopener\">Elon Musk<\/a>\u00a0will <strong>als Berater von US-Pr\u00e4sident <a href=\"https:\/\/www.zeit.de\/thema\/donald-trump\" class=\"\" target=\"_blank\" rel=\"noopener\">Donald Trump<\/a> bald weniger Zeit aufwenden<\/strong><br \/>\n und sich wieder st\u00e4rker auf die F\u00fchrung von Tesla konzentrieren.<br \/>\n&#8222;Wahrscheinlich wird im n\u00e4chsten Monat mein Zeitaufwand f\u00fcr DOGE<br \/>\ndeutlich sinken&#8220;, sagte Musk mit Blick auf die ma\u00dfgeblich von ihm<br \/>\nbeeinflusste sogenannte Beh\u00f6rde f\u00fcr Regierungseffizienz, f\u00fcr die er dann<br \/>\n nur noch <strong>ein oder zwei Tage pro Woche <\/strong>t\u00e4tig sein wolle. Kurz zuvor hatte Tesla einen\u00a0<strong>Gewinneinbruch im ersten Quartal von mehr als 70 Prozent<\/strong><br \/>\n bekannt gegeben. Schatzmeister aus sieben US-Bundesstaaten hatten Musk<br \/>\nzuvor in einem offenen Brief vorgeworfen, dem Autokonzern nicht gen\u00fcgend<br \/>\n Aufmerksamkeit zu widmen.\u00a0\n<\/p>\n<p class=\"paragraph article__item\"><a href=\"https:\/\/www.zeit.de\/wirtschaft\/unternehmen\/2025-04\/elon-musk-donald-trump-tesla-usa-verluste\" class=\"\" target=\"_blank\" rel=\"noopener\">Lesen Sie hier mehr zum\u00a0Gewinneinbruch bei Tesla und Musks Pl\u00e4nen<\/a>.\n<\/p>\n<p>                            Trump will US-Notenbankchef nach eigenen Angaben nicht entlassen<\/p>\n<p class=\"paragraph article__item\">Nach<br \/>\n wiederholten pers\u00f6nlichen Angriffen gegen Jerome\u00a0Powell\u00a0hat<br \/>\nUS-Pr\u00e4sident <a class=\"rtr-entity\" href=\"https:\/\/www.zeit.de\/thema\/donald-trump\" target=\"_blank\" rel=\"noopener\">Donald Trump<\/a> gegen\u00fcber dem US-Notenbankchef vers\u00f6hnlichere<br \/>\nT\u00f6ne angeschlagen. <strong>Er habe nicht die Absicht,\u00a0Powell\u00a0zu entlassen, sagte Trump<\/strong>.\u00a0Der US-Pr\u00e4sident\u00a0hatte\u00a0Powell\u00a0zuvor\u00a0mit Entlassung gedroht, wenn er nicht die <strong>Leitzinsen senke<\/strong>.\u00a0Hintergrund<br \/>\n sind\u00a0Powells\u00a0Warnungen, die von Trump verh\u00e4ngten Z\u00f6lle gegen weltweite<br \/>\nHandelspartner k\u00f6nnten zu h\u00f6heren Preisen und einem niedrigeren<br \/>\nWirtschaftswachstum in den USA f\u00fchren. Eine Leitzinssenkung bezeichnete<br \/>\nder Chef der Federal Reserve als noch zu fr\u00fch.\n<\/p>\n<p>                            Marco Rubio k\u00fcndigt umfassende K\u00fcrzungen im US-Au\u00dfenministerium an<\/p>\n<p class=\"paragraph article__item\">US-Au\u00dfenminister\u00a0<a class=\"rtr-entity\" href=\"https:\/\/www.zeit.de\/thema\/marco-rubio\" target=\"_blank\" rel=\"noopener\">Marco Rubio<\/a>\u00a0hat eine <strong>tiefgreifende Umstrukturierung seines Hauses <\/strong>vorgeschlagen. Ziel sei es, \u00fcberfl\u00fcssige Strukturen abzubauen und Programme zu streichen, die nicht den &#8222;nationalen Kerninteressen Amerikas&#8220; dienten oder gesetzlich vorgeschrieben seien, teilte Rubio mit.\u00a0Sollten die Ma\u00dfnahmen genehmigt werden, sollen in einem ersten Schritt demnach mehr als <strong>130 Abteilungen im Inland aufgel\u00f6st und rund 700 Stellen in <a class=\"rtr-entity\" href=\"https:\/\/www.zeit.de\/thema\/washington\" target=\"_blank\" rel=\"noopener\">Washington<\/a>\u00a0gestrichen<\/strong> werden.\u00a0Betroffen w\u00e4ren unter anderem B\u00fcros, die sich mit Kriegsverbrechen und internationalen Konflikten befassen.\n<\/p>\n<p>                            \u00a9\u00a0AFP\/\u200bGetty Images<\/p>\n<p>\n                    Newsletter<\/p>\n<p>                    Wof\u00fcr leben wir? \u2013 Der Sinn-Newsletter<\/p>\n<p class=\"newsletter-signup__text\">Jeden Freitag bekommen Sie alle Texte rund um Sinnfragen, Lebensentscheidungen und Wendepunkte.<\/p>\n<p class=\"newsletter-signup__datapolicy\" hidden=\"\">\n            Mit Ihrer Registrierung nehmen Sie die <a href=\"https:\/\/datenschutz.zeit.de\/zon#Newsletter\" target=\"_blank\" rel=\"noopener\">Datenschutzerkl\u00e4rung<\/a> zur Kenntnis.\n        <\/p>\n<p>    Vielen Dank! Wir haben Ihnen eine E-Mail geschickt.<\/p>\n<p>Pr\u00fcfen Sie Ihr Postfach und best\u00e4tigen Sie das Newsletter-Abonnement.<\/p>\n<p class=\"paragraph article__item\"><a href=\"https:\/\/www.zeit.de\/politik\/ausland\/2025-04\/marco-rubio-usa-aussenministerium-kuerzungen-doge\" class=\"\" target=\"_blank\" rel=\"noopener\">Lesen Sie hier mehr zum geplanten Umbau im US-Au\u00dfenministerium<\/a>.\n<\/p>\n<p>                    US-Richter stoppt Schlie\u00dfung mehrerer US-Auslandssender<\/p>\n<p class=\"paragraph article__item\">Ein Bundesrichter hat die\u00a0<a href=\"https:\/\/www.zeit.de\/thema\/usa\" class=\"\" target=\"_blank\" rel=\"noopener\">US-Regierung<\/a>\u00a0dazu verpflichtet, die <strong>Schlie\u00dfung mehrerer staatlich finanzierter Auslandssender r\u00fcckg\u00e4ngig zu machen<\/strong>. Die Regierung m\u00fcsse &#8222;alle notwendigen Schritte&#8220; unternehmen, um die Mitarbeitenden und externen Dienstleister wieder in ihren Positionen einzusetzen und den <strong>Sendebetrieb wieder aufzunehmen<\/strong>. Betroffene Sender wie Voice of America und Radio Free Asia sind <strong>seit Jahrzehnten Bestandteil der US-Au\u00dfenpolitik<\/strong> und strahlen mehrsprachige Nachrichtenprogramme in autorit\u00e4r regierten Staaten aus. Finanziert werden sie durch Mittel des Kongresses, der laut Gerichtsbeschluss eine &#8222;genaue, objektive und umfassende&#8220;\u00a0<a class=\"rtr-entity\" href=\"https:\/\/www.zeit.de\/thema\/berichterstattung\" target=\"_blank\" rel=\"noopener\">Berichterstattung<\/a>\u00a0ausdr\u00fccklich vorsieht.\u00a0\n<\/p>\n<p class=\"paragraph article__item\"><a href=\"https:\/\/www.zeit.de\/politik\/ausland\/2025-04\/donald-trump-voice-of-america-justiz-usa\" class=\"\" target=\"_blank\" rel=\"noopener\">Lesen Sie hier mehr zu der richterlichen Anordnung \u00fcber staatliche US-Auslandssender<\/a>.\n<\/p>\n<p>            US-Justizministerin geht gegen angebliche antichristliche Diskriminierung vor<\/p>\n<p class=\"paragraph article__item\">Die US-Regierung geht gegen <strong>sogenannte\u00a0antichristliche\u00a0Voreingenommenheit<\/strong> vor. Justizministerin Pam Bondi leitete ein erstes Kabinettstreffen zu dem Thema und stellte eine Arbeitsgruppe vor, die &#8222;alle ungesetzlichen\u00a0antichristlichen\u00a0Ma\u00dfnahmen, Praktiken oder Verhaltensweisen&#8220; identifizieren und beenden solle. Sie berief sich auf ein entsprechendes Dekret, das Pr\u00e4sident Donald Trump unterzeichnet hatte.\u00a0Als Beispiel f\u00fcr eine\u00a0antichristliche\u00a0Haltung nannte Bondi die <strong>Festnahme von christlichen Abtreibungsgegnern<\/strong> unter der Regierung von Trumps Vorg\u00e4nger Joe Biden. Sie h\u00e4tten &#8222;friedlich vor Abtreibungskliniken gebetet&#8220; und seien festgenommen worden, sagte die Ministerin. Trump habe recht damit, dass das Justizministerium der Biden-Regierung Christen ins Visier genommen und antichristliche\u00a0\u00dcbergriffe ignoriert habe.\n<\/p>\n<p class=\"paragraph article__item\"><a href=\"https:\/\/www.zeit.de\/politik\/ausland\/2025-02\/regierung-donald-trump-entscheidungen-dekrete-usa\" class=\"\" target=\"_blank\" rel=\"noopener\">Lesen Sie hier eine Chronik der wichtigsten Entscheidungen seit dem Amtsantritt der US-Regierung<\/a>.<\/p>\n","protected":false},"excerpt":{"rendered":"\u00dcbersicht: Elon Musk will sich teils aus Beraterrolle zur\u00fcckziehen Elon Musk\u00a0will als Berater von US-Pr\u00e4sident Donald Trump bald&hellip;\n","protected":false},"author":2,"featured_media":53991,"comment_status":"","ping_status":"","sticky":false,"template":"","format":"standard","meta":{"footnotes":""},"categories":[5],"tags":[331,332,3364,3939,29,106,444,30,13,19654,409,14,15,8492,16,12,64],"class_list":{"0":"post-53990","1":"post","2":"type-post","3":"status-publish","4":"format-standard","5":"has-post-thumbnail","7":"category-nachrichten","8":"tag-aktuelle-nachrichten","9":"tag-aktuelle-news","10":"tag-de","11":"tag-der-us-ueberblick-am-morgen","12":"tag-deutschland","13":"tag-donald-trump","14":"tag-elon-musk","15":"tag-germany","16":"tag-headlines","17":"tag-jerome-powell","18":"tag-marco-rubio","19":"tag-nachrichten","20":"tag-news","21":"tag-pam-bondi","22":"tag-politik","23":"tag-schlagzeilen","24":"tag-usa"},"share_on_mastodon":{"url":"https:\/\/pubeurope.com\/@de\/114385763849857665","error":""},"_links":{"self":[{"href":"https:\/\/www.europesays.com\/de\/wp-json\/wp\/v2\/posts\/53990","targetHints":{"allow":["GET"]}}],"collection":[{"href":"https:\/\/www.europesays.com\/de\/wp-json\/wp\/v2\/posts"}],"about":[{"href":"https:\/\/www.europesays.com\/de\/wp-json\/wp\/v2\/types\/post"}],"author":[{"embeddable":true,"href":"https:\/\/www.europesays.com\/de\/wp-json\/wp\/v2\/users\/2"}],"replies":[{"embeddable":true,"href":"https:\/\/www.europesays.com\/de\/wp-json\/wp\/v2\/comments?post=53990"}],"version-history":[{"count":0,"href":"https:\/\/www.europesays.com\/de\/wp-json\/wp\/v2\/posts\/53990\/revisions"}],"wp:featuredmedia":[{"embeddable":true,"href":"https:\/\/www.europesays.com\/de\/wp-json\/wp\/v2\/media\/53991"}],"wp:attachment":[{"href":"https:\/\/www.europesays.com\/de\/wp-json\/wp\/v2\/media?parent=53990"}],"wp:term":[{"taxonomy":"category","embeddable":true,"href":"https:\/\/www.europesays.com\/de\/wp-json\/wp\/v2\/categories?post=53990"},{"taxonomy":"post_tag","embeddable":true,"href":"https:\/\/www.europesays.com\/de\/wp-json\/wp\/v2\/tags?post=53990"}],"curies":[{"name":"wp","href":"https:\/\/api.w.org\/{rel}","templated":true}]}}