{"id":539912,"date":"2025-10-31T08:46:11","date_gmt":"2025-10-31T08:46:11","guid":{"rendered":"https:\/\/www.europesays.com\/de\/539912\/"},"modified":"2025-10-31T08:46:11","modified_gmt":"2025-10-31T08:46:11","slug":"verdacht-auf-kinderpornografie-ermittlungen-gegen-dragqueen-jurassica-parka-panorama","status":"publish","type":"post","link":"https:\/\/www.europesays.com\/de\/539912\/","title":{"rendered":"Verdacht auf Kinderpornografie: Ermittlungen gegen Dragqueen Jurassica Parka &#8211; Panorama"},"content":{"rendered":"<p class=\"css-c9fym5\" data-manual=\"teaserText\" data-schema-org-speakable=\"true\">Die Polizei ermittelt gegen die bekannte Berliner Dragqueen Jurassica Parka wegen kinderpornografischer Aufnahmen, nicht zum ersten Mal. Der rechte Rand l\u00e4uft hei\u00df, Ermittler hingegen bremsen. Und der Travestiek\u00fcnstler selbst? Eiert herum.<\/p>\n<p data-manual=\"author\" data-testid=\"byline\" class=\"css-1b049jz\">Von <a href=\"https:\/\/www.sueddeutsche.de\/autoren\/constanze-von-bullion-1.1143357\" target=\"_blank\" rel=\"noopener\">Constanze von Bullion<\/a>, Berlin<\/p>\n<p data-manual=\"paragraph\" data-schema-org-speakable=\"true\" class=\"css-9njfp7\">Es war eine Figur wie das Lebensgef\u00fchl der Stadt <a href=\"https:\/\/www.sueddeutsche.de\/thema\/Berlin\" target=\"_blank\" rel=\"noopener\">Berlin<\/a>. Ondulierte Blondhaarper\u00fccke, High Heels und M\u00e4nnermuskeln im Glitzerkleid \u2013 \u00fcber viele Jahre geh\u00f6rt Jurassica Parka zu den bekanntesten Dragqueens der Hauptstadt. Die Kunstfigur tauchte nicht nur beim Christopher Street Day auf. Sie warb auf allerlei B\u00fchnen f\u00fcr Toleranz, las auch mal Kindern vor, trat mit Berlins Regierendem B\u00fcrgermeister Kai Wegner auf oder mit Ex-Familienministerin Lisa Paus. Nun aber werden die Spuren solcher Events eilig von Webseiten gel\u00f6scht. Die Berliner Staatsanwaltschaft ermittelt gegen Jurassica Parka, wegen des Verdachts der Verbreitung und des Besitzes von kinderpornografischen Inhalten.<\/p>\n","protected":false},"excerpt":{"rendered":"Die Polizei ermittelt gegen die bekannte Berliner Dragqueen Jurassica Parka wegen kinderpornografischer Aufnahmen, nicht zum ersten Mal. Der&hellip;\n","protected":false},"author":2,"featured_media":539913,"comment_status":"","ping_status":"","sticky":false,"template":"","format":"standard","meta":{"footnotes":""},"categories":[1825],"tags":[296,29,30,24340,1584,1920,1974,3370,149],"class_list":{"0":"post-539912","1":"post","2":"type-post","3":"status-publish","4":"format-standard","5":"has-post-thumbnail","7":"category-berlin","8":"tag-berlin","9":"tag-deutschland","10":"tag-germany","11":"tag-gewalt-gegen-kinder","12":"tag-kriminalitaet","13":"tag-missbrauch","14":"tag-panorama","15":"tag-sexuelle-gewalt","16":"tag-sueddeutsche-zeitung"},"share_on_mastodon":{"url":"https:\/\/pubeurope.com\/@de\/115467910398796749","error":""},"_links":{"self":[{"href":"https:\/\/www.europesays.com\/de\/wp-json\/wp\/v2\/posts\/539912","targetHints":{"allow":["GET"]}}],"collection":[{"href":"https:\/\/www.europesays.com\/de\/wp-json\/wp\/v2\/posts"}],"about":[{"href":"https:\/\/www.europesays.com\/de\/wp-json\/wp\/v2\/types\/post"}],"author":[{"embeddable":true,"href":"https:\/\/www.europesays.com\/de\/wp-json\/wp\/v2\/users\/2"}],"replies":[{"embeddable":true,"href":"https:\/\/www.europesays.com\/de\/wp-json\/wp\/v2\/comments?post=539912"}],"version-history":[{"count":0,"href":"https:\/\/www.europesays.com\/de\/wp-json\/wp\/v2\/posts\/539912\/revisions"}],"wp:featuredmedia":[{"embeddable":true,"href":"https:\/\/www.europesays.com\/de\/wp-json\/wp\/v2\/media\/539913"}],"wp:attachment":[{"href":"https:\/\/www.europesays.com\/de\/wp-json\/wp\/v2\/media?parent=539912"}],"wp:term":[{"taxonomy":"category","embeddable":true,"href":"https:\/\/www.europesays.com\/de\/wp-json\/wp\/v2\/categories?post=539912"},{"taxonomy":"post_tag","embeddable":true,"href":"https:\/\/www.europesays.com\/de\/wp-json\/wp\/v2\/tags?post=539912"}],"curies":[{"name":"wp","href":"https:\/\/api.w.org\/{rel}","templated":true}]}}