{"id":539920,"date":"2025-10-31T08:50:15","date_gmt":"2025-10-31T08:50:15","guid":{"rendered":"https:\/\/www.europesays.com\/de\/539920\/"},"modified":"2025-10-31T08:50:15","modified_gmt":"2025-10-31T08:50:15","slug":"ich-war-in-diesem-jahr-auf-acht-beerdigungen","status":"publish","type":"post","link":"https:\/\/www.europesays.com\/de\/539920\/","title":{"rendered":"Ich war in diesem Jahr auf acht Beerdigungen"},"content":{"rendered":"<p>Schicksalsschl\u00e4ge f\u00fcr TV-Star <\/p>\n<p>Frank Elstner: &#8222;Ich war in diesem Jahr auf acht Beerdigungen&#8220;<\/p>\n<p>31.10.2025 &#8211; 07:21 UhrLesedauer: 2 Min.<\/p>\n<p><a href=\"#focus-0\" class=\"transition-colors duration-200 block text-current relative\" data-sctrack=\"FocusGalleryImage.Reference\"><img fetchpriority=\"high\" data-testid=\"Opener.Image\" style=\"--lqipURL:url('https:\/\/images.t-online.de\/2025\/10\/qao7McY6MplM\/518x254:3134x1763\/fit-in\/150x0\/filters:blur(25)\/frank-elstner-der-moderator-trauert-um-seinen-bruder.jpg')\"   loading=\"eager\" src=\"https:\/\/www.europesays.com\/de\/wp-content\/uploads\/2025\/10\/frank-elstner-der-moderator-trauert-um-seinen-bruder.jpg\" alt=\"Frank Elstner: Der Moderator trauert um seinen Bruder.\" title=\"Frank Elstner: Der Moderator trauert um seinen Bruder.\" width=\"3134\" height=\"1763\" class=\"bg-[url:var(--lqipURL)] bg-cover bg-center flex h-full w-full max-w-full\" decoding=\"async\"\/><img style=\"--width:32;--height:32\" loading=\"lazy\" src=\"https:\/\/www.t-online.de\/s\/paper\/_next\/static\/media\/zoom-in.f7dae02f.svg\" alt=\"Vergr\u00f6\u00dfern des Bildes\" title=\"Vergr\u00f6\u00dfern des Bildes\" class=\"block h-[calc(var(--height)_\/_16_*_1rem)] w-[calc(var(--width)_\/_16_*_1rem)] max-w-none absolute bottom-8 right-8 rounded-4 bg-snow p-8\" decoding=\"async\"\/><\/a><\/p>\n<p>Frank Elstner: Der Moderator trauert um seinen Bruder. (Quelle: IMAGO\/Horst Galuschka )<\/p>\n<p class=\"font-bold text-18 leading-17\"><strong class=\"font-bold\">Zwischen Kinderlachen und Abschiedsschmerz: Frank Elstner erlebt mit 81 Jahren ein emotionales Auf und Ab. Seine Familie gibt ihm Kraft in schweren Zeiten.<\/strong><\/p>\n<p class=\"text-18 leading-17\"><a class=\"transition-colors duration-200 cursor-pointer text-inherit no-underline text-salemsfur md:hover:text-magenta md:hover:border-magenta md:focus:text-magenta border-current border-b border-solid break-words\" href=\"https:\/\/www.t-online.de\/themen\/frank-elstner\/\" data-sctrack=\"BodyAnchor\" target=\"_blank\" rel=\"noopener\">Frank Elstner<\/a> hat ein Jahr voller H\u00f6hen und Tiefen hinter sich. Der Erfinder von &#8222;Wetten, dass..?&#8220; ist im September zum f\u00fcnften Mal Gro\u00dfvater geworden. Seine Tochter Lena brachte ihren zweiten Sohn zur Welt \u2013 ein freudiges Ereignis f\u00fcr die ganze Familie.<\/p>\n<p class=\"text-18 leading-17\">&#8222;Der Kleine ist eine Bereicherung unseres Lebens und sowas von s\u00fc\u00df. Meine Frau ist eine fantastische Oma und ich glaube, dass ich mich auch als Opa ganz gut mache&#8220;, sagte der Moderator der &#8222;Bild&#8220;-Zeitung. Seine Familie sieht der 81-J\u00e4hrige fast t\u00e4glich. Alle wohnen unter einem Dach, in einem Mehrgenerationenhaus<\/p>\n<p class=\"text-18 leading-17\">Neben der Geburt seines Enkels musste der Showmaster auch einen Verlust akzeptieren. Sein \u00e4lterer Bruder Frank starb mit 88 Jahren. Nicht der einzige Trauerfall f\u00fcr den Moderator. &#8222;Um so \u00e4lter ich werde, desto mehr Abschiede muss ich hinnehmen. Allein in diesem Jahr war ich auf acht Beerdigungen. Viele meiner Freunde sind gestorben, darunter mein Kollege Rainer Holbe und Helmut Thoma&#8220;, so der 81-J\u00e4hrige.<\/p>\n<p class=\"text-18 leading-17\">Zudem hatte Frank Elstner in diesem Jahr mit gesundheitlichen R\u00fcckschl\u00e4gen zu k\u00e4mpfen. Im Fr\u00fchjahr unterzog er sich einer Darm-Operation und verbrachte anschlie\u00dfend drei Monate in der Klinik. Bereits im April hatte er offenbart: &#8222;Bei einer Routine-Untersuchung hatte mein Arzt festgestellt, dass etwas nicht in Ordnung war.&#8220; Elstner sei sofort ins Krankenhaus \u00fcberwiesen worden, &#8222;wo eine Not-OP durchgef\u00fchrt wurde&#8220;. Die Operation sei &#8222;dringend n\u00f6tig&#8220; gewesen. &#8222;Ich bin froh, dass ich sie \u00fcberlebt habe.&#8220; Jetzt, ein halbes Jahr sp\u00e4ter, gehe es ihm besser. &#8222;Gesundheitlich bin ich wieder ganz gut hergestellt&#8220;, so Elstner.<\/p>\n","protected":false},"excerpt":{"rendered":"Schicksalsschl\u00e4ge f\u00fcr TV-Star Frank Elstner: &#8222;Ich war in diesem Jahr auf acht Beerdigungen&#8220; 31.10.2025 &#8211; 07:21 UhrLesedauer: 2&hellip;\n","protected":false},"author":2,"featured_media":539921,"comment_status":"","ping_status":"","sticky":false,"template":"","format":"standard","meta":{"footnotes":""},"categories":[1776],"tags":[722,522,132170,23658,9492,1801,3879,29,214,20067,30,1802,50807,215,3878],"class_list":{"0":"post-539920","1":"post","2":"type-post","3":"status-publish","4":"format-standard","5":"has-post-thumbnail","7":"category-prominente","8":"tag-722","9":"tag-522","10":"tag-abschiedsschmerz","11":"tag-beerdigung","12":"tag-bild-zeitung","13":"tag-celebrities","14":"tag-dass","15":"tag-deutschland","16":"tag-entertainment","17":"tag-frank-elstner","18":"tag-germany","19":"tag-prominente","20":"tag-schicksalsschlag","21":"tag-unterhaltung","22":"tag-wetten"},"share_on_mastodon":{"url":"https:\/\/pubeurope.com\/@de\/115467926343593575","error":""},"_links":{"self":[{"href":"https:\/\/www.europesays.com\/de\/wp-json\/wp\/v2\/posts\/539920","targetHints":{"allow":["GET"]}}],"collection":[{"href":"https:\/\/www.europesays.com\/de\/wp-json\/wp\/v2\/posts"}],"about":[{"href":"https:\/\/www.europesays.com\/de\/wp-json\/wp\/v2\/types\/post"}],"author":[{"embeddable":true,"href":"https:\/\/www.europesays.com\/de\/wp-json\/wp\/v2\/users\/2"}],"replies":[{"embeddable":true,"href":"https:\/\/www.europesays.com\/de\/wp-json\/wp\/v2\/comments?post=539920"}],"version-history":[{"count":0,"href":"https:\/\/www.europesays.com\/de\/wp-json\/wp\/v2\/posts\/539920\/revisions"}],"wp:featuredmedia":[{"embeddable":true,"href":"https:\/\/www.europesays.com\/de\/wp-json\/wp\/v2\/media\/539921"}],"wp:attachment":[{"href":"https:\/\/www.europesays.com\/de\/wp-json\/wp\/v2\/media?parent=539920"}],"wp:term":[{"taxonomy":"category","embeddable":true,"href":"https:\/\/www.europesays.com\/de\/wp-json\/wp\/v2\/categories?post=539920"},{"taxonomy":"post_tag","embeddable":true,"href":"https:\/\/www.europesays.com\/de\/wp-json\/wp\/v2\/tags?post=539920"}],"curies":[{"name":"wp","href":"https:\/\/api.w.org\/{rel}","templated":true}]}}