{"id":539924,"date":"2025-10-31T08:53:15","date_gmt":"2025-10-31T08:53:15","guid":{"rendered":"https:\/\/www.europesays.com\/de\/539924\/"},"modified":"2025-10-31T08:53:15","modified_gmt":"2025-10-31T08:53:15","slug":"staffel-vier-der-fantasy%e2%80%91serie-ab-sofort-bei-netflix","status":"publish","type":"post","link":"https:\/\/www.europesays.com\/de\/539924\/","title":{"rendered":"Staffel vier der Fantasy\u2011Serie ab sofort bei Netflix"},"content":{"rendered":"<p>Bei Netflix <\/p>\n<p>Eine der teuersten Fantasy\u2011Serien kehrt mit Liam Hemsworth zur\u00fcck<\/p>\n<p>Aktualisiert am 31.10.2025 &#8211; 06:00 UhrLesedauer: 2 Min.<\/p>\n<p><a href=\"#focus-0\" class=\"transition-colors duration-200 block text-current relative\" data-sctrack=\"FocusGalleryImage.Reference\"><img fetchpriority=\"high\" data-testid=\"Opener.Image\" style=\"--lqipURL:url('https:\/\/images.t-online.de\/2025\/10\/QPTIA2X6Yg-C\/0x0:4000x2250\/fit-in\/150x0\/filters:blur(25)\/the-witcher-s4-global-premiere-laurence-fishburne-freya-allan-liam-hemsworth-anya-chalotra-and-joey-batey-attend-global-premiere-of-the-witcher-s4-at-the-curzon-mayfair-cinema-in-london-23rd-october-2025-publicationxinxgerxautxsuixonly-copyright-xandrewxsimsx-nintchdbpict001033602959.jpg')\"   loading=\"eager\" src=\"https:\/\/www.europesays.com\/de\/wp-content\/uploads\/2025\/10\/the-witcher-s4-global-premiere-laurence-fishburne-freya-allan-liam-hemsworth-anya-chalotra-and-joey-.jpeg\" alt=\"imago images 0838196734\" title=\"imago images 0838196734\" width=\"4000\" height=\"2250\" class=\"bg-[url:var(--lqipURL)] bg-cover bg-center flex h-full w-full max-w-full\" decoding=\"async\"\/><img style=\"--width:32;--height:32\" loading=\"lazy\" src=\"https:\/\/www.t-online.de\/s\/paper\/_next\/static\/media\/zoom-in.f7dae02f.svg\" alt=\"Vergr\u00f6\u00dfern des Bildes\" title=\"Vergr\u00f6\u00dfern des Bildes\" class=\"block h-[calc(var(--height)_\/_16_*_1rem)] w-[calc(var(--width)_\/_16_*_1rem)] max-w-none absolute bottom-8 right-8 rounded-4 bg-snow p-8\" decoding=\"async\"\/><\/a><\/p>\n<p>Cast von &#8222;The Witcher&#8220; Staffel vier bei der Premiere. (Quelle: IMAGO\/Andrew Sims\/imago)<\/p>\n<p class=\"font-bold text-18 leading-17\">In wenigen Tagen startet die vierte Staffel von &#8222;The Witcher&#8220; auf Netflix. Liam Hemsworth \u00fcbernimmt die Rolle des Geralt von Riva und ersetzt Henry Cavill, der den Hexer in den ersten drei Staffeln spielte.<\/p>\n<p class=\"text-18 leading-17\">Trotz heftiger Kritik hat <a class=\"transition-colors duration-200 cursor-pointer text-inherit no-underline text-salemsfur md:hover:text-magenta md:hover:border-magenta md:focus:text-magenta border-current border-b border-solid break-words\" href=\"https:\/\/www.t-online.de\/themen\/netflix\/\" data-sctrack=\"BodyAnchor\" rel=\"nofollow noopener\" target=\"_blank\">Netflix<\/a> eine bedeutende \u00c4nderung an der Serie vorgenommen: <a class=\"transition-colors duration-200 cursor-pointer text-inherit no-underline text-salemsfur md:hover:text-magenta md:hover:border-magenta md:focus:text-magenta border-current border-b border-solid break-words\" href=\"https:\/\/www.t-online.de\/themen\/liam-hemsworth\/\" data-sctrack=\"BodyAnchor\" rel=\"nofollow noopener\" target=\"_blank\">Liam Hemsworth<\/a> spielt nun die Hauptrolle. Alle Folgen erscheinen gleichzeitig, was die Fans des Hexers freuen d\u00fcrfte.<\/p>\n<p class=\"text-18 leading-17\">Geralt von Riva erlebt eine Wiedergeburt, da Liam Hemsworth als neuer Hexer auftritt \u2013 eine ungew\u00f6hnliche Herangehensweise f\u00fcr Serien. Ciri (Freya Allan) und Yennefer (Anya Chalotra) stehen ebenfalls im Fokus, da ein gro\u00dfer Krieg neue Herausforderungen bringt. Geralt sucht nach Ciri, die eigene Erlebnisse hat. Auch Laurence Fishburne (&#8222;Matrix&#8220;) als Regis ist dabei.<\/p>\n<p class=\"text-18 leading-17\">Die vierte Staffel setzt auf eine intensive Atmosph\u00e4re im bew\u00e4hrten dunklen Fantasy-Setting. Laut der &#8222;The Witcher &#8222;Fanseite &#8222;Redanian Intelligence&#8220; hat die Produktion 27 Millionen Dollar pro Episode gekostet.<\/p>\n<p class=\"text-18 leading-17\"><a class=\"transition-colors duration-200 cursor-pointer text-inherit no-underline text-salemsfur md:hover:text-magenta md:hover:border-magenta md:focus:text-magenta border-current border-b border-solid break-words\" href=\"https:\/\/www.t-online.de\/themen\/henry-cavill\/\" data-sctrack=\"BodyAnchor\" rel=\"nofollow noopener\" target=\"_blank\">Henry Cavill<\/a> (&#8222;Man of Steel&#8220;) verlie\u00df die Serie nach der dritten Staffel auf eigenen Wunsch. Die Ank\u00fcndigung von Liam Hemsworth als neuem Geralt stie\u00df auf Kritik, doch der erste lange Trailer zur vierten Staffel \u00fcberzeugte viele, sodass es keine Hasstiraden gegen Hemsworth gab.<\/p>\n<p class=\"text-18 leading-17\">Viele Zuschauer zweifeln dennoch an Hemsworth, da es schwer ist, Henry Cavill zu ersetzen.<\/p>\n<p class=\"text-18 leading-17\">Die ersten drei Staffeln von &#8222;The Witcher&#8220; sehr erfolgreich. Die Serie erhielt 37 Nominierungen und gewann neun Preise, darunter drei BAFTA-Awards. Der erste Trailer zur vierten verspricht eine fulminante Fortsetzung.<\/p>\n<p class=\"text-18 leading-17\">Nicht nur Witcher-Fans sollten auf ihre Kosten kommen. Auch wer spannende Charakterentwicklungen in einem d\u00fcsteren Fantasy-Universum sch\u00e4tzt, sollte &#8222;The Witcher&#8220; auf Netflix ansehen.<\/p>\n<p class=\"text-18 leading-17\">Seit dem <strong class=\"font-bold\">30. Oktober 2025 ist die vierte Staffel mit acht neuen Folgen bei Netflix verf\u00fcgbar<\/strong>. Zudem befindet sich das Videospiel \u201cThe Witcher 4\u201c bei Entwickler CD Project Red in Entwicklung.<\/p>\n<p class=\"text-18 leading-17\">Noch kein Netflix Abonnement? Das ganze Paket Streamingdiensten k\u00f6nnen Sie auch bei Magenta bekommen. Mit <a rel=\"nofollow noopener\" target=\"_blank\" class=\"transition-colors duration-200 cursor-pointer text-inherit no-underline text-salemsfur border-current border-b border-solid ml-[20px] before:ml-[-20px] before:mr-4 before:inline-block before:size-16 before:bg-contain before:bg-left before:bg-no-repeat before:align-middle before:bg-[url:var(--bg-image)] dark:before:bg-[url:var(--bg-image-dark)] hover:border-royalblue hover:text-royalblue before:hover:bg-[url:var(--bg-image-hover)] break-words\" style=\"--bg-image:url(\/s\/paper\/_next\/static\/media\/shopping-cart.b88e429b.svg);--bg-image-dark:url(\/s\/paper\/_next\/static\/media\/shopping-cart-dark-mode.64b56971.svg);--bg-image-hover:url(\/s\/paper\/_next\/static\/media\/shopping-cart-hover.b7103b4e.svg)\" href=\"https:\/\/siren.a.xafl.t-online.de\/?c=100753346&amp;w=109872&amp;p=42877&amp;sp=114854&amp;ct=2&amp;cat=2&amp;s=33&amp;t=2&amp;ce=textlink&amp;ed=9735&amp;url=https%3A%2F%2Fwww.telekom.de%2Fmagenta-tv%2Ftarife-und-optionen%2Fmagenta-tv-mit-app\" data-sctrack=\"BodyAnchor\">Magenta TV<\/a> erhalten Sie Disney Plus, Netflix, RTL Plus, <a class=\"transition-colors duration-200 cursor-pointer text-inherit no-underline text-salemsfur md:hover:text-magenta md:hover:border-magenta md:focus:text-magenta border-current border-b border-solid break-words\" href=\"https:\/\/www.t-online.de\/themen\/apple\/\" data-sctrack=\"BodyAnchor\" rel=\"nofollow noopener\" target=\"_blank\">Apple<\/a> TV, <a class=\"transition-colors duration-200 cursor-pointer text-inherit no-underline text-salemsfur md:hover:text-magenta md:hover:border-magenta md:focus:text-magenta border-current border-b border-solid break-words\" href=\"https:\/\/www.t-online.de\/themen\/dazn\/\" data-sctrack=\"BodyAnchor\" rel=\"nofollow noopener\" target=\"_blank\">Dazn<\/a>, Paramount Plus und Wow zum Vorteilspreis in einem <a rel=\"nofollow noopener\" target=\"_blank\" class=\"transition-colors duration-200 cursor-pointer text-inherit no-underline text-salemsfur border-current border-b border-solid ml-[20px] before:ml-[-20px] before:mr-4 before:inline-block before:size-16 before:bg-contain before:bg-left before:bg-no-repeat before:align-middle before:bg-[url:var(--bg-image)] dark:before:bg-[url:var(--bg-image-dark)] hover:border-royalblue hover:text-royalblue before:hover:bg-[url:var(--bg-image-hover)] break-words\" style=\"--bg-image:url(\/s\/paper\/_next\/static\/media\/shopping-cart.b88e429b.svg);--bg-image-dark:url(\/s\/paper\/_next\/static\/media\/shopping-cart-dark-mode.64b56971.svg);--bg-image-hover:url(\/s\/paper\/_next\/static\/media\/shopping-cart-hover.b7103b4e.svg)\" href=\"https:\/\/siren.a.xafl.t-online.de\/?c=100753346&amp;w=109872&amp;p=42877&amp;sp=114854&amp;ct=2&amp;cat=2&amp;s=33&amp;t=2&amp;ce=textlink&amp;ed=9735&amp;url=https%3A%2F%2Fwww.telekom.de%2Fmagenta-tv%2Ftarife-und-optionen%2Fmagenta-tv-mit-app\" data-sctrack=\"BodyAnchor\">Abo<\/a>.<\/p>\n","protected":false},"excerpt":{"rendered":"Bei Netflix Eine der teuersten Fantasy\u2011Serien kehrt mit Liam Hemsworth zur\u00fcck Aktualisiert am 31.10.2025 &#8211; 06:00 UhrLesedauer: 2&hellip;\n","protected":false},"author":2,"featured_media":539925,"comment_status":"","ping_status":"","sticky":false,"template":"","format":"standard","meta":{"footnotes":""},"categories":[1773],"tags":[2971,29,214,132171,30,66499,132172,61066,2846,471,1780,215],"class_list":{"0":"post-539924","1":"post","2":"type-post","3":"status-publish","4":"format-standard","5":"has-post-thumbnail","7":"category-serien","8":"tag-2971","9":"tag-deutschland","10":"tag-entertainment","11":"tag-freya-allan","12":"tag-germany","13":"tag-henry-cavill","14":"tag-laurence-fishburne","15":"tag-liam-hemsworth","16":"tag-netflix","17":"tag-serien","18":"tag-series","19":"tag-unterhaltung"},"share_on_mastodon":{"url":"https:\/\/pubeurope.com\/@de\/115467938399963398","error":""},"_links":{"self":[{"href":"https:\/\/www.europesays.com\/de\/wp-json\/wp\/v2\/posts\/539924","targetHints":{"allow":["GET"]}}],"collection":[{"href":"https:\/\/www.europesays.com\/de\/wp-json\/wp\/v2\/posts"}],"about":[{"href":"https:\/\/www.europesays.com\/de\/wp-json\/wp\/v2\/types\/post"}],"author":[{"embeddable":true,"href":"https:\/\/www.europesays.com\/de\/wp-json\/wp\/v2\/users\/2"}],"replies":[{"embeddable":true,"href":"https:\/\/www.europesays.com\/de\/wp-json\/wp\/v2\/comments?post=539924"}],"version-history":[{"count":0,"href":"https:\/\/www.europesays.com\/de\/wp-json\/wp\/v2\/posts\/539924\/revisions"}],"wp:featuredmedia":[{"embeddable":true,"href":"https:\/\/www.europesays.com\/de\/wp-json\/wp\/v2\/media\/539925"}],"wp:attachment":[{"href":"https:\/\/www.europesays.com\/de\/wp-json\/wp\/v2\/media?parent=539924"}],"wp:term":[{"taxonomy":"category","embeddable":true,"href":"https:\/\/www.europesays.com\/de\/wp-json\/wp\/v2\/categories?post=539924"},{"taxonomy":"post_tag","embeddable":true,"href":"https:\/\/www.europesays.com\/de\/wp-json\/wp\/v2\/tags?post=539924"}],"curies":[{"name":"wp","href":"https:\/\/api.w.org\/{rel}","templated":true}]}}