{"id":539931,"date":"2025-10-31T08:58:12","date_gmt":"2025-10-31T08:58:12","guid":{"rendered":"https:\/\/www.europesays.com\/de\/539931\/"},"modified":"2025-10-31T08:58:12","modified_gmt":"2025-10-31T08:58:12","slug":"actionstar-teilt-hochzeitsfoto-mit-tochter-laura","status":"publish","type":"post","link":"https:\/\/www.europesays.com\/de\/539931\/","title":{"rendered":"Actionstar teilt Hochzeitsfoto mit Tochter Laura"},"content":{"rendered":"<p>Laura hat geheiratet <\/p>\n<p>Ralf Moeller teilt Hochzeitsfoto mit seiner \u00e4ltesten Tochter<\/p>\n<p>31.10.2025 &#8211; 08:09 UhrLesedauer: 2 Min.<\/p>\n<p><a href=\"#focus-0\" class=\"transition-colors duration-200 block text-current relative\" data-sctrack=\"FocusGalleryImage.Reference\"><img fetchpriority=\"high\" data-testid=\"Opener.Image\" style=\"--lqipURL:url('https:\/\/images.t-online.de\/2025\/10\/8R4tJmvqa9JQ\/0x250:3134x1763\/fit-in\/150x0\/filters:blur(25)\/ralf-moeller-der-schauspieler-hat-drei-kinder.jpg')\"   loading=\"eager\" src=\"https:\/\/www.europesays.com\/de\/wp-content\/uploads\/2025\/10\/ralf-moeller-der-schauspieler-hat-drei-kinder.jpg\" alt=\"Ralf Moeller: Der Schauspieler hat drei Kinder.\" title=\"Ralf Moeller: Der Schauspieler hat drei Kinder.\" width=\"3134\" height=\"1763\" class=\"bg-[url:var(--lqipURL)] bg-cover bg-center flex h-full w-full max-w-full\" decoding=\"async\"\/><img style=\"--width:32;--height:32\" loading=\"lazy\" src=\"https:\/\/www.t-online.de\/s\/paper\/_next\/static\/media\/zoom-in.f7dae02f.svg\" alt=\"Vergr\u00f6\u00dfern des Bildes\" title=\"Vergr\u00f6\u00dfern des Bildes\" class=\"block h-[calc(var(--height)_\/_16_*_1rem)] w-[calc(var(--width)_\/_16_*_1rem)] max-w-none absolute bottom-8 right-8 rounded-4 bg-snow p-8\" decoding=\"async\"\/><\/a><\/p>\n<p>Ralf Moeller: Der Schauspieler hat drei Kinder. (Quelle: IMAGO\/Christoph Hardt)<\/p>\n<p class=\"font-bold text-18 leading-17\">Erst \u00fcberraschte er seine Fans mit einem Foto von sich mit Tochter Jacqueline. Nun zeigt sich Ralf Moeller mit Tochter Laura \u2013 zu einem ganz besonderen Anlass.<\/p>\n<p class=\"text-18 leading-17\">Mit seinen eine Million Follower teilte der Filmstar ein Foto, das auf der Hochzeit aufgenommen wurde. Ralf Moeller steht mit dem Brautpaar vor einer gro\u00dfen Tafel, die mit roten und pinken Blumen geschm\u00fcckt ist. Im Vordergrund stehen Ralf Moeller, seine Tochter und ihr Ehemann. Der Schauspieler und der Br\u00e4utigam tragen einen dunklen Anzug, Laura Moeller ein wei\u00dfes Brautkleid mit transparenten \u00c4rmeln und Blumenverzierung. Alle drei strahlen in die Kamera.<\/p>\n<p class=\"text-18 leading-17\">Zu dem Schnappschuss schrieb Ralf Moeller: &#8222;Auf der Hochzeit meiner Tochter in Sonoma, <a class=\"transition-colors duration-200 cursor-pointer text-inherit no-underline text-salemsfur md:hover:text-magenta md:hover:border-magenta md:focus:text-magenta border-current border-b border-solid break-words\" href=\"https:\/\/www.t-online.de\/themen\/kalifornien\/\" data-sctrack=\"BodyAnchor\" target=\"_blank\" rel=\"noopener\">Kalifornien<\/a>. Auf Laura und Ryan.&#8220; Der Beitrag wurde fast 5.000 Mal mit einem Like versehen. Auch Stars wie <a class=\"transition-colors duration-200 cursor-pointer text-inherit no-underline text-salemsfur md:hover:text-magenta md:hover:border-magenta md:focus:text-magenta border-current border-b border-solid break-words\" href=\"https:\/\/www.t-online.de\/themen\/boris-becker\/\" data-sctrack=\"BodyAnchor\" target=\"_blank\" rel=\"noopener\">Boris Becker<\/a> und Thea Gottschalk dr\u00fcckten auf das Herzchen. Zahlreiche Fans gratulieren dem Brautpaar zur Hochzeit. &#8222;Ganz viel Liebe und eine wunderbare Zukunft w\u00fcnsche ich dem jungen Paar&#8220;, schrieb zum Beispiel jemand. &#8222;Alles Liebe und Wunderbare f\u00fcr deine Tochter&#8220;, meinte ein anderer.<\/p>\n<p class=\"text-18 leading-17\">Laura und Jacqueline stammen aus der Ehe mit seiner Ex-Frau Annette. Das Paar war Anfang der Neunzigerjahre in die <a class=\"transition-colors duration-200 cursor-pointer text-inherit no-underline text-salemsfur md:hover:text-magenta md:hover:border-magenta md:focus:text-magenta border-current border-b border-solid break-words\" href=\"https:\/\/www.t-online.de\/themen\/usa\/\" data-sctrack=\"BodyAnchor\" target=\"_blank\" rel=\"noopener\">USA<\/a> gezogen. Laura war zu jenem Zeitpunkt bereits auf der Welt. Jacqueline wurde dann 1997 geboren. 2013 trennten sich Annette und Ralf Moeller.<\/p>\n<p class=\"text-18 leading-17\">Zudem hat der Schauspieler noch einen Sohn. Leon wurde 2006 geboren. Mutter des 19-J\u00e4hrigen ist jedoch nicht Annette Moeller, sondern Ewa Isabella Wendt. Die Hamburgerin hatte er 2003 kennengelernt.<\/p>\n","protected":false},"excerpt":{"rendered":"Laura hat geheiratet Ralf Moeller teilt Hochzeitsfoto mit seiner \u00e4ltesten Tochter 31.10.2025 &#8211; 08:09 UhrLesedauer: 2 Min. Ralf&hellip;\n","protected":false},"author":2,"featured_media":539932,"comment_status":"","ping_status":"","sticky":false,"template":"","format":"standard","meta":{"footnotes":""},"categories":[155],"tags":[132174,29,214,30,88914,152,132173,113091,215],"class_list":{"0":"post-539931","1":"post","2":"type-post","3":"status-publish","4":"format-standard","5":"has-post-thumbnail","7":"category-unterhaltung","8":"tag-annette-moeller","9":"tag-deutschland","10":"tag-entertainment","11":"tag-germany","12":"tag-hochzeitsfoto","13":"tag-instagram","14":"tag-laura-moeller","15":"tag-ralf-moeller","16":"tag-unterhaltung"},"share_on_mastodon":{"url":"https:\/\/pubeurope.com\/@de\/115467958261821633","error":""},"_links":{"self":[{"href":"https:\/\/www.europesays.com\/de\/wp-json\/wp\/v2\/posts\/539931","targetHints":{"allow":["GET"]}}],"collection":[{"href":"https:\/\/www.europesays.com\/de\/wp-json\/wp\/v2\/posts"}],"about":[{"href":"https:\/\/www.europesays.com\/de\/wp-json\/wp\/v2\/types\/post"}],"author":[{"embeddable":true,"href":"https:\/\/www.europesays.com\/de\/wp-json\/wp\/v2\/users\/2"}],"replies":[{"embeddable":true,"href":"https:\/\/www.europesays.com\/de\/wp-json\/wp\/v2\/comments?post=539931"}],"version-history":[{"count":0,"href":"https:\/\/www.europesays.com\/de\/wp-json\/wp\/v2\/posts\/539931\/revisions"}],"wp:featuredmedia":[{"embeddable":true,"href":"https:\/\/www.europesays.com\/de\/wp-json\/wp\/v2\/media\/539932"}],"wp:attachment":[{"href":"https:\/\/www.europesays.com\/de\/wp-json\/wp\/v2\/media?parent=539931"}],"wp:term":[{"taxonomy":"category","embeddable":true,"href":"https:\/\/www.europesays.com\/de\/wp-json\/wp\/v2\/categories?post=539931"},{"taxonomy":"post_tag","embeddable":true,"href":"https:\/\/www.europesays.com\/de\/wp-json\/wp\/v2\/tags?post=539931"}],"curies":[{"name":"wp","href":"https:\/\/api.w.org\/{rel}","templated":true}]}}