{"id":539973,"date":"2025-10-31T09:21:12","date_gmt":"2025-10-31T09:21:12","guid":{"rendered":"https:\/\/www.europesays.com\/de\/539973\/"},"modified":"2025-10-31T09:21:12","modified_gmt":"2025-10-31T09:21:12","slug":"abschied-von-wuppertals-ob-schneidewind","status":"publish","type":"post","link":"https:\/\/www.europesays.com\/de\/539973\/","title":{"rendered":"Abschied von Wuppertals OB Schneidewind"},"content":{"rendered":"<p class=\"text_ohne_einzug richtext text-em-55 !leading-serif mx-6 desktop:mx-0\">Am Ende von drei Stunden Verabschiedung im Wuppertaler Codeks am Tor zum Klimaquartier Arrenberg blickten sich manche der vielen gekommenen Freunde und Phasen-Begleiter ungl\u00e4ubig an. War das der Oberb\u00fcrgermeister, der sich im Wuppertaler Rathaus leicht verzweifelt f\u00fcnf Jahre lang durch die politischen Tretm\u00fchlen qu\u00e4lte und dabei oft untergetaucht und mitunter auch wirkungslos erschien? In den letzten Wochen seiner Amtszeit, vor der \u00dcbergabe an seine anwesende Nachfolgerin Miriam Scherff (SPD) hat sich der Wirtschaftswissenschaftler Uwe Schneidewind zu H\u00f6chstleistungen aufgeschwungen und nach seiner furiosen Abschlussbetrachtung in der Kirchlichen Hochschule vor einer Woche am Donnerstagabend im Codeks eine herzliche und unterhaltsame Verabschiedung von seinen Wegbegleitern gefeiert.<\/p>\n","protected":false},"excerpt":{"rendered":"Am Ende von drei Stunden Verabschiedung im Wuppertaler Codeks am Tor zum Klimaquartier Arrenberg blickten sich manche der&hellip;\n","protected":false},"author":2,"featured_media":539974,"comment_status":"","ping_status":"","sticky":false,"template":"","format":"standard","meta":{"footnotes":""},"categories":[1840],"tags":[102947,3364,29,30,5298,132179,1209,17034,25502,61120,28401,62421,4418,6226,132178],"class_list":{"0":"post-539973","1":"post","2":"type-post","3":"status-publish","4":"format-standard","5":"has-post-thumbnail","7":"category-wuppertal","8":"tag-codeks","9":"tag-de","10":"tag-deutschland","11":"tag-germany","12":"tag-humor","13":"tag-humorvoll","14":"tag-nordrhein-westfalen","15":"tag-note","16":"tag-politischen","17":"tag-reden","18":"tag-uwe-schneidewind","19":"tag-verabschiedung","20":"tag-wuppertal","21":"tag-wuppertaler","22":"tag-zeybek"},"share_on_mastodon":{"url":"https:\/\/pubeurope.com\/@de\/115468047757669891","error":""},"_links":{"self":[{"href":"https:\/\/www.europesays.com\/de\/wp-json\/wp\/v2\/posts\/539973","targetHints":{"allow":["GET"]}}],"collection":[{"href":"https:\/\/www.europesays.com\/de\/wp-json\/wp\/v2\/posts"}],"about":[{"href":"https:\/\/www.europesays.com\/de\/wp-json\/wp\/v2\/types\/post"}],"author":[{"embeddable":true,"href":"https:\/\/www.europesays.com\/de\/wp-json\/wp\/v2\/users\/2"}],"replies":[{"embeddable":true,"href":"https:\/\/www.europesays.com\/de\/wp-json\/wp\/v2\/comments?post=539973"}],"version-history":[{"count":0,"href":"https:\/\/www.europesays.com\/de\/wp-json\/wp\/v2\/posts\/539973\/revisions"}],"wp:featuredmedia":[{"embeddable":true,"href":"https:\/\/www.europesays.com\/de\/wp-json\/wp\/v2\/media\/539974"}],"wp:attachment":[{"href":"https:\/\/www.europesays.com\/de\/wp-json\/wp\/v2\/media?parent=539973"}],"wp:term":[{"taxonomy":"category","embeddable":true,"href":"https:\/\/www.europesays.com\/de\/wp-json\/wp\/v2\/categories?post=539973"},{"taxonomy":"post_tag","embeddable":true,"href":"https:\/\/www.europesays.com\/de\/wp-json\/wp\/v2\/tags?post=539973"}],"curies":[{"name":"wp","href":"https:\/\/api.w.org\/{rel}","templated":true}]}}