{"id":540173,"date":"2025-10-31T11:22:12","date_gmt":"2025-10-31T11:22:12","guid":{"rendered":"https:\/\/www.europesays.com\/de\/540173\/"},"modified":"2025-10-31T11:22:12","modified_gmt":"2025-10-31T11:22:12","slug":"staedtebau-in-stuttgart-s-21-buergerbegehren-gegen-bebauung-der-gleisflaechen-gescheitert-stuttgart","status":"publish","type":"post","link":"https:\/\/www.europesays.com\/de\/540173\/","title":{"rendered":"St\u00e4dtebau in Stuttgart: S-21-B\u00fcrgerbegehren gegen Bebauung der Gleisfl\u00e4chen gescheitert &#8211; Stuttgart"},"content":{"rendered":"<p>Das B\u00fcrgerbegehren gegen die Bebauung der Gleisfl\u00e4chen in Stuttgart ist gescheitert. Laut Stadt haben die Initiatoren nicht gen\u00fcgend g\u00fcltige Unterschriften beigebracht.<\/p>\n<p>Die Initiatoren eines B\u00fcrgerbegehrens mit dem Ziel, die Bebauung der bisherigen Gleisfl\u00e4chen <a href=\"https:\/\/www.esslinger-zeitung.de\/inhalt.neues-buergerbegehren-unterschriften-fuer-besseres-stuttgart-21.454c0cbe-f9ad-49ac-a5c7-838d4d8baea0.html\" target=\"_blank\" rel=\"nofollow noopener\">in der Innenstadt zu verhindern<\/a>, haben nicht die erforderliche Zahl g\u00fcltiger Unterst\u00fctzerunterschriften von 20\u2009000 erreicht. So ist zumindest die Lesart der Stadtverwaltung nach Ende der Ausz\u00e4hlung. <\/p>\n","protected":false},"excerpt":{"rendered":"Das B\u00fcrgerbegehren gegen die Bebauung der Gleisfl\u00e4chen in Stuttgart ist gescheitert. Laut Stadt haben die Initiatoren nicht gen\u00fcgend&hellip;\n","protected":false},"author":2,"featured_media":489457,"comment_status":"","ping_status":"","sticky":false,"template":"","format":"standard","meta":{"footnotes":""},"categories":[1830],"tags":[5412,1634,28779,3364,2030,29,30,89467,1441,9634,601],"class_list":{"0":"post-540173","1":"post","2":"type-post","3":"status-publish","4":"format-standard","5":"has-post-thumbnail","7":"category-stuttgart","8":"tag-gleise","9":"tag-baden-wuerttemberg","10":"tag-buergerbegehren","11":"tag-de","12":"tag-deutsche-bahn","13":"tag-deutschland","14":"tag-germany","15":"tag-hannes-rockenbauch","16":"tag-stuttgart","17":"tag-stuttgart-21","18":"tag-verkehr"},"share_on_mastodon":{"url":"https:\/\/pubeurope.com\/@de\/115468523816639006","error":""},"_links":{"self":[{"href":"https:\/\/www.europesays.com\/de\/wp-json\/wp\/v2\/posts\/540173","targetHints":{"allow":["GET"]}}],"collection":[{"href":"https:\/\/www.europesays.com\/de\/wp-json\/wp\/v2\/posts"}],"about":[{"href":"https:\/\/www.europesays.com\/de\/wp-json\/wp\/v2\/types\/post"}],"author":[{"embeddable":true,"href":"https:\/\/www.europesays.com\/de\/wp-json\/wp\/v2\/users\/2"}],"replies":[{"embeddable":true,"href":"https:\/\/www.europesays.com\/de\/wp-json\/wp\/v2\/comments?post=540173"}],"version-history":[{"count":0,"href":"https:\/\/www.europesays.com\/de\/wp-json\/wp\/v2\/posts\/540173\/revisions"}],"wp:featuredmedia":[{"embeddable":true,"href":"https:\/\/www.europesays.com\/de\/wp-json\/wp\/v2\/media\/489457"}],"wp:attachment":[{"href":"https:\/\/www.europesays.com\/de\/wp-json\/wp\/v2\/media?parent=540173"}],"wp:term":[{"taxonomy":"category","embeddable":true,"href":"https:\/\/www.europesays.com\/de\/wp-json\/wp\/v2\/categories?post=540173"},{"taxonomy":"post_tag","embeddable":true,"href":"https:\/\/www.europesays.com\/de\/wp-json\/wp\/v2\/tags?post=540173"}],"curies":[{"name":"wp","href":"https:\/\/api.w.org\/{rel}","templated":true}]}}