{"id":540759,"date":"2025-10-31T17:00:18","date_gmt":"2025-10-31T17:00:18","guid":{"rendered":"https:\/\/www.europesays.com\/de\/540759\/"},"modified":"2025-10-31T17:00:18","modified_gmt":"2025-10-31T17:00:18","slug":"frankfurt-mercedes-stuerzt-in-aufzug-frau-leicht-verletzt-regional","status":"publish","type":"post","link":"https:\/\/www.europesays.com\/de\/540759\/","title":{"rendered":"Frankfurt: Mercedes st\u00fcrzt in Aufzug \u2013 Frau leicht verletzt | Regional"},"content":{"rendered":"<p>Frankfurt (Hessen) \u2013 <b>Mit Vollgas in den Keller! Im Frankfurter Stadtteil Bergen-Enkheim krachte ein Mercedes CLA in einen Auto-Aufzug \u2013 und blieb kopf\u00fcber im Schacht stecken! <\/b><\/p>\n<p>Gegen 16.10 Uhr steuerte die Fahrerin (64) des Wagens mit ihren beiden Mitfahrern (9\/34) die Tiefgarage eines Mehrfamilienhauses an der Erich-K\u00e4stner-Stra\u00dfe in Frankfurt (<a href=\"https:\/\/www.bild.de\/regional\/hessen\/home-ptCw2ISStXbmLJc2SbCt\" class=\"text-link\" target=\"_blank\" rel=\"noopener\">Hessen<\/a>) an. Das Haus verf\u00fcgt \u00fcber einen Lastenfahrstuhl, \u00fcber den die Autos ins Untergeschoss gelangen.<\/p>\n<p><img decoding=\"async\" width=\"992\" height=\"558\" alt=\"Die drei Insassen wurden bei dem skurrilen Unfall leicht verletzt. Die Feuerwehr Frankfurt sprach von einem au\u00dfergew\u00f6hnlichen Einsatz\" src=\"https:\/\/www.europesays.com\/de\/wp-content\/uploads\/2025\/10\/2fd7a5929ca0cb3f043185ba34664e3f,6b61668e\"   class=\"landscape\" loading=\"lazy\"\/><\/p>\n<p class=\"fig__caption__text\">Die Fahrerin wurde bei dem Unfall zum Gl\u00fcck nur leicht verletzt. Die Feuerwehr sprach von einem \u201eau\u00dfergew\u00f6hnlichen Einsatz\u201c<\/p>\n<p>Foto: Feuerwehr Frankfurt<\/p>\n<p>Mercedes beschleunigte pl\u00f6tzlich<\/p>\n<p>Die Fahrerin wartete zun\u00e4chst. Doch noch bevor sich die T\u00fcren des Aufzugs \u00f6ffneten, beschleunigte das Auto pl\u00f6tzlich! Der Mercedes durchbrach die Metallt\u00fcr des Lifts \u2013 und st\u00fcrzte ab!<\/p>\n<p><b>\u201eDer Wagen verkeilte sich vertikal im T\u00fcrrahmen, die Front zeigte dabei ca. f\u00fcnf Meter in die Tiefe\u201c, so ein Polizeisprecher.<\/b><\/p>\n<p>Die Feuerwehr r\u00fcckte mit Spezialwerkzeug an. Mit mehreren Ketten wurde der schwere Wagen gesichert und r\u00fcckw\u00e4rts aus dem Schacht gezogen. <\/p>\n<p>Fahrerin (64) mit leichten Verletzungen gerettet<\/p>\n<p>Als der Mercedes zur H\u00e4lfte aus dem Fahrstuhleingang wieder herausragte, befreiten die Retter alle Insassen. Die Fahrerin kam mit leichten Verletzungen davon, die Mitfahrer blieben unverletzt \u2013 waren aber sichtlich geschockt.<\/p>\n<p>Mehr zum Thema<\/p>\n<p><b>Ein Feuerwehrsprecher: \u201eSo was sieht man im Feuerwehr-Leben wahrscheinlich nur einmal.\u201c Der Schaden an Auto und Aufzug ist erheblich. Die Polizei hat den Wagen f\u00fcr technische Untersuchungen sichergestellt und ermittelt jetzt die genaue <\/b><a href=\"https:\/\/www.bild.de\/themen\/ereignisse\/unfaelle\/auto-news-fotos-videos-17004002.bild.html\" class=\"text-link\" target=\"_blank\" rel=\"noopener\"><b>Unfallursache<\/b><\/a><b>.<\/b><\/p>\n","protected":false},"excerpt":{"rendered":"Frankfurt (Hessen) \u2013 Mit Vollgas in den Keller! Im Frankfurter Stadtteil Bergen-Enkheim krachte ein Mercedes CLA in einen&hellip;\n","protected":false},"author":2,"featured_media":540760,"comment_status":"","ping_status":"","sticky":false,"template":"","format":"standard","meta":{"footnotes":""},"categories":[1829],"tags":[17125,29,985,2050,2051,30,2052,121,132322,45,2624,2625,3260],"class_list":{"0":"post-540759","1":"post","2":"type-post","3":"status-publish","4":"format-standard","5":"has-post-thumbnail","7":"category-frankfurt-am-main","8":"tag-aufzug","9":"tag-deutschland","10":"tag-feuerwehr","11":"tag-frankfurt","12":"tag-frankfurt-am-main","13":"tag-germany","14":"tag-hessen","15":"tag-polizei","16":"tag-skurril","17":"tag-texttospeech","18":"tag-unfaelle","19":"tag-unfallursache","20":"tag-verkehrsunfall"},"share_on_mastodon":{"url":"","error":""},"_links":{"self":[{"href":"https:\/\/www.europesays.com\/de\/wp-json\/wp\/v2\/posts\/540759","targetHints":{"allow":["GET"]}}],"collection":[{"href":"https:\/\/www.europesays.com\/de\/wp-json\/wp\/v2\/posts"}],"about":[{"href":"https:\/\/www.europesays.com\/de\/wp-json\/wp\/v2\/types\/post"}],"author":[{"embeddable":true,"href":"https:\/\/www.europesays.com\/de\/wp-json\/wp\/v2\/users\/2"}],"replies":[{"embeddable":true,"href":"https:\/\/www.europesays.com\/de\/wp-json\/wp\/v2\/comments?post=540759"}],"version-history":[{"count":0,"href":"https:\/\/www.europesays.com\/de\/wp-json\/wp\/v2\/posts\/540759\/revisions"}],"wp:featuredmedia":[{"embeddable":true,"href":"https:\/\/www.europesays.com\/de\/wp-json\/wp\/v2\/media\/540760"}],"wp:attachment":[{"href":"https:\/\/www.europesays.com\/de\/wp-json\/wp\/v2\/media?parent=540759"}],"wp:term":[{"taxonomy":"category","embeddable":true,"href":"https:\/\/www.europesays.com\/de\/wp-json\/wp\/v2\/categories?post=540759"},{"taxonomy":"post_tag","embeddable":true,"href":"https:\/\/www.europesays.com\/de\/wp-json\/wp\/v2\/tags?post=540759"}],"curies":[{"name":"wp","href":"https:\/\/api.w.org\/{rel}","templated":true}]}}