{"id":541066,"date":"2025-10-31T19:51:17","date_gmt":"2025-10-31T19:51:17","guid":{"rendered":"https:\/\/www.europesays.com\/de\/541066\/"},"modified":"2025-10-31T19:51:17","modified_gmt":"2025-10-31T19:51:17","slug":"fc-bayern-muenchen-viele-interessenten-bosse-wollen-wohl-nachwuchsstuermer-binden","status":"publish","type":"post","link":"https:\/\/www.europesays.com\/de\/541066\/","title":{"rendered":"FC Bayern M\u00fcnchen: &#8222;Viele Interessenten&#8220; &#8211; Bosse wollen wohl Nachwuchsst\u00fcrmer binden"},"content":{"rendered":"<p class=\"css-1q8kfuz\">Alle Transfer-News und Ger\u00fcchte zum\u00a0FC Bayern M\u00fcnchen im \u00dcberblick. Welche Stars wechseln? Welche gehen? Alle Informationen zum deutschen Rekordmeister im Ticker.<\/p>\n<p class=\"css-1cmglxz\">Hier findet ihr alle Transfer-News und aktuelle Ger\u00fcchte zum <a data-li-document-ref=\"443207\" href=\"https:\/\/www.ran.de\/sports\/fussball\/fc-bayern-muenchen\" target=\"_blank\" rel=\"noopener\">FC Bayern M\u00fcnchen.<\/a><\/p>\n<p class=\"css-1cmglxz\">Die wichtigsten <a data-li-document-ref=\"384426\" href=\"https:\/\/www.ran.de\/sports\/fussball\/bundesliga\/news\/timo-huebers-neuer-koeln-vertrag-nach-horror-verletzung-transfergeruechte-und-news-der-bundesliga-384426\" target=\"_blank\" rel=\"noopener\">Transferger\u00fcchte der\u00a0Bundesliga<\/a>\u00a0und <a data-li-document-ref=\"343680\" href=\"https:\/\/www.ran.de\/sports\/fussball\/news\/nachfolger-fuer-robert-lewandowski-fc-barcelona-buhlt-um-weltmeister-internationale-transfers-und-geruechte-im-ticker-343680\" target=\"_blank\" rel=\"noopener\">der\u00a0internationalen Top-Ligen<\/a>\u00a0findet ihr ebenfalls auf <strong>ran.de<\/strong>.<\/p>\n<p>+++ 31. Oktober, 18:20 Uhr: &#8222;Viele Interessenten&#8220; &#8211; FCB-Bosse wollen wohl Nachwuchsst\u00fcrmer binden +++<\/p>\n<p class=\"css-1cmglxz\">Beim FC Bayern steht laut &#8222;Bild&#8220; eine Personalie aktuell ganz weit oben auf der Priorit\u00e4tenlisten: Die Rede ist von Yll Gashi. Der 17 Jahre alte St\u00fcrmer steht noch bis 2026 beim Rekordmeister unter Vertrag und soll &#8222;viele Interessenten&#8220; haben.<\/p>\n<p class=\"css-1cmglxz\">Demnach sollen neben dem VfB Stuttgart und Eintracht Frankfurt auch die Topklubs Juventus Turin und AC Mailand Interesse an dem Toptalent haben. Zudem gelten auch Vereine aus \u00d6sterreich und der 2. Bundesliga als interessiert.<\/p>\n<p class=\"css-1cmglxz\">Bayerns Sportdirektor Christoph Freund und der Leiter des Bayern Campus, Jochen Sauer, sollen dementsprechend einen Verbleib des Youngsters mit Priorit\u00e4t behandeln.<\/p>\n<p class=\"css-1cmglxz\">In den Verhandlungen mit dem St\u00fcrmer und seinen Vertretern wollen die FCB-Verantwortlichen wohl damit punkten, dass jungen Talenten &#8211; wie aktuell Shootingstar Lennart Karl &#8211; eine Chance gegeben wird.<\/p>\n<p class=\"css-1cmglxz\">So hei\u00dft es, man plane, Gashi darzulegen, &#8222;dass er der n\u00e4chste sein kann, der den Sprung zu den Profis schafft&#8220;.<\/p>\n<p class=\"css-1cmglxz\">Der junge Deutsche ist im Sturmzentrum und auf den Fl\u00fcgelpositionen einsetzbar. 2022 kam er von der Hertha nach M\u00fcnchen, schon damals hatten sich mit RB Leipzig, dem BVB, Juve und dem FC Chelsea viele Klubs um ihn bem\u00fcht.<\/p>\n<p class=\"css-1cmglxz\">Aktuell spielt er f\u00fcr die U17 und U19 des Rekordmeisters. Seine Treffsicherheit stellte er dabei bereits unter Beweis. So erzielte er in 44 Spielen f\u00fcr die U17 35 Tore und bereitete zw\u00f6lf Treffer vor. Bei der U19 kommt er auf vier Treffer in zehn Spielen.<\/p>\n<p>+++ 31. Oktober, 10:09 Uhr: Vertragsstreit zwischen FCB und Alphonso Davies? +++<\/p>\n<p class=\"css-1cmglxz\">Seit Monaten schon ist Alphonso Davies verletzt. Der Linksfu\u00df erholt sich aktuell von einem Kreuzbandriss. Die Hoffnung ist, dass er wom\u00f6glich noch 2025 auf dem Platz stehen kann.<\/p>\n<p class=\"css-1cmglxz\">Offenbar gibt es jedoch Unstimmigkeiten, was die Lohnfortzahlung zwischen dem Kanadier und dem FCB angeht. Das berichtet die &#8222;Bild&#8220;. Am 1. Juli trat der zuletzt verl\u00e4ngerte Vertrag von Davies in Kraft, laut dem flie\u00dft sein Gehalt auch im Verletzungsfall weiter.<\/p>\n<p class=\"css-1cmglxz\">Allerdings verletzte sich der Au\u00dfenbahnspieler, als der alte Vertrag noch G\u00fcltigkeit hatte. Dieser besagte, dass die Lohnfortzahlung nur sechs Wochen von Vereinsseite aus stattfindet. Wie sich die Parteien am Ende einigen, ist offen.<\/p>\n<p>Dieser Inhalt stammt von externen Anbietern wie Facebook, Instagram oder Youtube. Aktiviere bitte Personalisierte Anzeigen und Inhalte sowie Anbieter au\u00dferhalb des CMP Standards, um diese Inhalte anzuzeigen.Privatsph\u00e4re-Einstellungen+++ 30. Oktober, 19:22 Uhr: Bayern nimmt Top-Talent aus den Niederlanden ins Visier +++<\/p>\n<p class=\"css-1cmglxz\">Auch wenn es bei den Bayern derzeit au\u00dfergew\u00f6hnlich gut l\u00e4uft, ist die Au\u00dfenverteidigerposition in der Breite wohl am schw\u00e4chsten besetzt.<\/p>\n<p class=\"css-1cmglxz\">Aktuell ist nur Konrad Laimer gesetzt, Sacha Boey spielt aus Personalmangel und gilt als Verkaufskandidat. Raphael Guerreiros Vertrag l\u00e4uft aus und Hiroki Ito war seit seiner Ankunft beim FCB fast durchgehend verletzt.<\/p>\n<p class=\"css-1cmglxz\">Zur Verf\u00fcgung stehen noch Josip Stanisic und <a data-li-document-ref=\"515811\" href=\"https:\/\/www.ran.de\/sports\/fussball\/alphonso-davies\" target=\"_blank\" rel=\"noopener\">Alphonso Davies<\/a>, der nach seiner Verletzung wohl noch in diesem Jahr zur\u00fcckkehren wird.<\/p>\n<p class=\"css-1cmglxz\">Die Bosse um <a data-li-document-ref=\"497899\" href=\"https:\/\/www.ran.de\/sports\/fussball\/max-eberl\" target=\"_blank\" rel=\"noopener\">Max Eberl<\/a>\u00a0sehen jedenfalls Verbesserungsbedarf und sind laut &#8222;Sky&#8220;-Informationen in den Niederlanden f\u00fcndig geworden.<\/p>\n<p class=\"css-1cmglxz\">Offenbar handelt es sich um Givairo Read. Ein 19-j\u00e4hriges Rechtsverteidigertalent von Feyenoord Rotterdam. Er stand in dieser Saison bereits in zw\u00f6lf Pflichtspielen auf dem Platz, erzielte ein Tor und bereitete zwei weitere vor.<\/p>\n<p class=\"css-1cmglxz\">Sein Vertrag l\u00e4uft noch bis 2029, erste Gespr\u00e4che sollen bereits stattgefunden haben.<\/p>\n<p class=\"css-1cmglxz\">Auch interessant: <a data-li-document-ref=\"597670\" href=\"https:\/\/www.ran.de\/sports\/fussball\/premier-league\/news\/nick-woltemade-gigantischer-hype-um-newcastle-star-eine-leistungsexplosion-mit-ansage-kommentar-597670\" target=\"_blank\" rel=\"noopener\">Nick Woltemade: Gigantischer Hype in England! Eine Leistungsexplosion mit Ansage \u2013 Kommentar<\/a><\/p>\n<p>+++ 29. Oktober, 16:51 Uhr: Bayern senkt bei Min-jae Kim wohl die Ausstiegsklausel +++<\/p>\n<p class=\"css-1cmglxz\">Der S\u00fcdkoreaner Min-jae Kim wurde im Sommer 2023 vom FC Bayern mit hohen Erwartungen aus Neapel verpflichtet. Die Erwartungen waren so hoch, dass die M\u00fcnchner den Innenverteidiger nach Informationen der\u00a0 &#8222;Sport-Bild&#8220; mit einer Ausstiegsklausel von 100 Millionen Euro ausstatteten f\u00fcr den Fall, dass ihn ein anderer Verein versuchen sollte abzuwerben.<\/p>\n<p class=\"css-1cmglxz\">Mittlerweile aber w\u00e4re der FCB offenbar schon froh, wenn sich ein Abnehmer schon f\u00fcr deutlich weniger Abl\u00f6se finden w\u00fcrde. Denn Kim, dessen Vertrag bis 2028 l\u00e4uft, ist in der Hackordnung der Innenverteidiger bei den Bayern hinter <a data-li-document-ref=\"552091\" href=\"https:\/\/www.ran.de\/sports\/fussball\/jonathan-tah\" target=\"_blank\" rel=\"noopener\">Jonathan Tah<\/a> und <a data-li-document-ref=\"579979\" href=\"https:\/\/www.ran.de\/sports\/fussball\/dayot-upamecano\" target=\"_blank\" rel=\"noopener\">Dayot Upamecano<\/a> mit Abstand nur noch die Nummer 3.<\/p>\n<p class=\"css-1cmglxz\">Deshalb, so will die &#8222;Sport Bild&#8220; erfahren haben, haben die Bayern die Klausel von 100 auf 70 Millionen Euro heruntergesetzt. Doch auch f\u00fcr diese Summe sollte sich kaum ein vern\u00fcnftig wirtschaftender Interessent finden. Kim hatte vor zwei Jahren um die 45 Millionen Euro gekostet, sein Marktwert liegt laut &#8222;transfermarkt.de&#8220; aber inzwischen nur noch bei 32 Millionen. Immerhin:<a data-li-document-ref=\"541484\" href=\"https:\/\/www.ran.de\/sports\/fussball\/inter-mailand\" target=\"_blank\" rel=\"noopener\"> Inter Mailand<\/a> und <a data-li-document-ref=\"541487\" href=\"https:\/\/www.ran.de\/sports\/fussball\/juventus-turin\" target=\"_blank\" rel=\"noopener\">Juventus Turin<\/a> sollen zumindest grunds\u00e4tzlich an einem Transfer interessiert sein.<\/p>\n<p class=\"css-1cmglxz\">Auch interessant: <a data-li-document-ref=\"597619\" href=\"https:\/\/www.ran.de\/sports\/fussball\/dfb-pokal\/news\/dfb-pokal-fc-bayern-gewinnt-beim1-fc-koeln-noten-und-einzelkritiken-der-fcb-stars-597619\" target=\"_blank\" rel=\"noopener\">DFB-Pokal: FC Bayern M\u00fcnchen gewinnt beim 1. FC K\u00f6ln &#8211; die Noten und Einzelkritiken der Profis vom FCB<\/a><\/p>\n<p>+++ 28. Oktober, 13:19 Uhr: Fisnik Asllani hei\u00dfer Kandidat als Kane-Backup +++<\/p>\n<p class=\"css-1cmglxz\">Fisnik Asllani spielt momentan bei der TSG Hoffenheim eine famose Saison. In neun Pflichtspielen kommt der 23-J\u00e4hrige bisher auf sechs Tore und zwei Assists.<\/p>\n<p class=\"css-1cmglxz\">Bereits letztes Jahr \u00fcberzeugte der St\u00fcrmer, als er leihweise dem Kader der SV Elversberg angeh\u00f6rte. Mit 19 Toren und zehn Assists in 39 Spielen geh\u00f6rter Asllani zu den Topst\u00fcrmern der <a href=\"https:\/\/www.ran.de\/sports\/fussball\/2-bundesliga\" target=\"_blank\" rel=\"noopener\">Zweiten Liga<\/a>.<\/p>\n<p class=\"css-1cmglxz\">Seine bisher sehr erfolgreiche Saison hat auch gro\u00dfe Teams angelockt. Vereine aus der <a href=\"https:\/\/www.ran.de\/sports\/fussball\/bundesliga\" target=\"_blank\" rel=\"noopener\">Bundesliga<\/a> und der <a href=\"https:\/\/www.ran.de\/sports\/fussball\/premier-league\" target=\"_blank\" rel=\"noopener\">Premier League<\/a> zeigen bereits fr\u00fch in der Saison gro\u00dfes Interesse an Asllani. Doch der gr\u00f6\u00dfte Player scheint laut &#8222;Sky&#8220; der Traumverein des 23-J\u00e4hrigen zu sein: der <a data-li-document-ref=\"497540\" href=\"https:\/\/www.ran.de\/sports\/fussball\/fc-barcelona\" target=\"_blank\" rel=\"noopener\">FC Barcelona<\/a>. Die Katalanen beobachten die Entwicklung des St\u00fcrmers genau.<\/p>\n<p class=\"css-1cmglxz\">Nun soll laut Infos von &#8222;Sky&#8220; auch der FC Bayern \u00fcber den Kosovaren nachdenken. Der Rekordmeister zeigt sich von der Asllanis Entwicklung beeindruckt und w\u00fcrden ihn demnach gerne als Kane-Backup verpflichten.<\/p>\n<p class=\"css-1cmglxz\">Auch interessant: <a data-li-document-ref=\"597444\" href=\"https:\/\/www.ran.de\/sports\/fussball\/bundesliga\/news\/fc-bayern-vor-kauf-von-neuem-stadion-in-unterhaching-was-hat-der-deal-mit-der-nfl-zu-tun-597444\" target=\"_blank\" rel=\"noopener\">FC Bayern M\u00fcnchen: Sportpark Unterhaching als zus\u00e4tzliches Stadion? Was es kosten und wer dort spielen soll<\/a><\/p>\n<p>+++ 27. Oktober, 22:38 Uhr: Vertrag von Lennart Karl verl\u00e4ngert sich wohl mit Vollj\u00e4hrigkeit bis 2029 +++<\/p>\n<p class=\"css-1cmglxz\">Der aktuelle M\u00fcnchner Shootingstar<a data-li-document-ref=\"576802\" href=\"https:\/\/www.ran.de\/sports\/fussball\/lennart-karl\" target=\"_blank\" rel=\"noopener\"> Lennart Karl<\/a> hat seinen Vertrag k\u00fcrzlich bis 2028 verl\u00e4ngert.<\/p>\n<p class=\"css-1cmglxz\">Doch wie nun &#8222;Sky&#8220; berichtet, erh\u00e4lt der Teenager an seinem 18. Geburtstag am 22. Februar 2026 einen neuen Kontrakt.<\/p>\n<p class=\"css-1cmglxz\">Dann wird das aktuelle Arbeitspapier dem Bericht nach in einen Profivertrag umgewandelt und verl\u00e4ngert sich zudem auch noch um ein weiteres Jahr bis zum Sommer 2029.<\/p>\n<p class=\"css-1cmglxz\">Karls Vertrag soll keine Ausstiegsklausel beinhalten.<\/p>\n<p class=\"css-1cmglxz\">Mehr zum Thema: <a data-li-document-ref=\"597471\" href=\"https:\/\/www.ran.de\/sports\/fussball\/bundesliga\/news\/fc-bayern-muenchen-lennart-karl-wohl-vor-erneuter-vertragsverlaengerung-597471\" target=\"_blank\" rel=\"noopener\">FC Bayern M\u00fcnchen: Lennart Karl wohl vor erneuter Vertragsverl\u00e4ngerung<\/a><\/p>\n<p>+++ 27. Oktober, 10:05 Uhr: Scheitert der Abgang von Min-jae Kim an seinem hohen Gehalt? +++<\/p>\n<p class=\"css-1cmglxz\">Der s\u00fcdkoreanische Innenverteidiger Min-jae Kim steht seit Sommer 2023 beim FC Bayern unter Vertrag, nachdem er von der SSC Neapel in die Bundesliga gewechselt war. Bei den Bayern erarbeitete er sich zun\u00e4chst einen Stammplatz, verlor diesen jedoch mit der Ankunft von Jonathan Tah wieder. Kim kam in dieser Saison daher bislang nur auf 426 Spielminuten, davon gingen lediglich drei Eins\u00e4tze \u00fcber die volle Distanz.<\/p>\n<p class=\"css-1cmglxz\">Ein Wechsel scheint vor allem im kommenden Sommer eine realistische Option zu sein. Transferexperte Fabrizio Romano berichtet, dass Kims Jahresgehalt bei rund acht bis neun Millionen Euro inklusive Pr\u00e4mien liegen soll.<\/p>\n<p class=\"css-1cmglxz\">Besonders f\u00fcr den interessierten italienischen Markt, etwa f\u00fcr Inter Mailand und Juventus Turin, w\u00e4re dieses Gehalt jedoch schwer zu stemmen. Sein Vertrag bei den Bayern l\u00e4uft noch bis Sommer 2028.<\/p>\n<p class=\"css-1cmglxz\">Auch interessant: <a data-li-document-ref=\"597345\" href=\"https:\/\/www.ran.de\/sports\/fussball\/bundesliga\/news\/fc-bayern-lennart-karl-zur-wm2026-warum-jamal-musiala-ein-vorbild-sein-koennte-597345\" target=\"_blank\" rel=\"noopener\">FC Bayern: Lennart Karl zur WM? Warum Musiala ein Vorbild sein k\u00f6nnte<\/a><\/p>\n<p>+++ 25. Oktober, 9:00 Uhr: Pep Guardiola lie\u00df wohl Bayern-Wechsel eines City-Youngsters platzen +++<\/p>\n<p class=\"css-1cmglxz\">Verhinderte ausgerechnet Ex-Bayern-Coach Pep Guardiola im Sommer den Wechsel eines hoch gehandelten Talents zum Deutschen Meister? Das jedenfalls berichtet &#8222;ESPN Brazil&#8220;. Demnach seien die Bayern am 19-j\u00e4hrigen Brasilianer Vitor Reis interessiert gewesen. Der Innenverteidiger wechselte erst im Winter f\u00fcr 40 Millionen Euro von Palmeiras zu Manchester City, kam in der vergangenen R\u00fcckrunde unter Guardiola jedoch nur auf vier Pflichtspiel-Eins\u00e4tze.<\/p>\n<p class=\"css-1cmglxz\">Doch der Trainer der &#8222;Citizens&#8220; habe ein Veto gegen einen Abgang des Top-Talents im Sommer-Transferfenster eingelegt. Er habe Reis stattdessen versichert, dass er in Zukunft eine zentrale Rolle in der Defensive der &#8222;Skyblues&#8220; spielen werde. Einem m\u00f6glichen Bayern-Wechsel war damit der Riegel vorgeschoben.<\/p>\n<p class=\"css-1cmglxz\">Bei City blieb Reis dennoch nicht: Er wurde zum spanischen FC Girona verliehen, ebenfalls Teil der City Football Group. Beim derzeitigen Schlusslicht der spanischen Liga ist Reis gesetzt.<\/p>\n<p>FC Bayern M\u00fcnchen: Die aktuellsten Transfers<\/p>\n","protected":false},"excerpt":{"rendered":"Alle Transfer-News und Ger\u00fcchte zum\u00a0FC Bayern M\u00fcnchen im \u00dcberblick. Welche Stars wechseln? Welche gehen? Alle Informationen zum deutschen&hellip;\n","protected":false},"author":2,"featured_media":541067,"comment_status":"","ping_status":"","sticky":false,"template":"","format":"standard","meta":{"footnotes":""},"categories":[1827],"tags":[772,29,458,30,22045,1268,15,132362,1889],"class_list":{"0":"post-541066","1":"post","2":"type-post","3":"status-publish","4":"format-standard","5":"has-post-thumbnail","7":"category-muenchen","8":"tag-bayern","9":"tag-deutschland","10":"tag-fc-bayern-muenchen","11":"tag-germany","12":"tag-geruechte","13":"tag-muenchen","14":"tag-news","15":"tag-yll-gashi","16":"tag-zukunft"},"share_on_mastodon":{"url":"https:\/\/pubeurope.com\/@de\/115470525051111318","error":""},"_links":{"self":[{"href":"https:\/\/www.europesays.com\/de\/wp-json\/wp\/v2\/posts\/541066","targetHints":{"allow":["GET"]}}],"collection":[{"href":"https:\/\/www.europesays.com\/de\/wp-json\/wp\/v2\/posts"}],"about":[{"href":"https:\/\/www.europesays.com\/de\/wp-json\/wp\/v2\/types\/post"}],"author":[{"embeddable":true,"href":"https:\/\/www.europesays.com\/de\/wp-json\/wp\/v2\/users\/2"}],"replies":[{"embeddable":true,"href":"https:\/\/www.europesays.com\/de\/wp-json\/wp\/v2\/comments?post=541066"}],"version-history":[{"count":0,"href":"https:\/\/www.europesays.com\/de\/wp-json\/wp\/v2\/posts\/541066\/revisions"}],"wp:featuredmedia":[{"embeddable":true,"href":"https:\/\/www.europesays.com\/de\/wp-json\/wp\/v2\/media\/541067"}],"wp:attachment":[{"href":"https:\/\/www.europesays.com\/de\/wp-json\/wp\/v2\/media?parent=541066"}],"wp:term":[{"taxonomy":"category","embeddable":true,"href":"https:\/\/www.europesays.com\/de\/wp-json\/wp\/v2\/categories?post=541066"},{"taxonomy":"post_tag","embeddable":true,"href":"https:\/\/www.europesays.com\/de\/wp-json\/wp\/v2\/tags?post=541066"}],"curies":[{"name":"wp","href":"https:\/\/api.w.org\/{rel}","templated":true}]}}