{"id":541094,"date":"2025-10-31T20:09:13","date_gmt":"2025-10-31T20:09:13","guid":{"rendered":"https:\/\/www.europesays.com\/de\/541094\/"},"modified":"2025-10-31T20:09:13","modified_gmt":"2025-10-31T20:09:13","slug":"moderator-meldet-sich-zurueck-pierre-m-krause-macht-krebserkrankung-oeffentlich","status":"publish","type":"post","link":"https:\/\/www.europesays.com\/de\/541094\/","title":{"rendered":"Moderator meldet sich zur\u00fcck: Pierre M. Krause macht Krebserkrankung \u00f6ffentlich"},"content":{"rendered":"<p>                    Moderator meldet sich zur\u00fcck<br \/>\n                Pierre M. Krause macht Krebserkrankung \u00f6ffentlich<\/p>\n<p>\t\t\t\t              31.10.2025, 19:49 Uhr<\/p>\n<p>\t\t\t\t\t       Artikel anh\u00f6ren<\/p>\n<p>\t\t\t\t\t\t\tDiese Audioversion wurde k\u00fcnstlich generiert. <a href=\"https:\/\/www.n-tv.de\/23249898\" target=\"_blank\" rel=\"noopener\">Mehr Infos<\/a><\/p>\n<p><strong>Ein Jahr zieht sich Moderator Pierre M. Krause aus der \u00d6ffentlichkeit zur\u00fcck. Nun verr\u00e4t er die &#8222;unerfreulichen Gr\u00fcnde&#8220; f\u00fcr diese Funkstille: Er hatte Krebs. Als &#8222;Tumor\u00fcberlebender&#8220; will er nun aber nicht auftreten.<\/strong><\/p>\n<p>Die &#8222;Krause-Pause&#8220; ist vorbei. Mit gleich mehreren Videos, in denen die Cr\u00e8me de la Cr\u00e8me der deutschen Comedyszene sich fragt <a href=\"https:\/\/www.instagram.com\/p\/DQRK-ynDBDp\/?hl=de\" rel=\"Follow noopener\" target=\"_blank\">&#8222;Wo ist Pierre M. Krause?&#8220;<\/a>, meldet sich der 49-J\u00e4hrige nach einem Jahr Funkstille bei Instagram und somit in der \u00d6ffentlichkeit zur\u00fcck. <\/p>\n<p>&#8222;Jetzt aber! Aus sehr unerfreulichen Gr\u00fcnden musste ich ein Jahr pausieren&#8220;, geht Krause selbst in einem Post auf seine zw\u00f6lfmonatige Sendepause ein. F\u00fcr Fans von &#8222;Krauses Kurzstrecke&#8220; habe er gute Nachrichten, verk\u00fcndet er. Es gibt neue Folgen der SWR-Sendung. Allerdings gehe er es nun &#8222;langsamer&#8220; an. Sein &#8222;lieber Freund Puffi&#8220;, alias &#8222;TV total&#8220;-Moderator Sebastian Pufpaff, helfe ihm &#8222;mit seiner ihm angeborenen Brillanz bei der heutigen Wiedereingliederung&#8220;.<\/p>\n<p>Im Gespr\u00e4ch mit Pufpaff verr\u00e4t Krause in der ersten Folge der neuen Staffel von &#8222;Krauses Kurzstrecke&#8220; dann auch, warum er sich aus der \u00d6ffentlichkeit zur\u00fcckgezogen hat. Er habe an R\u00fcckenschmerzen gelitten, die sich dann als b\u00f6sartiger Tumor entpuppten: &#8222;Der musste entfernt werden, sonst w\u00e4re ich irgendwann daran gestorben.&#8220;<\/p>\n<p>Er habe Nervensch\u00e4den davongetragen und sehr viel Gewicht verloren, ganz ohne &#8222;diese Abnehmspritze&#8220;, sagt Krause. Was ihm durch die schwere Zeit geholfen habe, sei sein Humor gewesen, den er als &#8220; Lebensretter und zugleich Ventil&#8220; bezeichnet. <\/p>\n<p>Zur\u00fcck von seinem &#8222;H\u00f6llenritt&#8220;<\/p>\n<p>Aktuell sei er noch auf Kr\u00fccken angewiesen und mache eine Physiotherapie, erkl\u00e4rt Krause im Gespr\u00e4ch mit Pufpaff. Er habe wirklich Gl\u00fcck gehabt, ihm seien &#8222;nur Knochen&#8220; entfernt worden: &#8222;Das h\u00e4tte alles auch ganz anders ausgehen k\u00f6nnen.&#8220; Die vergangenen Monate bezeichnet er als &#8222;H\u00f6llenritt&#8220;.<\/p>\n<p>Doch nun blickt Krause optimistisch in die Zukunft, wie er bei Instagram erkl\u00e4rt: &#8222;Von nun an also: weniger Schmerzmittel, mehr Scherzmittel! Ich habe 5000 Follower und ein paar Knochen eingeb\u00fc\u00dft und immer noch keine richtige Frisur. Danke, dass ihr trotz allem dabei seid.&#8220;<\/p>\n<p>Auf eine Sache hat Krause allerdings keine Lust, wie er direkt deutlich macht: auf Einladungen in Talkshows, die auf eine Krebsbeichte ja gerne folgen. Man werde dann schnell auf seine Erkrankung reduziert, beklagt der Moderator: &#8222;Dann wirst du immer der Tumor\u00fcberlebende sein und das will ich nicht.&#8220;<\/p>\n<p><script async src=\"\/\/www.instagram.com\/embed.js\"><\/script><\/p>\n","protected":false},"excerpt":{"rendered":"Moderator meldet sich zur\u00fcck Pierre M. Krause macht Krebserkrankung \u00f6ffentlich 31.10.2025, 19:49 Uhr Artikel anh\u00f6ren Diese Audioversion wurde&hellip;\n","protected":false},"author":2,"featured_media":541095,"comment_status":"","ping_status":"","sticky":false,"template":"","format":"standard","meta":{"footnotes":""},"categories":[155],"tags":[223,29,214,30,141,152,1080,684,215],"class_list":{"0":"post-541094","1":"post","2":"type-post","3":"status-publish","4":"format-standard","5":"has-post-thumbnail","7":"category-unterhaltung","8":"tag-ard","9":"tag-deutschland","10":"tag-entertainment","11":"tag-germany","12":"tag-gesundheit","13":"tag-instagram","14":"tag-krebs","15":"tag-tv","16":"tag-unterhaltung"},"share_on_mastodon":{"url":"https:\/\/pubeurope.com\/@de\/115470595835035164","error":""},"_links":{"self":[{"href":"https:\/\/www.europesays.com\/de\/wp-json\/wp\/v2\/posts\/541094","targetHints":{"allow":["GET"]}}],"collection":[{"href":"https:\/\/www.europesays.com\/de\/wp-json\/wp\/v2\/posts"}],"about":[{"href":"https:\/\/www.europesays.com\/de\/wp-json\/wp\/v2\/types\/post"}],"author":[{"embeddable":true,"href":"https:\/\/www.europesays.com\/de\/wp-json\/wp\/v2\/users\/2"}],"replies":[{"embeddable":true,"href":"https:\/\/www.europesays.com\/de\/wp-json\/wp\/v2\/comments?post=541094"}],"version-history":[{"count":0,"href":"https:\/\/www.europesays.com\/de\/wp-json\/wp\/v2\/posts\/541094\/revisions"}],"wp:featuredmedia":[{"embeddable":true,"href":"https:\/\/www.europesays.com\/de\/wp-json\/wp\/v2\/media\/541095"}],"wp:attachment":[{"href":"https:\/\/www.europesays.com\/de\/wp-json\/wp\/v2\/media?parent=541094"}],"wp:term":[{"taxonomy":"category","embeddable":true,"href":"https:\/\/www.europesays.com\/de\/wp-json\/wp\/v2\/categories?post=541094"},{"taxonomy":"post_tag","embeddable":true,"href":"https:\/\/www.europesays.com\/de\/wp-json\/wp\/v2\/tags?post=541094"}],"curies":[{"name":"wp","href":"https:\/\/api.w.org\/{rel}","templated":true}]}}