{"id":541155,"date":"2025-10-31T20:42:13","date_gmt":"2025-10-31T20:42:13","guid":{"rendered":"https:\/\/www.europesays.com\/de\/541155\/"},"modified":"2025-10-31T20:42:13","modified_gmt":"2025-10-31T20:42:13","slug":"ueber-europas-zukunft-der-raumfahrt-wird-in-bremen-entschieden","status":"publish","type":"post","link":"https:\/\/www.europesays.com\/de\/541155\/","title":{"rendered":"\u00dcber Europas Zukunft der Raumfahrt wird in Bremen entschieden"},"content":{"rendered":"<p class=\"article-toplinewrapper\">\n<p>Standdatum: 31. Oktober 2025.<\/p>\n<p>Autorinnen und Autoren:<br \/>\nAnna-Lena Borchert<\/p>\n<p><a href=\"https:\/\/www.butenunbinnen.de\/bilder\/ariane-rakete-weltraum-100~_v-800x450_c-1756540281918.jpg\" data-gallery-entry-for=\"esa-raumfahrt-konferenz-bremen-100\" data-size=\"1920x1080\" class=\"text-link\" rel=\"nofollow noopener\" target=\"_blank\"><\/p>\n<p><img decoding=\"async\" class=\"image -image-with-fallback -image-rounded  lazyload\" src=\"data:image\/gif;base64,R0lGODlhEAAJAIAAAP\/\/\/\/\/\/\/yH5BAEKAAEALAAAAAAQAAkAAAIKjI+py+0Po5yUFQA7\"   alt=\"Die Ariane 6 beim Start. \" title=\"Bild: Radio Bremen\" data-image-owner=\"Radio Bremen\" data-image-title=\"Die Ariane 6 beim Start. \" data-image-src=\"https:\/\/www.butenunbinnen.de\/bilder\/ariane-rakete-weltraum-100~_v-800x450_c-1756540281918.jpg\" data-image-rights-src=\"\/bilder\/ariane-rakete-weltraum-100~_v-640x360_c-1756540281918.jpg\"\/><\/p>\n<p><\/a><\/p>\n<p>Eine Ariane 6-Rakete startet ins All. Sie wird teilweise in Bremen gebaut. 2014 hatten sich die ESA-L\u00e4nder in Luxemburg auf den Bau der Rakete geeinigt<\/p>\n<p>Bild: Radio Bremen<\/p>\n<p class=\"article-intro\"><strong>Das &#8222;Who is Who&#8220; der europ\u00e4ischen Raumfahrt trifft sich demn\u00e4chst in Bremen. Es geht um viel Geld und um die Zukunft Europas im All. Bremen will eine zentrale Rolle spielen.<\/strong><\/p>\n<p>Man kann \u00fcber Raumfahrt vieles sagen: Sie sei aufwendig und sicherlich auch teuer.\u00a0Doch: Was im Orbit so herumfliegt, bestimmt mittlerweile den Alltag unten auf unserer Erde. <\/p>\n<p>Da w\u00e4ren zum Beispiel Satelliten: Meteorologen vertrauen bei Wettervorhersagen auf Satellitendaten \u2014 genauso wie Rettungsdienste im Katastrophenfall. Live-\u00dcbertragungen brauchen die Verbindung zum All. Der weltweite Transport von G\u00fctern oder auch der Flugverkehr ist abh\u00e4ngig von Navigationssystemen wie GPS oder Galileo. Und selbst, wenn wir Bargeld am Automaten ziehen m\u00f6chten, ist das nur m\u00f6glich, wenn da oben der passende Satellit funktioniert.<\/p>\n<p>Information zum Thema<br \/>\nWas passiert bei ihrer Ministerratskonferenz der ESA?<\/p>\n<p>Die ESA ist die Europ\u00e4ische Weltraumorganisation. Alle drei Jahre kommen die 23 Ministerinnen und Minister aus den Mitgliedsl\u00e4ndern der ESA zusammen \u2013 und stellen die Weichen:\u00a0 Was muss und was m\u00f6chte Europa zuk\u00fcnftig im All machen? F\u00fcr welche Ziele lohnt es sich, gemeinsame Projekte anzugehen? Es ist ein Termin, bei dem es gew\u00f6hnlich um viel Geld geht. Fast 17 Milliarden Euro waren es vor drei Jahren in Paris. Das diesj\u00e4hrige Treffen findet vom 25. bis 27. November in Bremen statt.<\/p>\n<p>Ende der Information zum Thema<\/p>\n<p>Das hei\u00dft aber auch: Satellitennetzwerke sind &#8222;Achillesfersen moderner Gesellschaften&#8220;. So hat es Bundesverteidigungsminister Boris Pistorius Ende September beschrieben. Er warnt: &#8222;Wer sie angreift, legt ganze Staaten lahm&#8220; \u2013 bereits heute seien Bundeswehr-Systeme St\u00f6rangriffen ausgesetzt. Eine Gefahr sieht er insbesondere durch Russland und China, die ihre F\u00e4higkeiten im All in den vergangenen Jahren &#8222;rasant ausgebaut&#8220; h\u00e4tten. <\/p>\n<p>Pistorius: Weltraumsicherheit ist f\u00fcr Verteidigung wichtig<\/p>\n<p><a href=\"https:\/\/www.butenunbinnen.de\/bilder\/ohb-weltraum-satellit-100~_v-512x288_c-1761941729631.jpg\" data-gallery-entry-for=\"esa-raumfahrt-konferenz-bremen-100\" data-size=\"2560x1440\" class=\"text-link\" rel=\"nofollow noopener\" target=\"_blank\"><\/p>\n<p><img decoding=\"async\" class=\"image -image-with-fallback -image-rounded  lazyload\" src=\"data:image\/gif;base64,R0lGODlhEAAJAIAAAP\/\/\/\/\/\/\/yH5BAEKAAEALAAAAAAQAAkAAAIKjI+py+0Po5yUFQA7\"   alt=\"OHB-Mitarbeiter steht vor einem Satelliten, welcher sich in der Bauphase befindet. \" title=\"Bild: IMAGO | photothek\" data-image-owner=\"IMAGO | photothek\" data-image-title=\"OHB-Mitarbeiter steht vor einem Satelliten, welcher sich in der Bauphase befindet. \" data-image-src=\"https:\/\/www.butenunbinnen.de\/bilder\/ohb-weltraum-satellit-100~_v-512x288_c-1761941729631.jpg\" data-image-rights-src=\"\/bilder\/ohb-weltraum-satellit-100~_v-640x360_c-1761941729631.jpg\"\/><\/p>\n<p><\/a><\/p>\n<p>Das Bremer Unternehmen &#8222;OHB&#8220; k\u00f6nnte von Milliarden-Investition profitieren.  <\/p>\n<p>Bild: IMAGO | photothek<\/p>\n<p>Pistorius setzt deshalb auch zuk\u00fcnftig auf deutsche F\u00e4higkeiten im Weltall: Er w\u00fcnscht sich mehr Satelliten, die potentielle Feinde beobachten oder Teleskope, die feindliche Satelliten anpeilen. 35 Milliarden Euro will er in die Weltraumsicherheit investieren. Gute Zeiten f\u00fcr die Bremer Raumfahrtunternehmen, best\u00e4tigt auch OHB-Vorst\u00e4ndin Sabine von der Recke: &#8222;Wir k\u00f6nnen hier eigentlich die ganze Prozesskette abdecken.&#8220; Bremen sei mit der N\u00e4he von Raumfahrt- und R\u00fcstungsunternehmen gemeinsam mit der maritimen Wirtschaft gut aufgestellt. <\/p>\n<p>Doch: Was bedeuten solche nationalen Entscheidungen f\u00fcr das Treffen der ESA-L\u00e4nder im November? Spielt nun das Thema Verteidigung auch eine Rolle? Die Antwort ist nicht ganz einfach. Denn die ESA hatte und hat immer schon eine zivile Ausrichtung, was hei\u00dft: Die europ\u00e4ische Weltraumagentur darf sich nicht an Projekten f\u00fcr den milit\u00e4rischen Angriff beteiligen. Es geht eher um wissenschaftliche Erforschung und wirtschaftliche Interessen im Weltraum. Sabine von der Recke wei\u00df: &#8222;Es war vorher nicht die Aufgabe der ESA, sich um solche Fragen zu k\u00fcmmern.&#8220; <\/p>\n<p>Muss Europa das All neu denken?<\/p>\n<p><a href=\"https:\/\/www.butenunbinnen.de\/bilder\/sabine-von-der-recke-ohb-100~_v-512x288_c-1761941731094.jpg\" data-gallery-entry-for=\"esa-raumfahrt-konferenz-bremen-100\" data-size=\"1920x1080\" class=\"text-link\" rel=\"nofollow noopener\" target=\"_blank\"><\/p>\n<p><img decoding=\"async\" class=\"image -image-with-fallback -image-rounded  lazyload\" src=\"data:image\/gif;base64,R0lGODlhEAAJAIAAAP\/\/\/\/\/\/\/yH5BAEKAAEALAAAAAAQAAkAAAIKjI+py+0Po5yUFQA7\"   alt=\"Sabine von der Recke, OHB Vorst\u00e4ndin, steht im buten un binnen Studio\" title=\"Bild: Radio Bremen\" data-image-owner=\"Radio Bremen\" data-image-title=\"Sabine von der Recke, OHB Vorst\u00e4ndin, steht im buten un binnen Studio\" data-image-src=\"https:\/\/www.butenunbinnen.de\/bilder\/sabine-von-der-recke-ohb-100~_v-512x288_c-1761941731094.jpg\" data-image-rights-src=\"\/bilder\/sabine-von-der-recke-ohb-100~_v-640x360_c-1761941731094.jpg\"\/><\/p>\n<p><\/a><\/p>\n<p>\u00dcberzeugt von der geostrategischen Bedeutung des Monds: OHB-Vorst\u00e4ndin Sabine von der Recke.  <\/p>\n<p>Bild: Radio Bremen<\/p>\n<p>Trotzdem hei\u00dft es vom ESA-Chef immer h\u00e4ufiger in den Medien, dass Verteidigung aus dem Weltraum auch in Europa eine gr\u00f6\u00dfere Rolle spielen wird. Schon jetzt w\u00fcrde die ESA mit der Europ\u00e4ischen Kommission an einer Art Erdbeobachtungsprojekt arbeiten, erl\u00e4utert Generaldirektor Josef Aschbacher. <\/p>\n<p>Demnach ginge es um &#8222;Kapazit\u00e4ten&#8220;, die Europa brauche, wie regelm\u00e4\u00dfige hochaufl\u00f6sende Aufnahmen von jedem Gebiet der Erde. Sicherlich: das w\u00e4re \u2013 je nach Auslegung \u2013 keine klassische milit\u00e4rische Ausrichtung von Satelliten. Auch weil Zivilschutz oder Polizeieins\u00e4tze davon profitieren k\u00f6nnten. Und doch: Raumfahrt k\u00f6nne eigentlich immer zivil und milit\u00e4risch genutzt werden, erkl\u00e4rt Sabine von der Recke.<\/p>\n<blockquote class=\"citation -citation-type-simple\">\n<p class=\"citation-text\">Ein Satellit macht nicht die Entscheidung: Guck ich auf einen Panzer oder gucke ich auf eine Palme? Man kann die Daten f\u00fcr viele verschiedene Dinge nutzen und das sollten wir auch tun.<\/p>\n<p>Sabine von der Recke<\/p>\n<\/blockquote>\n<p>Der Mond? Mehr Sicherheit oder Unabh\u00e4ngigkeit?<\/p>\n<p><a href=\"https:\/\/www.butenunbinnen.de\/bilder\/mond-esa-weltraum-100~_v-800x450_c-1761941731945.jpg\" data-gallery-entry-for=\"esa-raumfahrt-konferenz-bremen-100\" data-size=\"2560x1440\" class=\"text-link\" rel=\"nofollow noopener\" target=\"_blank\"><\/p>\n<p><img decoding=\"async\" class=\"image -image-with-fallback -image-rounded  lazyload\" src=\"data:image\/gif;base64,R0lGODlhEAAJAIAAAP\/\/\/\/\/\/\/yH5BAEKAAEALAAAAAAQAAkAAAIKjI+py+0Po5yUFQA7\"   alt=\"Mond im Weltraum \" title=\"Bild: IMAGO | Rene Traut\" data-image-owner=\"IMAGO | Rene Traut\" data-image-title=\"Mond im Weltraum \" data-image-src=\"https:\/\/www.butenunbinnen.de\/bilder\/mond-esa-weltraum-100~_v-800x450_c-1761941731945.jpg\" data-image-rights-src=\"\/bilder\/mond-esa-weltraum-100~_v-640x360_c-1761941731945.jpg\"\/><\/p>\n<p><\/a><\/p>\n<p>Mehr als ein Hingucker: Der Mond wird zusehends zum geostrategischen Ziel. <\/p>\n<p>Bild: IMAGO | Rene Traut<\/p>\n<p>Gleichzeitig ist der Wahl-Bremerin aber auch ein anderes Thema wichtig, wor\u00fcber die ESA, aus ihrer Sicht, gerne in Bremen entscheiden sollte: &#8222;Wir sind von der geostrategischen Bedeutung des Mondes \u00fcberzeugt. Es w\u00e4re sch\u00f6n, wenn Deutschland da sagen w\u00fcrde, wir setzen uns daf\u00fcr ein, dass Europa eigenst\u00e4ndig unter deutscher F\u00fchrung zum Mond fliegt.&#8220;<\/p>\n<p>W\u00fcnsche und Ideen gibt es offenbar genug, wor\u00fcber die Vertreterinnen und Vertreter der europ\u00e4ischen Mitgliedsstaaten Ende November zu sprechen haben. Unternehmen wie OHB werden dabei aber nur zusehen k\u00f6nnen. Diese Veranstaltung sei &#8222;nicht wie so ein Jahrmarkt, dass man da immer mal hingeht und noch mal ein paar W\u00fcnsche abgibt&#8220;, so die OHB-Vorst\u00e4ndin. <\/p>\n<p>Und doch k\u00f6nnte Bremen ein Spielort werden f\u00fcr weitreichende Entscheidungen. Selbst, wenn es nur am Rande um Verteidigung geht, dann sicherlich um mehr Unabh\u00e4ngigkeit. &#8222;Wie die WM zuhause&#8220;, nennt die OHB-Frau das Treffen, das auf Bremen zukommt. <\/p>\n<p class=\"article-legal-agencies\"><strong>Quelle<\/strong>:<br \/>\nbuten un binnen.\n<\/p>\n<p class=\"article-legal-broadcast-reference\"><strong>Dieses Thema im Programm:<\/strong><br \/>\nbuten un binnen, 31. Oktober 2025, 19:30 Uhr<\/p>\n","protected":false},"excerpt":{"rendered":"Standdatum: 31. Oktober 2025. Autorinnen und Autoren: Anna-Lena Borchert Eine Ariane 6-Rakete startet ins All. Sie wird teilweise&hellip;\n","protected":false},"author":2,"featured_media":541156,"comment_status":"","ping_status":"","sticky":false,"template":"","format":"standard","meta":{"footnotes":""},"categories":[3933],"tags":[331,332,2420,427,548,663,158,3934,3935,597,13,7335,132370,14,15,57973,14051,426,132371,1171,12,3931,1172],"class_list":{"0":"post-541155","1":"post","2":"type-post","3":"status-publish","4":"format-standard","5":"has-post-thumbnail","7":"category-eu","8":"tag-aktuelle-nachrichten","9":"tag-aktuelle-news","10":"tag-bremen","11":"tag-esa","12":"tag-eu","13":"tag-europa","14":"tag-europaeische-union","15":"tag-europe","16":"tag-european-union","17":"tag-forschung","18":"tag-headlines","19":"tag-katastrophe","20":"tag-ministerratskonferenz","21":"tag-nachrichten","22":"tag-news","23":"tag-ohb","24":"tag-pistorius","25":"tag-raumfahrt","26":"tag-sabine-von-der-recke","27":"tag-satellit","28":"tag-schlagzeilen","29":"tag-sicherheit","30":"tag-weltraum"},"share_on_mastodon":{"url":"https:\/\/pubeurope.com\/@de\/115470725588621191","error":""},"_links":{"self":[{"href":"https:\/\/www.europesays.com\/de\/wp-json\/wp\/v2\/posts\/541155","targetHints":{"allow":["GET"]}}],"collection":[{"href":"https:\/\/www.europesays.com\/de\/wp-json\/wp\/v2\/posts"}],"about":[{"href":"https:\/\/www.europesays.com\/de\/wp-json\/wp\/v2\/types\/post"}],"author":[{"embeddable":true,"href":"https:\/\/www.europesays.com\/de\/wp-json\/wp\/v2\/users\/2"}],"replies":[{"embeddable":true,"href":"https:\/\/www.europesays.com\/de\/wp-json\/wp\/v2\/comments?post=541155"}],"version-history":[{"count":0,"href":"https:\/\/www.europesays.com\/de\/wp-json\/wp\/v2\/posts\/541155\/revisions"}],"wp:featuredmedia":[{"embeddable":true,"href":"https:\/\/www.europesays.com\/de\/wp-json\/wp\/v2\/media\/541156"}],"wp:attachment":[{"href":"https:\/\/www.europesays.com\/de\/wp-json\/wp\/v2\/media?parent=541155"}],"wp:term":[{"taxonomy":"category","embeddable":true,"href":"https:\/\/www.europesays.com\/de\/wp-json\/wp\/v2\/categories?post=541155"},{"taxonomy":"post_tag","embeddable":true,"href":"https:\/\/www.europesays.com\/de\/wp-json\/wp\/v2\/tags?post=541155"}],"curies":[{"name":"wp","href":"https:\/\/api.w.org\/{rel}","templated":true}]}}