{"id":541218,"date":"2025-10-31T21:21:17","date_gmt":"2025-10-31T21:21:17","guid":{"rendered":"https:\/\/www.europesays.com\/de\/541218\/"},"modified":"2025-10-31T21:21:17","modified_gmt":"2025-10-31T21:21:17","slug":"die-besten-klassik-konzerte-in-der-ersten-novemberwoche","status":"publish","type":"post","link":"https:\/\/www.europesays.com\/de\/541218\/","title":{"rendered":"Die besten Klassik-Konzerte in der ersten Novemberwoche"},"content":{"rendered":"<p class=\"tspCCnc tspCCnd\">Sie k\u00f6nnen sich in dieser Woche von Wagners Liebesdrama \u201eTristan und Isolde\u201c f\u00fcnf Stunden in der Oper \u00fcberw\u00e4ltigen lassen oder in 70 Minuten durch den gesamten Ring rauschen. Entdecken Sie die konzertanten M\u00f6glichkeiten der Blockfl\u00f6te. \u201eCateen\u201c, ein junger japanischer Pianist, erobert von Youtube aus die Konzerts\u00e4le der Welt. Und das Staatsballett Berlin zeigt uns eine \u201eWunderkammer\u201c.<\/p>\n<p> 1  Tristan und Isolde <img decoding=\"async\" src=\"https:\/\/www.europesays.com\/de\/wp-content\/uploads\/2025\/10\/tristan-und-isolde.jpeg\"   alt=\"\" aria-labelledby=\"caption-14668907\" width=\"440\" height=\"330\" loading=\"lazy\" class=\"tspB0ml\"\/> Heldentenor Clay Hilley und die Sopranistin Elisabeth Teige in den Titelrollen <\/p>\n<p class=\"tspAHge\"> \u00a9 Bernd uhlig <\/p>\n<p class=\"tspCCnc\">Richard Wagner ist \u00dcberw\u00e4ltigungsmusik. Insbesondere die 1865 in M\u00fcnchen uraufgef\u00fchrte Oper \u201eTristan und Isolde\u201c von sage und schreibe f\u00fcnf Stunden Dauer, die um nichts Geringeres als die Liebe und den Liebestod kreist. Die auf Gottfried von Stra\u00dfburgs sp\u00e4tmittelalterlichem Epos basierende Handlung l\u00e4sst sich schnell umrei\u00dfen: Tristan, ein Ritter, soll die irische K\u00f6nigstochter Isolde als Braut f\u00fcr den alten K\u00f6nig Marke nach Cornwall bringen. Isolde, die Tristan eigentlich liebt, will ihn aus Rache t\u00f6ten. Statt eines Todestranks h\u00e4ndigt ihr ihre Vertraute Brang\u00e4ne einen Liebestrank aus, den beide trinken. Die \u201eForbidden Love\u201c nimmt ihren t\u00f6dlichen Lauf. &#13;<\/p>\n<p class=\"tspCCnc\">Wagner konzentrierte sich wesentlich auf das Innenleben seiner Figuren und den tragischen Kernkonflikt, insofern l\u00e4sst sich seine Bearbeitung als Gegenentwurf zur Opulenz der seinerzeit modischen Grand Op\u00e9ra begreifen, ja, beinahe als Kammerspiel. Da ist es stimmig, die Inszenierung in die H\u00e4nde des Regisseurs Michael Thalheimer zu legen, eines veritablen Gro\u00dfmeisters des szenischen Minimalismus. <\/p>\n<p>Wochenende-Newsletter: F\u00fcr Ihre Auszeit vom Alltag<\/p>\n<p><img decoding=\"async\" src=\"https:\/\/www.europesays.com\/de\/wp-content\/uploads\/2025\/04\/hangematte-1.png\" alt=\"\" class=\"tspCWhi\"\/><\/p>\n<p class=\"tspCWpn\"> Entspannen Sie sich \u2013 und lassen Sie sich inspirieren: von exklusiven Reportagen, tiefgr\u00fcndigen Analysen und besonderen Kulinarik- und Reisetipps. <\/p>\n<p class=\"tspCCnc\">Im September 2024 wurde die Koproduktion mit dem Grand Th\u00e9\u00e2tre de Gen\u00e8ve in der Schweiz gefeiert, jetzt erfolgt die Berlin-Premiere. Sir Donald Runnicles dirigiert, die Titelrollen \u00fcbernehmen der Heldentenor Clay Hilley und die wunderbare Sopranistin Elisabeth Teige. (tos)<\/p>\n<p> Deutsche Oper <\/p>\n<p class=\"tspCCnc\">Bismarckstr. 35, Charlottenburg<\/p>\n<p class=\"tspCCnc\">Sa 1.11., 16 Uhr (Premiere), So 9.11., 16 Uhr und weitere Termine bis 23.11.<\/p>\n<p class=\"tspCCnc\">30-184 Euro<\/p>\n<p> 2  Stefan Temmingh &amp; Nuovo Aspetto <img decoding=\"async\" src=\"https:\/\/www.europesays.com\/de\/wp-content\/uploads\/2025\/10\/blockflotist-stefan-temmingh.jpeg\"   alt=\"\" aria-labelledby=\"caption-14672795\" width=\"440\" height=\"330\" loading=\"lazy\" class=\"tspB0ml\"\/> Blockfl\u00f6tist Stefan Temmingh <\/p>\n<p class=\"tspAHge\"> \u00a9 Harald Hoffmann <\/p>\n<p class=\"tspCCnc\">Eine Folge von Bassnoten oder Harmonien, die im Verlauf eines St\u00fccks st\u00e4ndig wiederholt und immer wieder in neuen Varianten ausgeschm\u00fcckt wird, hie\u00df im England der Barockzeit \u201eGround\u201c und ist verwandt mit dem \u201eLoop\u201c der zeitgen\u00f6ssischen Musik. Mit dieser Idee spielen der Blockfl\u00f6tist Stefan Temmingh und das Ensemble Nuovo Aspetto, die Werke von den Barockmeistern Purcell, Lully, Bach, Vivaldi mit Musik von Chick Corea und Michael Nyman und Improvisationen kombinieren. <\/p>\n<p class=\"tspCCnc\">Im besten Falle erz\u00e4hlt Stefan Temmingh ein wenig zum Programm. Das macht er n\u00e4mlich ganz undogmatisch und mit viel Witz, nach dem Motto: \u201eIst das eine Blockfl\u00f6te in Ihrer Hosentasche, oder freuen Sie sich nur mich zu sehen?\u201c (ipa)<\/p>\n<p> Pierre-Boulez-Saal <\/p>\n<p class=\"tspCCnc\">Franz\u00f6sische Str. 33 D, Mitte<\/p>\n<p class=\"tspCCnc\">Fr 31.10., 19:30 Uhr<\/p>\n<p class=\"tspCCnc\">10-55 Euro<\/p>\n<p> 3  Das DSO und Hayato Sumino \u201eCateen\u201c <img decoding=\"async\" src=\"https:\/\/www.europesays.com\/de\/wp-content\/uploads\/2025\/10\/pianist-hayato-sumino-aka-cateen.jpeg\"   alt=\"\" aria-labelledby=\"caption-14671799\" width=\"440\" height=\"330\" loading=\"lazy\" class=\"tspB0ml\"\/> Pianist\u00a0Hayato Sumino aka\u00a0Cateen <\/p>\n<p class=\"tspAHge\"> \u00a9 Clemens Ascher <\/p>\n<p class=\"tspCCnc\">Auf Youtube hat er 1,4 Millionen Follower, in den europ\u00e4ischen Konzerts\u00e4len ist der 30-j\u00e4hrige Japaner aber noch ein Insider-Tipp. F\u00fcr seine Fans hei\u00dft er nur Cateen, beim Deutschen Symphonie-Orchester tritt Hayato Sumino aber nicht unter seinem Online-Namen auf. Nachdem er gerade bei der Verleihung des \u201eOpus Klassik\u201c drei Preise abr\u00e4umen konnte, sind die Erwartungen an ihn nun besonders hoch. <\/p>\n<p class=\"tspCCnc\">Mit Fr\u00e9d\u00e9ric Chopins 1. Klavierkonzert hat sich der Pianist kein leichtes Werk ausgesucht. Wie gut, dass ihm mit Marin Alsop eine erfahrene Dirigentin zur Seite steht. Weitere Werke des Abends werden Brahms\u2019 4. Sinfonie sein sowie \u201eFate Now Conquers\u201c des 1986 geborenen Afroamerikaners Carlos Simon sein. (F.H.)<\/p>\n<p> Philharmonie <\/p>\n<p class=\"tspCCnc\">Herbert-von-Karajan-Str. 1, Tiergarten<\/p>\n<p class=\"tspCCnc\">Sa 1.11., 20 Uhr<\/p>\n<p class=\"tspCCnc\">24-63 Euro, erm. 17 Euro<\/p>\n<p> 4  Ring ohne Worte <img decoding=\"async\" src=\"https:\/\/www.europesays.com\/de\/wp-content\/uploads\/2025\/10\/dirigent-teodor-currentzis.jpeg\"   alt=\"\" aria-labelledby=\"caption-14672279\" width=\"440\" height=\"330\" loading=\"lazy\" class=\"tspB0ml\"\/> Dirigent Teodor Currentzis <\/p>\n<p class=\"tspAHge\"> \u00a9 Nadia Romanova <\/p>\n<p class=\"tspCCnc\">F\u00fcr Wagners vierteiligen Opernzyklus \u201eRing des Nibelungen\u201c braucht es Ausdauer. Die Gesamtspieldauer betr\u00e4gt rund 15 Stunden. 1987 destillierte Dirigent Lorin Maazel in Zusammenarbeit mit den Berliner Philharmonikern das Werk auf eine gut 70-min\u00fctige sinfonische Version f\u00fcr Orchester. <\/p>\n<p class=\"tspCCnc\">Teodor Currentzis spielt den \u201eRing ohne Worte\u201c mit seinem Orchester Utopia. Vom ersten Ton des \u201eRheingolds\u201c bis zum Schlussakkord der \u201eG\u00f6tterd\u00e4mmerung\u201c sind alle H\u00f6hepunkte von Wagners Tetralogie in konzentrierter Form zu h\u00f6ren. (wei)<\/p>\n<p> Philharmonie <\/p>\n<p class=\"tspCCnc\">Herbert-von-Karajan-Str. 1, Tiergarten<\/p>\n<p class=\"tspCCnc\">Mo 3.11., 20 Uhr<\/p>\n<p class=\"tspCCnc\">ab 50 Euro<\/p>\n<p> Mehr zum Thema <a href=\"https:\/\/www.tagesspiegel.de\/kultur\/beethovens-furor-adam-fischer-dirigiert-das-mahler-chamber-orchestra-14680748.html?icid=topic-list_14696330___\" data-gtm-class=\"article-mzt-link\" class=\"tspCKn0\" rel=\"nofollow noopener\" target=\"_blank\">Beethovens Furor Adam Fischer dirigiert das Mahler Chamber Orchestra <\/a><a href=\"https:\/\/www.tagesspiegel.de\/kultur\/voices-berlin-festival-das-grosse-durcheinander-14658383.html?icid=topic-list_14696330___\" data-gtm-class=\"article-mzt-link\" class=\"tspCKn0\" rel=\"nofollow noopener\" target=\"_blank\">Voices Berlin Festival Das gro\u00dfe Durcheinander <\/a><a href=\"https:\/\/www.tagesspiegel.de\/kultur\/emmanuelle-haim-und-die-berliner-philharmoniker-beste-medizin-gegen-regnerische-herbstabende-14650268.html?icid=topic-list_14696330___\" data-gtm-class=\"article-mzt-link\" class=\"tspCKn0\" rel=\"nofollow noopener\" target=\"_blank\">Emmanuelle Ha\u00efm und die Berliner Philharmoniker Beste Medizin gegen regnerische Herbstabende <\/a> 5  Staatsballett: Wunderkammer <img decoding=\"async\" src=\"https:\/\/www.europesays.com\/de\/wp-content\/uploads\/2025\/10\/staatsballett-berlin-wunderkammer.jpeg\"   alt=\"\" aria-labelledby=\"caption-14681288\" width=\"440\" height=\"330\" loading=\"lazy\" class=\"tspB0ml\"\/> Staatsballett Berlin und die neue Inszenierung \u201eWunderkammer\u201c <\/p>\n<p class=\"tspAHge\"> \u00a9 Staatsballett Berlin <\/p>\n<p class=\"tspCCnc\">In seinem ersten abendf\u00fcllenden Tanzst\u00fcck f\u00fcr das Staatballett schl\u00e4gt der spanische Choreograf Marcos Morau einen Bogen von den Kabaretts der Weimarer Republik zur heutigen Berliner Clubkultur. Der imagin\u00e4re Club, in den er entf\u00fchrt, ist ein Zufluchtsort, aber auch voller Spannungen. <\/p>\n<p class=\"tspCCnc\">Es geht ihm um den Kampf zwischen dem Wunsch, die eigene Individualit\u00e4t zu definieren, und der Sehnsucht nach Zugeh\u00f6rigkeit. Diesen Zwiespalt will er sichtbar machen. Die Musik wird live produziert von der spanischen Komponistin Clara Aguilar und dem Berliner Musiker Ben Meerwein. Sie verbinden elektronische Sounds und Jazz mit Vokalmusik. (luzi)<\/p>\n<p> Komische Oper im Schillertheater <\/p>\n<p class=\"tspCCnc\">Bismarckstr. 110, Charlottenburg<\/p>\n<p class=\"tspCCnc\">Fr 31.10., 19.30 Uhr (Premiere, Restkarten), Fr 7.11., 19:30 Uhr, So 9.11, 18 Uhr und weitere Termine bis 30.11.<\/p>\n<p class=\"tspCCnc\">50-112 Euro<\/p>\n","protected":false},"excerpt":{"rendered":"Sie k\u00f6nnen sich in dieser Woche von Wagners Liebesdrama \u201eTristan und Isolde\u201c f\u00fcnf Stunden in der Oper \u00fcberw\u00e4ltigen&hellip;\n","protected":false},"author":2,"featured_media":541219,"comment_status":"","ping_status":"","sticky":false,"template":"","format":"standard","meta":{"footnotes":"","_share_on_mastodon":"0"},"categories":[1825],"tags":[296,531,31343,29,30,91,525,38190,293,4535,1506],"class_list":["post-541218","post","type-post","status-publish","format-standard","has-post-thumbnail","category-berlin","tag-berlin","tag-charlottenburg-wilmersdorf","tag-deutsche-oper","tag-deutschland","tag-germany","tag-klassik","tag-mitte","tag-richard-wagner","tag-schweiz","tag-ticket","tag-youtube"],"share_on_mastodon":{"url":"https:\/\/pubeurope.com\/@de\/115470879667279102","error":""},"_links":{"self":[{"href":"https:\/\/www.europesays.com\/de\/wp-json\/wp\/v2\/posts\/541218","targetHints":{"allow":["GET"]}}],"collection":[{"href":"https:\/\/www.europesays.com\/de\/wp-json\/wp\/v2\/posts"}],"about":[{"href":"https:\/\/www.europesays.com\/de\/wp-json\/wp\/v2\/types\/post"}],"author":[{"embeddable":true,"href":"https:\/\/www.europesays.com\/de\/wp-json\/wp\/v2\/users\/2"}],"replies":[{"embeddable":true,"href":"https:\/\/www.europesays.com\/de\/wp-json\/wp\/v2\/comments?post=541218"}],"version-history":[{"count":0,"href":"https:\/\/www.europesays.com\/de\/wp-json\/wp\/v2\/posts\/541218\/revisions"}],"wp:featuredmedia":[{"embeddable":true,"href":"https:\/\/www.europesays.com\/de\/wp-json\/wp\/v2\/media\/541219"}],"wp:attachment":[{"href":"https:\/\/www.europesays.com\/de\/wp-json\/wp\/v2\/media?parent=541218"}],"wp:term":[{"taxonomy":"category","embeddable":true,"href":"https:\/\/www.europesays.com\/de\/wp-json\/wp\/v2\/categories?post=541218"},{"taxonomy":"post_tag","embeddable":true,"href":"https:\/\/www.europesays.com\/de\/wp-json\/wp\/v2\/tags?post=541218"}],"curies":[{"name":"wp","href":"https:\/\/api.w.org\/{rel}","templated":true}]}}