{"id":541315,"date":"2025-10-31T22:20:15","date_gmt":"2025-10-31T22:20:15","guid":{"rendered":"https:\/\/www.europesays.com\/de\/541315\/"},"modified":"2025-10-31T22:20:15","modified_gmt":"2025-10-31T22:20:15","slug":"hoffnung-fuer-bremen-bundeskanzler-merz-laedt-zu-stahlgipfel-ein","status":"publish","type":"post","link":"https:\/\/www.europesays.com\/de\/541315\/","title":{"rendered":"Hoffnung f\u00fcr Bremen? Bundeskanzler Merz l\u00e4dt zu Stahlgipfel ein"},"content":{"rendered":"<p class=\"article-toplinewrapper\">\n<p>Standdatum: 31. Oktober 2025.<\/p>\n<p><img decoding=\"async\" class=\"image -image-with-fallback -image-rounded  lazyload\" src=\"data:image\/gif;base64,R0lGODlhEAAJAIAAAP\/\/\/\/\/\/\/yH5BAEKAAEALAAAAAAQAAkAAAIKjI+py+0Po5yUFQA7\"   alt=\"Ein Mitarbeiter in einem Stahlwerk hantiert mit hei\u00dfem Material\" data-image-owner=\"Radio Bremen\" data-image-title=\"Ein Mitarbeiter in einem Stahlwerk hantiert mit hei\u00dfem Material\" data-image-src=\"https:\/\/www.butenunbinnen.de\/bilder\/stahl-herstellung-ofen-industrie-100~_v-800x450_c-1758045749808.jpg\" data-image-rights-src=\"\/bilder\/stahl-herstellung-ofen-industrie-100~_v-640x360_c-1758045749808.jpg\"\/><\/p>\n<p>Die Zukunft des Bremer Werks ist derzeit ungewiss.<\/p>\n<p>Bild: Radio Bremen<\/p>\n<p class=\"article-intro\">Ziel des Gipfel ist einem Regierungssprecher zufolge, die Stahlindustrie in Deutschland zu erhalten und Arbeitspl\u00e4tze zu sichern. Bremens B\u00fcrgermeister fordert das seit Monaten.<\/p>\n<p>Das angek\u00fcndigte Spitzentreffen zur Krise der Stahlindustrie soll in der kommenden Woche stattfinden. Bundeskanzler Friedrich Merz (CDU) l\u00e4dt f\u00fcr den 6. November (kommenden Donnerstag) zum Stahlgipfel ins Kanzleramt ein.<\/p>\n<p>Beim Stahlgipfel soll es unter anderem um Energiepreise, Handelsbeziehungen und Sicherheit in Krisenzeiten gehen, sagte ein Regierungssprecher. Ziel sei es, die Stahlindustrie in Deutschland zu erhalten und Arbeitspl\u00e4tze zu sichern \u2013 auch um nicht von anderen L\u00e4ndern abh\u00e4ngig zu sein. Bremens B\u00fcrgermeister Andreas Bovenschulte (SPD) hatte sich gemeinsam mit anderen Regierungschefs seit Monaten f\u00fcr ein solches Krisentreffen eingesetzt.<\/p>\n<p>G\u00e4ste aus Politik und Wirtschaft<\/p>\n<p>Neben Kanzler Merz sollen aus der Bundesregierung auch Finanzminister Lars Klingbeil (SPD), Wirtschaftsministerin Katherina Reiche (CDU) sowie Arbeitsministerin B\u00e4rbel Bas (SPD) teilnehmen. Dazu kommen Arbeitgeber- und Arbeitnehmervertreter aus der Stahlbranche sowie Ministerpr\u00e4sidenten aus L\u00e4ndern mit Stahlindustrie.<\/p>\n<p>Mehr zum Thema:<\/p>\n<p class=\"article-legal-agencies\"><strong>Quellen<\/strong>:<br \/>\nbuten un binnen und dpa.\n<\/p>\n<p class=\"article-legal-broadcast-reference\"><strong>Dieses Thema im Programm:<\/strong><br \/>\nBremen Eins, Nachrichten, 31. Oktober 2025, 16 Uhr<\/p>\n","protected":false},"excerpt":{"rendered":"Standdatum: 31. Oktober 2025. Die Zukunft des Bremer Werks ist derzeit ungewiss. Bild: Radio Bremen Ziel des Gipfel&hellip;\n","protected":false},"author":2,"featured_media":445641,"comment_status":"","ping_status":"","sticky":false,"template":"","format":"standard","meta":{"footnotes":""},"categories":[1824],"tags":[66330,65422,2420,3364,29,30,182,107484,4465],"class_list":{"0":"post-541315","1":"post","2":"type-post","3":"status-publish","4":"format-standard","5":"has-post-thumbnail","7":"category-bremen","8":"tag-arcelormittal","9":"tag-bovenschulte","10":"tag-bremen","11":"tag-de","12":"tag-deutschland","13":"tag-germany","14":"tag-merz","15":"tag-stahlgipfel","16":"tag-stahlwerk"},"share_on_mastodon":{"url":"https:\/\/pubeurope.com\/@de\/115471110905925476","error":""},"_links":{"self":[{"href":"https:\/\/www.europesays.com\/de\/wp-json\/wp\/v2\/posts\/541315","targetHints":{"allow":["GET"]}}],"collection":[{"href":"https:\/\/www.europesays.com\/de\/wp-json\/wp\/v2\/posts"}],"about":[{"href":"https:\/\/www.europesays.com\/de\/wp-json\/wp\/v2\/types\/post"}],"author":[{"embeddable":true,"href":"https:\/\/www.europesays.com\/de\/wp-json\/wp\/v2\/users\/2"}],"replies":[{"embeddable":true,"href":"https:\/\/www.europesays.com\/de\/wp-json\/wp\/v2\/comments?post=541315"}],"version-history":[{"count":0,"href":"https:\/\/www.europesays.com\/de\/wp-json\/wp\/v2\/posts\/541315\/revisions"}],"wp:featuredmedia":[{"embeddable":true,"href":"https:\/\/www.europesays.com\/de\/wp-json\/wp\/v2\/media\/445641"}],"wp:attachment":[{"href":"https:\/\/www.europesays.com\/de\/wp-json\/wp\/v2\/media?parent=541315"}],"wp:term":[{"taxonomy":"category","embeddable":true,"href":"https:\/\/www.europesays.com\/de\/wp-json\/wp\/v2\/categories?post=541315"},{"taxonomy":"post_tag","embeddable":true,"href":"https:\/\/www.europesays.com\/de\/wp-json\/wp\/v2\/tags?post=541315"}],"curies":[{"name":"wp","href":"https:\/\/api.w.org\/{rel}","templated":true}]}}