{"id":541403,"date":"2025-10-31T23:10:20","date_gmt":"2025-10-31T23:10:20","guid":{"rendered":"https:\/\/www.europesays.com\/de\/541403\/"},"modified":"2025-10-31T23:10:20","modified_gmt":"2025-10-31T23:10:20","slug":"fc-augsburg-vs-borussia-dortmund","status":"publish","type":"post","link":"https:\/\/www.europesays.com\/de\/541403\/","title":{"rendered":"FC Augsburg vs. Borussia Dortmund"},"content":{"rendered":"<p class=\"css-1q8kfuz\">Am Freitagabend trafen der FC Augsburg und Borussia Dortmund zum Auftakt des neunten Bundesliga-Spieltags aufeinander. <strong>ran<\/strong> zeigt die Stimmen zum Spiel.<\/p>\n<p class=\"css-1cmglxz\"><a href=\"https:\/\/www.ran.de\/sports\/fussball\/bvb-borussia-dortmund\" rel=\"nofollow noopener\" target=\"_blank\">Borussia Dortmund<\/a> hat sich zum Auftakt des neunten <a href=\"https:\/\/www.ran.de\/sports\/fussball\/bundesliga\" rel=\"nofollow noopener\" target=\"_blank\">Bundesliga<\/a>-Spieltags einen Ausw\u00e4rtssieg beim FC Augsburg gesichert. Die Schwarz-Gelben siegten in der WWK Arena in Augsburg mit <a href=\"https:\/\/www.ran.de\/sports\/fussball\/bundesliga\/news\/bundesliga-borussia-dortmund-klettert-fc-augsburg-taumelt-weiter-bvb-gewinnt-knapp-gegen-die-fuggerstaedter-597776\" rel=\"nofollow noopener\" target=\"_blank\">1:0<\/a> und r\u00fccken in der Tabelle vorerst auf den zweiten Platz vor.<\/p>\n<p class=\"css-1cmglxz\">W\u00e4hrend das Tor von Serhou Guirassy dem BVB einen guten Oktober-Abschluss bescherte, rutscht der FCA unter Trainer <a href=\"https:\/\/www.ran.de\/sports\/fussball\/sandro-wagner\" rel=\"nofollow noopener\" target=\"_blank\">Sandro Wagner<\/a> immer tiefer in die Krise.<\/p>\n<p class=\"css-1cmglxz\">Der Coach sah sich w\u00e4hrend der Partie mit <a data-li-document-ref=\"597773\" href=\"https:\/\/www.ran.de\/sports\/fussball\/bundesliga\/news\/fc-augsburg-kritik-an-sandro-wagner-fca-fans-enthuellen-gegen-dortmund-brisante-banner-597773\" rel=\"nofollow noopener\" target=\"_blank\">kritischen Plakaten des FCA-Anhangs konfrontiert<\/a>. So schrieben die Fans unter anderen: &#8222;Gro\u00dfe Worte, keine Taten \u2013 wie lange wollt ihr noch warten?&#8220;<\/p>\n<p class=\"css-1cmglxz\">Au\u00dferdem waren die Worte: &#8222;Imagewechsel vollbracht: Von der grauen Maus zur Schie\u00dfbude&#8220; und &#8222;Personenkult und Marketingwahn \u2013 das sind nicht unsere Werte&#8220; zu lesen. Nach der Partie bezog der unter Druck stehende Trainer zu der Kritik Stellung.<\/p>\n<p class=\"css-1cmglxz\"><strong>ran<\/strong> zeigt die Stimmen zum Freitagabendspiel in der Bundesliga (Quelle: &#8222;Sky&#8220;).<\/p>\n<p>Wagner reagiert auf Fan-Kritik<\/p>\n<p class=\"css-1cmglxz\"><strong>Sandro Wagner (Trainer FC Augsburg):<\/strong> &#8222;Ich habe es w\u00e4hrend des Spiels nicht gesehen, weil ich auf das Spielfeld geschaut habe. Das ist ein Unmut als Zuschauer, wenn die Ergebnisse nicht da sind und das ist doch ganz normal. Das m\u00fcssen wir akzeptieren. Punkt. Es ist nat\u00fcrlich schade. Ich sehe jetzt nicht meinen Namen, aber grunds\u00e4tzlich ist es schade, wenn die Zuschauer nicht zufrieden sind&#8220;<\/p>\n<p class=\"css-1cmglxz\">&#8230; zum Applaus der FCA-Fans trotz der Pleite: &#8222;Die Zuschauer haben schon ein gutes Gesp\u00fcr in Augsburg. Ich finde, dass sie schon gesehen haben, dass die Mannschaft Bock hat, dass sie f\u00fcreinander k\u00e4mpft.&#8220;<\/p>\n<p class=\"css-1cmglxz\"><strong>Waldemar Anton (Borussia Dortmund):<\/strong> &#8222;Wir haben nicht so gut angefangen, dann aber die Intensit\u00e4t auf den Platz gebracht. Wir machen ein gl\u00fcckliches 1:0, hatten in der 1. Halbzeit eigentlich noch bessere Chancen. Am Ende wird es ein offenes Spiel, weil wir einfach nicht gut genug mit dem Ball umgehen. Die Augsburger standen dann mit sieben oder acht Mann auf unserer letzten Linie, aber wir haben es gut verteidigt, alle gemeinsam.&#8220;<\/p>\n<p class=\"css-1cmglxz\"><strong>Pascal Gro\u00df (Borussia Dortmund):<\/strong> &#8222;Wir sind solide. Im letzten Jahr haben wir solche Spiele meistens verloren in englischen Wochen. Aber nat\u00fcrlich ist es kein Zuckerschlecken.\u201c<\/p>\n<p class=\"css-1cmglxz\"><strong>Niko Kovac (Trainer Borussia Dortmund):<\/strong> &#8222;Wir wussten um die Situation, die in Augsburg herrscht. Deswegen war uns klar, das wird kein sch\u00f6nes Spiel, das wird ein intensives Spiel. Wir waren das kleine Qu\u00e4ntchen besser \u2013 durch den Treffer von Serhou. Alles andere war sicherlich von beiden Seiten sehr viel Kampf und sehr viel Krampf.&#8220;<\/p>\n<p class=\"css-1cmglxz\"><strong>Gregor Kobel (Borussia Dortmund):<\/strong> &#8222;Meine Vorderleute haben es wieder sehr gut gemacht. Ich glaube, das ist der Schl\u00fcssel in dieser Saison. Wir sind defensiv sehr stabil, der Gegner hat wenig Chancen, schie\u00dft auch wenig Tore.&#8220;<\/p>\n<p>Kehl zeigt sich zufrieden<\/p>\n<p class=\"css-1cmglxz\"><strong>Elvis Rexhbecaj (FC Augsburg):<\/strong> &#8222;Ja Schei\u00dftor. Richtig. Das ist sehr hart zu akzeptieren. Wir kl\u00e4ren den Ball eigentlich und dann f\u00e4llt er Guirassy vor die F\u00fc\u00dfe. Und dann sind die Dortmunder halt eiskalt.&#8220;<\/p>\n<p class=\"css-1cmglxz\"><strong>Keven Schlotterbeck (FC Augsburg)<\/strong> &#8211; zum Dortmunder Gegentreffer: &#8222;Ekliges Schmutztor&#8220;<\/p>\n<p class=\"css-1cmglxz\"><strong>Sebastian Kehl (Sportdirektor Borussia Dortmund):<\/strong> &#8222;Ich bin mit den drei Punkten sehr zufrieden. Damit haben wir unser Soll erf\u00fcllt. Wir m\u00fcssen es schon vern\u00fcnftig einordnen. Wir k\u00f6nnen deutlich besser Fu\u00dfball spielen, aber wir sind auch in einer superintensiven Zeit.&#8220;<\/p>\n<p class=\"css-1cmglxz\"><strong>Benjamin Weber (Sportdirektor FC Augsburg):<\/strong> &#8222;Wir arbeiten sehr gut zusammen. Die Punkte, die uns fehlen, \u00e4rgern extrem, aber trotzdem schaffen wir es immer wieder eine gute Stimmung aufzubauen. Die Spieler und wir haben ein sehr gutes Gef\u00fchl, aber es braucht Zeit und deswegen verstehe ich auch komplett die Unzufriedenheit. Nat\u00fcrlich wollen wir mehr Punkte haben, da waren aber auch Spiele, in denen wir einen Punkt verdient gehabt h\u00e4tten und die haben wir jetzt zu wenig.&#8220;<\/p>\n","protected":false},"excerpt":{"rendered":"Am Freitagabend trafen der FC Augsburg und Borussia Dortmund zum Auftakt des neunten Bundesliga-Spieltags aufeinander. ran zeigt die&hellip;\n","protected":false},"author":2,"featured_media":541404,"comment_status":"","ping_status":"","sticky":false,"template":"","format":"standard","meta":{"footnotes":""},"categories":[1846],"tags":[680,772,888,299,403,3364,29,548,663,3934,1002,483,40722,30,13,1229,14,15,15179,12,3404],"class_list":{"0":"post-541403","1":"post","2":"type-post","3":"status-publish","4":"format-standard","5":"has-post-thumbnail","7":"category-augsburg","8":"tag-augsburg","9":"tag-bayern","10":"tag-borussia-dortmund","11":"tag-bundesliga","12":"tag-bvb","13":"tag-de","14":"tag-deutschland","15":"tag-eu","16":"tag-europa","17":"tag-europe","18":"tag-fans","19":"tag-fc-augsburg","20":"tag-fca","21":"tag-germany","22":"tag-headlines","23":"tag-kritik","24":"tag-nachrichten","25":"tag-news","26":"tag-sandro-wagner","27":"tag-schlagzeilen","28":"tag-stimmen"},"share_on_mastodon":{"url":"https:\/\/pubeurope.com\/@de\/115471307545078298","error":""},"_links":{"self":[{"href":"https:\/\/www.europesays.com\/de\/wp-json\/wp\/v2\/posts\/541403","targetHints":{"allow":["GET"]}}],"collection":[{"href":"https:\/\/www.europesays.com\/de\/wp-json\/wp\/v2\/posts"}],"about":[{"href":"https:\/\/www.europesays.com\/de\/wp-json\/wp\/v2\/types\/post"}],"author":[{"embeddable":true,"href":"https:\/\/www.europesays.com\/de\/wp-json\/wp\/v2\/users\/2"}],"replies":[{"embeddable":true,"href":"https:\/\/www.europesays.com\/de\/wp-json\/wp\/v2\/comments?post=541403"}],"version-history":[{"count":0,"href":"https:\/\/www.europesays.com\/de\/wp-json\/wp\/v2\/posts\/541403\/revisions"}],"wp:featuredmedia":[{"embeddable":true,"href":"https:\/\/www.europesays.com\/de\/wp-json\/wp\/v2\/media\/541404"}],"wp:attachment":[{"href":"https:\/\/www.europesays.com\/de\/wp-json\/wp\/v2\/media?parent=541403"}],"wp:term":[{"taxonomy":"category","embeddable":true,"href":"https:\/\/www.europesays.com\/de\/wp-json\/wp\/v2\/categories?post=541403"},{"taxonomy":"post_tag","embeddable":true,"href":"https:\/\/www.europesays.com\/de\/wp-json\/wp\/v2\/tags?post=541403"}],"curies":[{"name":"wp","href":"https:\/\/api.w.org\/{rel}","templated":true}]}}