{"id":541418,"date":"2025-10-31T23:18:11","date_gmt":"2025-10-31T23:18:11","guid":{"rendered":"https:\/\/www.europesays.com\/de\/541418\/"},"modified":"2025-10-31T23:18:11","modified_gmt":"2025-10-31T23:18:11","slug":"keine-flussbestattungen-bei-wasserwerken-bestattungsgesetz","status":"publish","type":"post","link":"https:\/\/www.europesays.com\/de\/541418\/","title":{"rendered":"Keine Flussbestattungen bei Wasserwerken &#8211; Bestattungsgesetz"},"content":{"rendered":"<p><b\/> Das neue Bestattungsgesetz f\u00fcr <a class=\"rtr-entity\" data-rtr-entity=\"Rheinland-Pfalz\" data-rtr-id=\"592c89cea2c38a673e1ef01e37ba8a1a22000196\" data-rtr-score=\"7.301560379918588\" data-rtr-etype=\"location\" data-rtr-index=\"5\" href=\"https:\/\/www.rheinpfalz.de\/rheinland-pfalz.html\" target=\"_blank\" rel=\"noopener\">Rheinland-Pfalz<\/a> l\u00e4sst noch Fragen offen. Eine Landesverordnung soll sie beantworten. Gesundheitsminister <a class=\"rtr-entity\" data-rtr-entity=\"Clemens Hoch\" data-rtr-id=\"516190ee4c67b2344b15f35b92ed3b11a1e2d685\" data-rtr-score=\"40.359565807327\" data-rtr-etype=\"person\" data-rtr-index=\"7\" href=\"https:\/\/www.rheinpfalz.de\/themen\/clemens-hoch?utm_source=rheinpfalz.de&amp;utm_medium=tms&amp;utm_campaign=intext\" target=\"_blank\" rel=\"noopener\">Clemens Hoch<\/a> (SPD) hat angek\u00fcndigt, dass sie rasch vorliegen soll. Ein Entwurf ist  zur Anh\u00f6rung an Verb\u00e4nde, Organisationen und Institutionen wie zum Beispiel die Kirchen und den Bestatterverband  rausgegangen. Diese haben noch bis Sonntag  Zeit, darauf zu reagieren. Ein kurzes Anh\u00f6rungsverfahren von etwas mehr als einer Woche solle dazu beitragen, Handlungssicherheit zu schaffen, sagte Gesundheitsminister Clemens Hoch (SPD). <\/p>\n<p>Zu den noch offenen Punkten geh\u00f6ren die Stellen, an denen Flussbestattungen in Rhein, Mosel, Lahn und Saar erm\u00f6glicht werden. Gerade die Flussbestattung sto\u00dfe  auf gro\u00dfes  Interesse, sagte Hoch. Das Umweltministerium arbeite an einer  Arbeitskarte f\u00fcr die Beh\u00f6rden, in der die Flussbereiche markiert werden,  in denen keine Asche ausgebracht werden d\u00fcrfe. Dies gelte  beispielsweise f\u00fcr gr\u00f6\u00dfere Wasserentnahmestellen. Die Asche d\u00fcrfe auch keine Metallteile enthalten (beispielsweise von k\u00fcnstlichen Gelenken oder Herzschrittmachern), und es d\u00fcrfen \u2013 anders als bei Seebestattungen \u2013 auch keine Kr\u00e4nze, Blumengebinde oder dergleichen zu Wasser gebracht werden.  Die Urnen selbst m\u00fcssen sich schnell im Wasser aufl\u00f6sen.  <\/p>\n<p>Auf das Anh\u00f6rungsverfahren folgt noch einmal eine Pr\u00fcfung, dann wird der Ministerrat abschlie\u00dfend \u00fcber die Durchf\u00fchrungsverordnung beraten und diese  beschlie\u00dfen.<\/p>\n","protected":false},"excerpt":{"rendered":"Das neue Bestattungsgesetz f\u00fcr Rheinland-Pfalz l\u00e4sst noch Fragen offen. Eine Landesverordnung soll sie beantworten. Gesundheitsminister Clemens Hoch (SPD)&hellip;\n","protected":false},"author":2,"featured_media":541419,"comment_status":"","ping_status":"","sticky":false,"template":"","format":"standard","meta":{"footnotes":""},"categories":[1840],"tags":[53393,82703,3364,29,117840,30,4060,1209,5206,1756,184,4418],"class_list":{"0":"post-541418","1":"post","2":"type-post","3":"status-publish","4":"format-standard","5":"has-post-thumbnail","7":"category-wuppertal","8":"tag-bestattungsgesetz","9":"tag-clemens-hoch","10":"tag-de","11":"tag-deutschland","12":"tag-flussbestattung","13":"tag-germany","14":"tag-lokal","15":"tag-nordrhein-westfalen","16":"tag-rhein","17":"tag-rheinland-pfalz","18":"tag-spd","19":"tag-wuppertal"},"share_on_mastodon":{"url":"https:\/\/pubeurope.com\/@de\/115471339036787435","error":""},"_links":{"self":[{"href":"https:\/\/www.europesays.com\/de\/wp-json\/wp\/v2\/posts\/541418","targetHints":{"allow":["GET"]}}],"collection":[{"href":"https:\/\/www.europesays.com\/de\/wp-json\/wp\/v2\/posts"}],"about":[{"href":"https:\/\/www.europesays.com\/de\/wp-json\/wp\/v2\/types\/post"}],"author":[{"embeddable":true,"href":"https:\/\/www.europesays.com\/de\/wp-json\/wp\/v2\/users\/2"}],"replies":[{"embeddable":true,"href":"https:\/\/www.europesays.com\/de\/wp-json\/wp\/v2\/comments?post=541418"}],"version-history":[{"count":0,"href":"https:\/\/www.europesays.com\/de\/wp-json\/wp\/v2\/posts\/541418\/revisions"}],"wp:featuredmedia":[{"embeddable":true,"href":"https:\/\/www.europesays.com\/de\/wp-json\/wp\/v2\/media\/541419"}],"wp:attachment":[{"href":"https:\/\/www.europesays.com\/de\/wp-json\/wp\/v2\/media?parent=541418"}],"wp:term":[{"taxonomy":"category","embeddable":true,"href":"https:\/\/www.europesays.com\/de\/wp-json\/wp\/v2\/categories?post=541418"},{"taxonomy":"post_tag","embeddable":true,"href":"https:\/\/www.europesays.com\/de\/wp-json\/wp\/v2\/tags?post=541418"}],"curies":[{"name":"wp","href":"https:\/\/api.w.org\/{rel}","templated":true}]}}