{"id":541459,"date":"2025-10-31T23:48:13","date_gmt":"2025-10-31T23:48:13","guid":{"rendered":"https:\/\/www.europesays.com\/de\/541459\/"},"modified":"2025-10-31T23:48:13","modified_gmt":"2025-10-31T23:48:13","slug":"das-blv-de-wochenzeitung-fuer-blumenthal-lesum-vegesack-ritterhude-und-schwanewede-nachrichten-aus-der-region-6","status":"publish","type":"post","link":"https:\/\/www.europesays.com\/de\/541459\/","title":{"rendered":"Das-BLV.de Wochenzeitung f\u00fcr Blumenthal, Lesum, Vegesack, Ritterhude und Schwanewede &#8211; Nachrichten &#8211; Aus der Region"},"content":{"rendered":"<p>Region \u2013 (pb) Einsamkeit ist l\u00e4ngst kein Randph\u00e4nomen mehr, sondern ein still wachsendes Problem mitten in der Stadt. Die Gr\u00fcnde sind vielf\u00e4ltig, doch gerade die Folgen der Pandemie und die soziale Isolation, machen sich laut des Einsamkeitsreports der Techniker Krankenkasse bemerkbar.<\/p>\n<p>\u201eWichtig ist, dass allein sein und Einsamkeit etwas v\u00f6llig anderes ist\u201c, erkl\u00e4rt Sonia Lippke, Professorin f\u00fcr Gesundheitsf\u00f6rderung und Pr\u00e4vention an der Constructor University. \u201eAlleinsein ist ein v\u00f6llig neutraler Zustand, w\u00e4hrend Einsamkeit gepr\u00e4gt ist durch einen \u00c4nderungsdruck\u201c, so Sonia Lippke.<\/p>\n<p>Einsamkeit gehe nicht nur mit einer objektiven sozialen Isolation einher, sondern auch mit dem Gef\u00fchl: \u201eHier stimmt etwas nicht.\u201c<\/p>\n<p>Zudem zeige sich Einsamkeit auch physiologisch. \u201eEinsamkeit wirkt aufs Gehirn\u201c, erkl\u00e4rt Sonia Lippke. \u201eWir wissen aus der Forschung, dass Einsamkeit in denselben Regionen verarbeitet wird wie Schmerz \u2013 und so kann es zu Ver\u00e4nderungen kommen\u201c, so die Professorin weiter.<\/p>\n<p>Der Einsamkeitsreport aus dem vergangenen Dezember zeigt, wie breit das Problem inzwischen wirkt. So empfinden 56 Prozent der Menschen in den norddeutschen Bundesl\u00e4ndern Einsamkeit in unterschiedlicher Auspr\u00e4gung. Seit 2022 besch\u00e4ftigt sich auch die Bundesregierung politisch mit dem Thema. Ein eigenes Ministerium zur Bek\u00e4mpfung, wie es im Vereinigten K\u00f6nigreich existiert, gibt es zwar nicht, wohl aber eine nationale Strategie. Darin werden bestehende Angebote geb\u00fcndelt und systematisch aufgef\u00fchrt. Eine von Bremen selbst entwickelte Strategie existiert hingegen nicht, erkl\u00e4rt Nina Willborn, Sprecherin der Sozialsenatorin Claudia Schilling. Auch eine zentrale Ansprechperson fehlt \u2013 und ist, wie aus einer Senatsantwort auf eine Anfrage der CDU hervorgeht, \u201enicht vorgesehen\u201c. Stattdessen begreife der Senat Einsamkeit als sozialpolitisches Querschnittsthema, so Nina Willborn.<\/p>\n<p>Im Sozialressort sind beispielsweise Tagestreffpunkte f\u00fcr Wohnungslose, M\u00fctterzentren oder Orte der offenen Kinder- und Jugendarbeit angesiedelt. Im Gesundheits-, Kinder- und Sportressort werden zudem weitere Ma\u00dfnahmen umgesetzt \u2013 auch wenn nicht immer explizit das Etikett \u201eEinsamkeitsbek\u00e4mpfung\u201c daran h\u00e4ngt.\u00a0<\/p>\n<p>Nina Willborn betont au\u00dferdem, dass das Kompetenznetz Einsamkeit \u201egemessen am Bev\u00f6lkerungsanteil dem Land Bremen eine \u00fcberdurchschnittliche Aktivit\u00e4t bei der Bek\u00e4mpfung best\u00e4tigt.\u201c<\/p>\n<p>Kritik kommt dennoch aus der Bremer Opposition. \u201eBremen braucht endlich eine eigene Strategie gegen Einsamkeit. W\u00e4hrend andere Bundesl\u00e4nder l\u00e4ngst handeln \u2013 in Nordrhein-Westfalen hat Ministerpr\u00e4sident Hendrik W\u00fcst das Thema zur Chefsache gemacht \u2013, bleibt Bremen unt\u00e4tig\u201c, erkl\u00e4rt Sigrid Gr\u00f6nert, sozialpolitische Sprecherin der CDU-B\u00fcrgerschaftsfraktion. Der Bremer Senat untersch\u00e4tze die Bedeutung des Themas und lasse es liegen, so Sigrid Gr\u00f6nert weiter. Die CDU fordert unter anderem die Erhebung aktueller Daten sowie eine gezielte Ursachenforschung, um das Problem wirksamer bek\u00e4mpfen zu k\u00f6nnen.<\/p>\n<p>Doch auch jeder Einzelne k\u00f6nne etwas gegen Einsamkeit tun, erkl\u00e4rt Sonja Lippke. \u201eEs gibt viele M\u00f6glichkeiten \u2013 von kognitiven Ma\u00dfnahmen, also dem Bewusstmachen der eigenen Einsamkeit, bis hin dazu, aktiv auf andere Menschen zuzugehen und vielleicht auch ihnen aus der Einsamkeit zu helfen.\u201c<\/p>\n","protected":false},"excerpt":{"rendered":"Region \u2013 (pb) Einsamkeit ist l\u00e4ngst kein Randph\u00e4nomen mehr, sondern ein still wachsendes Problem mitten in der Stadt.&hellip;\n","protected":false},"author":2,"featured_media":541460,"comment_status":"","ping_status":"","sticky":false,"template":"","format":"standard","meta":{"footnotes":""},"categories":[1824],"tags":[132404,28074,132408,2420,31,132401,3364,29,13112,132413,132406,33928,132407,30,17889,28475,132403,7593,1414,1209,12235,19739,132410,132414,132411,10959,13113,132415,132405,132409,132412,132402],"class_list":{"0":"post-541459","1":"post","2":"type-post","3":"status-publish","4":"format-standard","5":"has-post-thumbnail","7":"category-bremen","8":"tag-einsamkeitsbekaempfung","9":"tag-bekaempfung","10":"tag-bevoelkerungsanteil","11":"tag-bremen","12":"tag-cdu","13":"tag-cdu-buergerschaftsfraktion","14":"tag-de","15":"tag-deutschland","16":"tag-einsamkeit","17":"tag-einsamkeitsreport","18":"tag-einsamkeitsreports","19":"tag-erklaert","20":"tag-existiert","21":"tag-germany","22":"tag-gesundheitsfoerderung","23":"tag-isolation","24":"tag-lippke","25":"tag-massnahmen","26":"tag-ministerpraesident","27":"tag-nordrhein-westfalen","28":"tag-problem","29":"tag-professorin","30":"tag-querschnittsthema","31":"tag-sozialpolitische","32":"tag-sozialpolitisches","33":"tag-sprecherin","34":"tag-strategie","35":"tag-tagestreffpunkte","36":"tag-ueberdurchschnittliche","37":"tag-unterschiedlicher","38":"tag-ursachenforschung","39":"tag-willborn"},"share_on_mastodon":{"url":"","error":"Validation failed: Text character limit of 500 exceeded"},"_links":{"self":[{"href":"https:\/\/www.europesays.com\/de\/wp-json\/wp\/v2\/posts\/541459","targetHints":{"allow":["GET"]}}],"collection":[{"href":"https:\/\/www.europesays.com\/de\/wp-json\/wp\/v2\/posts"}],"about":[{"href":"https:\/\/www.europesays.com\/de\/wp-json\/wp\/v2\/types\/post"}],"author":[{"embeddable":true,"href":"https:\/\/www.europesays.com\/de\/wp-json\/wp\/v2\/users\/2"}],"replies":[{"embeddable":true,"href":"https:\/\/www.europesays.com\/de\/wp-json\/wp\/v2\/comments?post=541459"}],"version-history":[{"count":0,"href":"https:\/\/www.europesays.com\/de\/wp-json\/wp\/v2\/posts\/541459\/revisions"}],"wp:featuredmedia":[{"embeddable":true,"href":"https:\/\/www.europesays.com\/de\/wp-json\/wp\/v2\/media\/541460"}],"wp:attachment":[{"href":"https:\/\/www.europesays.com\/de\/wp-json\/wp\/v2\/media?parent=541459"}],"wp:term":[{"taxonomy":"category","embeddable":true,"href":"https:\/\/www.europesays.com\/de\/wp-json\/wp\/v2\/categories?post=541459"},{"taxonomy":"post_tag","embeddable":true,"href":"https:\/\/www.europesays.com\/de\/wp-json\/wp\/v2\/tags?post=541459"}],"curies":[{"name":"wp","href":"https:\/\/api.w.org\/{rel}","templated":true}]}}