{"id":541621,"date":"2025-11-01T01:22:23","date_gmt":"2025-11-01T01:22:23","guid":{"rendered":"https:\/\/www.europesays.com\/de\/541621\/"},"modified":"2025-11-01T01:22:23","modified_gmt":"2025-11-01T01:22:23","slug":"stuttgart-21-buergerbegehren-gegen-bebauung-von-gleisflaechen-gescheitert","status":"publish","type":"post","link":"https:\/\/www.europesays.com\/de\/541621\/","title":{"rendered":"Stuttgart 21: B\u00fcrgerbegehren gegen Bebauung von Gleisfl\u00e4chen gescheitert"},"content":{"rendered":"<p class=\"paragraph article__item\">Die Initiatoren eines B\u00fcrgerbegehrens gegen einen Teil der Bebauung von frei werdenden Gleisfl\u00e4chen am Stuttgarter Hauptbahnhof sind mit ihrer Initiative gescheitert. Die B\u00fcrgerinitiative \u00abBahnhof mit Zukunft\u00bb habe das erforderliche Quorum von 20.000 g\u00fcltigen Unterschriften nicht erreicht, teilte die Stadt <a class=\"rtr-entity\" href=\"https:\/\/www.zeit.de\/thema\/stuttgart\" rel=\"nofollow noopener\" target=\"_blank\">Stuttgart<\/a> nach einer Pr\u00fcfung der Unterschriften mit.\u00a0\n<\/p>\n<p>Aktuelles<\/p>\n<p>                <a href=\"https:\/\/www.zeit.de\/2025\/46\/hamburg-zukunftsentscheid-initiative-klimaschutz-spd-gxe\" data-ct-label=\"Hamburger Zukunftsentscheid: Auf Konfrontationskurs\" rel=\"nofollow noopener\" target=\"_blank\"><\/p>\n<p>        Z+ (abopflichtiger Inhalt);<\/p>\n<p>    Hamburger Zukunftsentscheid:<br \/>\n                        Auf Konfrontationskurs<\/p>\n<p>                <\/a><\/p>\n<p>                <a href=\"https:\/\/www.zeit.de\/politik\/deutschland\/2025-10\/kritik-friedrich-merz-cdu-plattform-compass-mitte-migration-afd\" data-ct-label=\"Stadtbild-Debatte: Neue Gruppe in der CDU fordert &quot;Kurskorrektur&quot; von Parteichef Merz\" rel=\"nofollow noopener\" target=\"_blank\"><\/p>\n<p>                        Stadtbild-Debatte:<br \/>\n                        Neue Gruppe in der CDU fordert &#8222;Kurskorrektur&#8220; von Parteichef Merz<\/p>\n<p>                <\/a><\/p>\n<p>                <a href=\"https:\/\/www.zeit.de\/hamburg\/2025-10\/ns-deportationen-hamburg-konzentrationslager-holocaust-fotos\" data-ct-label=\"NS-Deportationen: Diese Bilder zeigen, was sp\u00e4ter niemand gewusst haben wollte\" rel=\"nofollow noopener\" target=\"_blank\"><\/p>\n<p>        Z+ (abopflichtiger Inhalt);<\/p>\n<p>    NS-Deportationen:<br \/>\n                        Diese Bilder zeigen, was sp\u00e4ter niemand gewusst haben wollte<\/p>\n<p>                <\/a><\/p>\n<p class=\"paragraph article__item\">Demnach haben die Aktivisten bis zum 15. Oktober zwar mehr als 20.000 Unterschriften eingereicht, die Pr\u00fcfung durch die Stadt habe aber ergeben, dass nur 18.270 Stimmen g\u00fcltig seien. G\u00fcltige Unterschriften durften laut Stadt nur EU-B\u00fcrger abgeben, die seit mindestens drei Monaten in Stuttgart gemeldet und \u00fcber 16 Jahre alt seien.\u00a0\n<\/p>\n<p>                Streit um Startdatum f\u00fcr Unterschriftensammlung        <\/p>\n<p class=\"paragraph article__item\">Schon im Vorfeld hatte es zwischen Stadt und B\u00fcrgerinitiative einen Streit \u00fcber die Auslegung des Startpunkts der dreimonatigen Frist f\u00fcr die Unterschriftensammlung gegeben. Aus Sicht der Stadt begann die Frist am 15. Juli mit dem Beschluss des Bebauungsplans &#8211; und endete damit mit dem 15. Oktober. Laut Initiative startete die Frist erst am 24. Juli mit der Bekanntgabe im Amtsblatt und endet entsprechend sp\u00e4ter.\n<\/p>\n<p class=\"paragraph article__item\">Die Stadt hatte deswegen auch die Unterschriften gepr\u00fcft, die bis zum 27. Oktober bei ihr eingingen. Mit den sp\u00e4ter eingereichten Signaturen kam die Initiative demnach auf 19.835 Unterst\u00fctzer &#8211; also ebenfalls zu wenige. Die Frage der unterschiedlichen rechtlichen Beurteilung des Fristendes sei deswegen nicht relevant, teilte die Stadt mit.\u00a0\n<\/p>\n<p>        Initiative will dennoch B\u00fcrgerentscheid haben        <\/p>\n<p class=\"paragraph article__item\">Hannes Rockenbauch, einer der Initiatoren des B\u00fcrgerbegehrens, forderte den Gemeinderat auf, dennoch einen B\u00fcrgerentscheid zuzulassen. \u00abAn 165 Unterschriften darf dieser starke Wunsch nach direkter Demokratie nicht versanden\u00bb, sagte Rockenbauch. Man m\u00fcsse nun nachvollziehen, wie es sein k\u00f6nne, dass es bei den Unterschriften eine hohe Fehlerquote gegeben habe.\u00a0\n<\/p>\n<p class=\"paragraph article__item\">Stuttgarts Oberb\u00fcrgermeister Frank Nopper reagierte auf die Forderung der Initiatoren mit scharfer Kritik. \u00abHannes Rockenbauch erweist sich leider als schlechter Verlierer. In der Stunde seiner Niederlage versucht er, mit einem durchsichtigen und plumpen Man\u00f6ver den Blick von seinem Scheitern auf die angeblich schuldige Stadtverwaltung zu lenken\u00bb, wurde Nopper in einer Pressemitteilung der Stadt zitiert.\n<\/p>\n<p class=\"paragraph article__item\">Auf dem Gleisvorfeld am Hauptbahnhof sollen nach Fertigstellung des Tiefbahnhofs rund um das Bahnprojekt <a class=\"rtr-entity\" href=\"https:\/\/www.zeit.de\/thema\/stuttgart-21\" rel=\"nofollow noopener\" target=\"_blank\">Stuttgart 21<\/a> Tausende Wohnungen entstehen. Die rund 85 Hektar Fl\u00e4che l\u00e4gen im st\u00e4dtischen Besitz, dort biete sich die Chance mitten im Zentrum 4.700 bis 5.700 Wohnungen zu bauen und Wohnraum f\u00fcr rund 10.000 Menschen zu schaffen, sagte ein Sprecher der Stadt. Die Initiative will die Bebauung jedoch verhindern &#8211; um auch den alten Kopfbahnhof zu erhalten. Der alte Bahnhof hat 16 Gleise, der neue unterirdisch nur acht.\n<\/p>\n<p class=\"paragraph article__item\">\u00a9 dpa-infocom, dpa:251031-930-233230\/2<\/p>\n","protected":false},"excerpt":{"rendered":"Die Initiatoren eines B\u00fcrgerbegehrens gegen einen Teil der Bebauung von frei werdenden Gleisfl\u00e4chen am Stuttgarter Hauptbahnhof sind mit&hellip;\n","protected":false},"author":2,"featured_media":541622,"comment_status":"","ping_status":"","sticky":false,"template":"","format":"standard","meta":{"footnotes":""},"categories":[1830],"tags":[1634,14315,28779,3364,29,30,128982,3601,15,1441,9634],"class_list":{"0":"post-541621","1":"post","2":"type-post","3":"status-publish","4":"format-standard","5":"has-post-thumbnail","7":"category-stuttgart","8":"tag-baden-wuerttemberg","9":"tag-bebauung","10":"tag-buergerbegehren","11":"tag-de","12":"tag-deutschland","13":"tag-germany","14":"tag-gleisflaeche","15":"tag-hauptbahnhof","16":"tag-news","17":"tag-stuttgart","18":"tag-stuttgart-21"},"share_on_mastodon":{"url":"https:\/\/pubeurope.com\/@de\/115471826544247851","error":""},"_links":{"self":[{"href":"https:\/\/www.europesays.com\/de\/wp-json\/wp\/v2\/posts\/541621","targetHints":{"allow":["GET"]}}],"collection":[{"href":"https:\/\/www.europesays.com\/de\/wp-json\/wp\/v2\/posts"}],"about":[{"href":"https:\/\/www.europesays.com\/de\/wp-json\/wp\/v2\/types\/post"}],"author":[{"embeddable":true,"href":"https:\/\/www.europesays.com\/de\/wp-json\/wp\/v2\/users\/2"}],"replies":[{"embeddable":true,"href":"https:\/\/www.europesays.com\/de\/wp-json\/wp\/v2\/comments?post=541621"}],"version-history":[{"count":0,"href":"https:\/\/www.europesays.com\/de\/wp-json\/wp\/v2\/posts\/541621\/revisions"}],"wp:featuredmedia":[{"embeddable":true,"href":"https:\/\/www.europesays.com\/de\/wp-json\/wp\/v2\/media\/541622"}],"wp:attachment":[{"href":"https:\/\/www.europesays.com\/de\/wp-json\/wp\/v2\/media?parent=541621"}],"wp:term":[{"taxonomy":"category","embeddable":true,"href":"https:\/\/www.europesays.com\/de\/wp-json\/wp\/v2\/categories?post=541621"},{"taxonomy":"post_tag","embeddable":true,"href":"https:\/\/www.europesays.com\/de\/wp-json\/wp\/v2\/tags?post=541621"}],"curies":[{"name":"wp","href":"https:\/\/api.w.org\/{rel}","templated":true}]}}