{"id":541862,"date":"2025-11-01T03:41:11","date_gmt":"2025-11-01T03:41:11","guid":{"rendered":"https:\/\/www.europesays.com\/de\/541862\/"},"modified":"2025-11-01T03:41:11","modified_gmt":"2025-11-01T03:41:11","slug":"bsw-spitze-in-klausur-bleibt-wagenknecht-parteichefin-nachrichten-aus-deutschland","status":"publish","type":"post","link":"https:\/\/www.europesays.com\/de\/541862\/","title":{"rendered":"BSW-Spitze in Klausur \u2013 bleibt Wagenknecht Parteichefin? &#8211; Nachrichten aus Deutschland"},"content":{"rendered":"<p>Berlin (dpa) &#8211; Der BSW-Vorstand und die Landesvorsitzenden der Partei beraten an diesem Wochenende bei einer Klausurtagung in Berlin \u00fcber die k\u00fcnftige strategische und personelle Aufstellung. Diskutiert werden soll \u00fcber einen Leitantrag mit Kernpositionen f\u00fcr den anstehenden Parteitag und auch \u00fcber die k\u00fcnftige Besetzung des Vorstands, der bei dem geplanten Treffen Anfang Dezember in Magdeburg neu gew\u00e4hlt wird.<\/p>\n<p>Unklar ist, ob Parteigr\u00fcnderin und Co-Chefin Sahra Wagenknecht bei dieser<\/p>\n","protected":false},"excerpt":{"rendered":"Berlin (dpa) &#8211; Der BSW-Vorstand und die Landesvorsitzenden der Partei beraten an diesem Wochenende bei einer Klausurtagung in&hellip;\n","protected":false},"author":2,"featured_media":541863,"comment_status":"","ping_status":"","sticky":false,"template":"","format":"standard","meta":{"footnotes":""},"categories":[2],"tags":[331,3924,332,3922,10208,3364,29,30,13,14,3923,15,3921,2403,6598,16,12,2408],"class_list":{"0":"post-541862","1":"post","2":"type-post","3":"status-publish","4":"format-standard","5":"has-post-thumbnail","7":"category-deutschland","8":"tag-aktuelle-nachrichten","9":"tag-aktuelle-nachrichten-aus-deutschland","10":"tag-aktuelle-news","11":"tag-aktuelle-news-aus-deutschland","12":"tag-bsw","13":"tag-de","14":"tag-deutschland","15":"tag-germany","16":"tag-headlines","17":"tag-nachrichten","18":"tag-nachrichten-aus-deutschland","19":"tag-news","20":"tag-news-aus-deutschland","21":"tag-partei","22":"tag-personalien","23":"tag-politik","24":"tag-schlagzeilen","25":"tag-zusammenfassung"},"share_on_mastodon":{"url":"https:\/\/pubeurope.com\/@de\/115472373155009803","error":""},"_links":{"self":[{"href":"https:\/\/www.europesays.com\/de\/wp-json\/wp\/v2\/posts\/541862","targetHints":{"allow":["GET"]}}],"collection":[{"href":"https:\/\/www.europesays.com\/de\/wp-json\/wp\/v2\/posts"}],"about":[{"href":"https:\/\/www.europesays.com\/de\/wp-json\/wp\/v2\/types\/post"}],"author":[{"embeddable":true,"href":"https:\/\/www.europesays.com\/de\/wp-json\/wp\/v2\/users\/2"}],"replies":[{"embeddable":true,"href":"https:\/\/www.europesays.com\/de\/wp-json\/wp\/v2\/comments?post=541862"}],"version-history":[{"count":0,"href":"https:\/\/www.europesays.com\/de\/wp-json\/wp\/v2\/posts\/541862\/revisions"}],"wp:featuredmedia":[{"embeddable":true,"href":"https:\/\/www.europesays.com\/de\/wp-json\/wp\/v2\/media\/541863"}],"wp:attachment":[{"href":"https:\/\/www.europesays.com\/de\/wp-json\/wp\/v2\/media?parent=541862"}],"wp:term":[{"taxonomy":"category","embeddable":true,"href":"https:\/\/www.europesays.com\/de\/wp-json\/wp\/v2\/categories?post=541862"},{"taxonomy":"post_tag","embeddable":true,"href":"https:\/\/www.europesays.com\/de\/wp-json\/wp\/v2\/tags?post=541862"}],"curies":[{"name":"wp","href":"https:\/\/api.w.org\/{rel}","templated":true}]}}