{"id":541917,"date":"2025-11-01T04:14:35","date_gmt":"2025-11-01T04:14:35","guid":{"rendered":"https:\/\/www.europesays.com\/de\/541917\/"},"modified":"2025-11-01T04:14:35","modified_gmt":"2025-11-01T04:14:35","slug":"ruecksichtslosigkeit-auto-erfasst-bei-verkehrsunfall-in-berlin-mehrere-kinder","status":"publish","type":"post","link":"https:\/\/www.europesays.com\/de\/541917\/","title":{"rendered":"&#8222;R\u00fccksichtslosigkeit&#8220;: Auto erfasst bei Verkehrsunfall in Berlin mehrere Kinder"},"content":{"rendered":"<p>\n  Von&amp;nbsp<b>Euronews<\/b>\n<\/p>\n<p>\n                    Zuerst ver\u00f6ffentlicht am                 04\/09\/2025 &#8211; 14:08 MESZ<br \/>\n                \u2022Zuletzt aktualisiert<br \/>\n                                     05\/09\/2025 &#8211; 6:59 MESZ\n                                        <\/p>\n<p>Am Donnerstag erfasste ein Autofahrer eine Menschengruppe in Berlin Wedding. Vier Menschen wurden dabei verletzt, unter ihnen drei Kinder. Laut Polizei habe der 20-j\u00e4hrige Fahrer eine rote Ampel ignoriert. <\/p>\n<p>Die Freizeitferiengruppe, etwa sechs Kinder im Alter von sieben und acht Jahren begleitet von einer Erzieherin, \u00fcberquerte gerade eine Kreuzung bei gr\u00fcn, als Donnerstagmittag ein Auto in sie prallte. <\/p>\n<p>Der Unfall hat sich laut Polizeiangaben gegen 12.50 Uhr ereignet, als der Pkw-Fahrer \u00fcber eine rote Ampel fuhr. <\/p>\n<p>Verletzte in Virchow-Klinik gebracht<\/p>\n<p>Den Angaben zufolge wurde eine Erzieherin schwer verletzt, drei Kinder wurden indes leicht verletzt. Die Verletzten wurden ins nahegelegene Virchow-Krankenhaus gebracht.  Vor Ort waren Polizei, Feuerwehr und ein Team der Notfall- und Krisenseelsorgeintervention f\u00fcr die Kinder, Eltern und Erzieher. <\/p>\n<p>Das Ungl\u00fcck passierte an der Kreuzung Dohnagestell und Seestra\u00dfe im Berliner Stadtteil Wedding.<\/p>\n<p>Die Sommerferien der Schulen in Berlin gehen erst in der kommenden Woche zu Ende. Das sonnige und warme Wetter in der Hauptstadt eignete sich an diesem 4. September hervorragend f\u00fcr einen Ausflug, der aber f\u00fcr die Betroffenen tragisch endete. <\/p>\n<p>Polizei: &#8222;Verkehrsunf\u00e4lle, wie sie in der Gro\u00dfstadt passieren&#8220;<\/p>\n<p>Der 20-j\u00e4hrige PKW-Fahrer soll den Unfall durch &#8222;mutma\u00dfliche R\u00fccksichtslosigkeit&#8220; verursacht haben, so ein Sprecher der Polizei vom Tatort. <\/p>\n<p>Es handle sich um &#8222;einen von vielen Verkehrsunf\u00e4llen, wie sie in der Gro\u00dfstadt passieren&#8220;, sagte dieser in einem Statement auf der Plattform X.<\/p>\n<p>Die Polizei schlie\u00dft au\u00dferdem aus, dass es sich um ein terroristisches Tatmotiv oder eine Amokfahrt handeln k\u00f6nnte.<\/p>\n<p>Aus der Berliner Unfallstatistik 2024 geht hervor, dass die Seestra\u00dfe &#8211; an der sich auch dieser Unfall ereignete &#8211; einer der f\u00fcnf h\u00e4ufigsten Verkehrsunfallorte ist. Im vergangenen Jahr kam es hier zu 258 Vorf\u00e4llen.<\/p>\n","protected":false},"excerpt":{"rendered":"Von&amp;nbspEuronews Zuerst ver\u00f6ffentlicht am 04\/09\/2025 &#8211; 14:08 MESZ \u2022Zuletzt aktualisiert 05\/09\/2025 &#8211; 6:59 MESZ Am Donnerstag erfasste ein&hellip;\n","protected":false},"author":2,"featured_media":541918,"comment_status":"","ping_status":"","sticky":false,"template":"","format":"standard","meta":{"footnotes":""},"categories":[1825],"tags":[1941,1939,296,1937,29,30,1114,14,1940,1938,1284,5886],"class_list":{"0":"post-541917","1":"post","2":"type-post","3":"status-publish","4":"format-standard","5":"has-post-thumbnail","7":"category-berlin","8":"tag-aktuelle-nachrichten-aus-berlin","9":"tag-aktuelle-news-aus-berlin","10":"tag-berlin","11":"tag-berlin-news","12":"tag-deutschland","13":"tag-germany","14":"tag-kinder","15":"tag-nachrichten","16":"tag-nachrichten-aus-berlin","17":"tag-news-aus-berlin","18":"tag-unfall","19":"tag-unglueck"},"share_on_mastodon":{"url":"https:\/\/pubeurope.com\/@de\/115472502941820479","error":""},"_links":{"self":[{"href":"https:\/\/www.europesays.com\/de\/wp-json\/wp\/v2\/posts\/541917","targetHints":{"allow":["GET"]}}],"collection":[{"href":"https:\/\/www.europesays.com\/de\/wp-json\/wp\/v2\/posts"}],"about":[{"href":"https:\/\/www.europesays.com\/de\/wp-json\/wp\/v2\/types\/post"}],"author":[{"embeddable":true,"href":"https:\/\/www.europesays.com\/de\/wp-json\/wp\/v2\/users\/2"}],"replies":[{"embeddable":true,"href":"https:\/\/www.europesays.com\/de\/wp-json\/wp\/v2\/comments?post=541917"}],"version-history":[{"count":0,"href":"https:\/\/www.europesays.com\/de\/wp-json\/wp\/v2\/posts\/541917\/revisions"}],"wp:featuredmedia":[{"embeddable":true,"href":"https:\/\/www.europesays.com\/de\/wp-json\/wp\/v2\/media\/541918"}],"wp:attachment":[{"href":"https:\/\/www.europesays.com\/de\/wp-json\/wp\/v2\/media?parent=541917"}],"wp:term":[{"taxonomy":"category","embeddable":true,"href":"https:\/\/www.europesays.com\/de\/wp-json\/wp\/v2\/categories?post=541917"},{"taxonomy":"post_tag","embeddable":true,"href":"https:\/\/www.europesays.com\/de\/wp-json\/wp\/v2\/tags?post=541917"}],"curies":[{"name":"wp","href":"https:\/\/api.w.org\/{rel}","templated":true}]}}