{"id":541927,"date":"2025-11-01T04:19:21","date_gmt":"2025-11-01T04:19:21","guid":{"rendered":"https:\/\/www.europesays.com\/de\/541927\/"},"modified":"2025-11-01T04:19:21","modified_gmt":"2025-11-01T04:19:21","slug":"starkoch-heinz-winkler-witwe-vor-gericht-ist-ihr-testament-nicht-echt-unterhaltung","status":"publish","type":"post","link":"https:\/\/www.europesays.com\/de\/541927\/","title":{"rendered":"Starkoch Heinz Winkler: Witwe vor Gericht! Ist ihr Testament nicht echt? | Unterhaltung"},"content":{"rendered":"<p>Streit um das Erbe von Starkoch Heinz Winkler. Jetzt ist das Ganze vor Gericht gelandet. Es geht u.a. um die pr\u00e4chtige Villa des verm\u00f6genden Gourmet-Papstes in Aschau. In der wohnt zurzeit Witwe Daniela Winkler. Aber darf sie das \u00fcberhaupt? <\/p>\n<p><b>Lesen Sie mit BILDplus, wie pl\u00f6tzlich in der Regelung des Erbes ein zweites Testament auftauchte. Doch ist dieser letzte Wille echt? Daran gibt es nun Zweifel. Schock f\u00fcr die Witwe im Gerichtssaal! <\/b><\/p>\n","protected":false},"excerpt":{"rendered":"Streit um das Erbe von Starkoch Heinz Winkler. Jetzt ist das Ganze vor Gericht gelandet. Es geht u.a.&hellip;\n","protected":false},"author":2,"featured_media":541928,"comment_status":"","ping_status":"","sticky":false,"template":"","format":"standard","meta":{"footnotes":""},"categories":[1776],"tags":[132486,1801,79593,29,214,30,1802,6305,4925,45,215,132487],"class_list":{"0":"post-541927","1":"post","2":"type-post","3":"status-publish","4":"format-standard","5":"has-post-thumbnail","7":"category-prominente","8":"tag-beruehmte-koeche","9":"tag-celebrities","10":"tag-chiemsee","11":"tag-deutschland","12":"tag-entertainment","13":"tag-germany","14":"tag-prominente","15":"tag-restaurants","16":"tag-sternekoch","17":"tag-texttospeech","18":"tag-unterhaltung","19":"tag-winkler-heinz"},"share_on_mastodon":{"url":"https:\/\/pubeurope.com\/@de\/115472522654170124","error":""},"_links":{"self":[{"href":"https:\/\/www.europesays.com\/de\/wp-json\/wp\/v2\/posts\/541927","targetHints":{"allow":["GET"]}}],"collection":[{"href":"https:\/\/www.europesays.com\/de\/wp-json\/wp\/v2\/posts"}],"about":[{"href":"https:\/\/www.europesays.com\/de\/wp-json\/wp\/v2\/types\/post"}],"author":[{"embeddable":true,"href":"https:\/\/www.europesays.com\/de\/wp-json\/wp\/v2\/users\/2"}],"replies":[{"embeddable":true,"href":"https:\/\/www.europesays.com\/de\/wp-json\/wp\/v2\/comments?post=541927"}],"version-history":[{"count":0,"href":"https:\/\/www.europesays.com\/de\/wp-json\/wp\/v2\/posts\/541927\/revisions"}],"wp:featuredmedia":[{"embeddable":true,"href":"https:\/\/www.europesays.com\/de\/wp-json\/wp\/v2\/media\/541928"}],"wp:attachment":[{"href":"https:\/\/www.europesays.com\/de\/wp-json\/wp\/v2\/media?parent=541927"}],"wp:term":[{"taxonomy":"category","embeddable":true,"href":"https:\/\/www.europesays.com\/de\/wp-json\/wp\/v2\/categories?post=541927"},{"taxonomy":"post_tag","embeddable":true,"href":"https:\/\/www.europesays.com\/de\/wp-json\/wp\/v2\/tags?post=541927"}],"curies":[{"name":"wp","href":"https:\/\/api.w.org\/{rel}","templated":true}]}}