{"id":541988,"date":"2025-11-01T04:56:18","date_gmt":"2025-11-01T04:56:18","guid":{"rendered":"https:\/\/www.europesays.com\/de\/541988\/"},"modified":"2025-11-01T04:56:18","modified_gmt":"2025-11-01T04:56:18","slug":"epstein-skandal-folgen-fuer-andrew-und-was-ist-mit-trump-dw-31-10-2025","status":"publish","type":"post","link":"https:\/\/www.europesays.com\/de\/541988\/","title":{"rendered":"Epstein-Skandal: Folgen f\u00fcr Andrew &#8211; und was ist mit Trump? \u2013 DW \u2013 31.10.2025"},"content":{"rendered":"<p>Jetzt ist er auch seine letzten royalen Titel los: Andrew, der Bruder des britischen K\u00f6nigs Charles, wird fortan kein Prinz mehr sein, sondern einfach\u00a0Andrew Mountbatten Windsor. Au\u00dferdem muss er aus seinem Anwesen, der Royal Lodge, ausziehen. Der Grund sind seine nachgewiesene Verbindung zu dem Sexualstraft\u00e4ter Jeffrey Epstein und Missbrauchsvorw\u00fcrfe gegen Andrew selbst, die dieser nach wie vor bestreitet.\u00a0<\/p>\n<p>Der Fall\u00a0Jeffrey Epstein l\u00e4sst auch\u00a0<a class=\"internal-link\" href=\"https:\/\/www.dw.com\/de\/donald-trump\/t-18901598\" rel=\"nofollow noopener\" target=\"_blank\">Donald Trump<\/a> keine Ruhe. Der ehemalige Investmentbanker Epstein hatte \u00fcber Jahre hinweg unz\u00e4hlige <a class=\"internal-link\" href=\"https:\/\/www.dw.com\/de\/sexualisierte-gewalt-gegen-kinder\/t-17957038\" rel=\"nofollow noopener\" target=\"_blank\">M\u00e4dchen<\/a>\u00a0und junge Frauen <a class=\"internal-link\" href=\"https:\/\/www.dw.com\/de\/sexualisierte-gewalt\/t-67550120\" rel=\"nofollow noopener\" target=\"_blank\">sexuell missbraucht<\/a> und sie an Freunde und Gesch\u00e4ftspartner &#8222;weitergegeben&#8220;. Der Skandal zog enorme Kreise in der US-amerikanischen High Society. 2019 starb Epstein unter fragw\u00fcrdigen Umst\u00e4nden in einem New Yorker Gef\u00e4ngnis.<\/p>\n<p>Mehr als sechs Jahre sp\u00e4ter ist die Aff\u00e4re zu einem veritablen Problem f\u00fcr den US-Pr\u00e4sidenten geworden.\u00a0Immer lauter werden die <a class=\"internal-link\" href=\"https:\/\/www.dw.com\/de\/jeffrey-epstein-opfer-fordern-freigabe-aller-akten\/a-73894485\" rel=\"nofollow noopener\" target=\"_blank\">Forderungen an Trumps Justizministerium<\/a>, die sogenannten &#8222;Epstein Files&#8220; vollst\u00e4ndig zu ver\u00f6ffentlichen. Zwar sind einige\u00a0der Akten bereits \u00f6ffentlich zug\u00e4nglich, doch selbst in ihnen sind einige Inhalte geschw\u00e4rzt. \u00dcberlebende von Epsteins Missbrauch fordern, dass alles, was den Justizbeh\u00f6rden bekannt ist, der breiten \u00d6ffentlichkeit zug\u00e4nglich gemacht wird:\u00a0Alle, die Teil von Epsteins Missbrauchs- und Menschenhandelsnetzwerk waren\u00a0und sich an dem\u00a0<a class=\"internal-link\" href=\"https:\/\/www.dw.com\/de\/gewalt-gegen-frauen\/t-70652095\" rel=\"nofollow noopener\" target=\"_blank\">Missbrauch und den Vergewaltigungen<\/a>\u00a0beteiligt haben, sollen zur Rechenschaft gezogen werden.<\/p>\n<p>Trump war erwiesenerma\u00dfen in den 1990er Jahren <a class=\"internal-link\" href=\"https:\/\/www.dw.com\/de\/us-praesident-donald-trump-schatten-jeffrey-epstein-akten-dokumente-maga-elon-musk-verschwoerung-v2\/a-73317227\" rel=\"nofollow noopener\" target=\"_blank\">mit Epstein befreundet<\/a>, das zeigen Fotos und Videoaufnahmen. Noch 2002 nannte Trump Epstein einen &#8222;gro\u00dfartigen Mann&#8220;\u00a0und sagte \u00fcber ihn: &#8222;Es wird sogar erz\u00e4hlt, dass er sch\u00f6ne Frauen genauso mag wie ich. Und viele von denen sind eher von der j\u00fcngeren Sorte.&#8220; Kurz darauf\u00a0distanziert er sich allerdings von Epstein &#8211; noch bevor die Missbrauchsvorw\u00fcrfe gegen den Finanzier bekannt wurden.<\/p>\n<p>Trump hat indes seine eigene Geschichte mit Missbrauchsvorw\u00fcrfen. Im Jahr 2023 wurde Trump in einem Zivilprozess zu einer <a class=\"internal-link\" href=\"https:\/\/www.dw.com\/de\/trump-in-verleumdungsprozess-gegen-e-jean-carroll-zu-83-millionen-dollar-schadenersatz-verurteilt\/a-68100499\" rel=\"nofollow noopener\" target=\"_blank\">Entsch\u00e4digungszahlung in Millionenh\u00f6he an die Autorin E. Jean Carroll<\/a>\u00a0verurteilt, weil eine Jury es als erwiesen ansah, dass er sie 1996 in einem Kaufhaus sexuell missbraucht und sp\u00e4ter verleumdet hatte.<\/p>\n<p>Aktuell keine Epstein-Ermittlungen wegen Shutdown<\/p>\n<p>Bemerkenswert ist: Sowohl\u00a0<a class=\"internal-link\" href=\"https:\/\/www.dw.com\/de\/demokratische-partei-usa\/t-69952967\" rel=\"nofollow noopener\" target=\"_blank\">demokratische Abgeordnete<\/a> im US-Repr\u00e4sentantenhaus als auch einige ihrer <a class=\"internal-link\" href=\"https:\/\/www.dw.com\/de\/republikanische-partei-usa\/t-69953360\" rel=\"nofollow noopener\" target=\"_blank\">republikanischen<\/a> Kolleginnen und Kollegen (also aus Trumps eigener Partei)\u00a0fordern eine Abstimmung \u00fcber den Epstein Files Transparency Act. In dem Gesetzesentwurf hei\u00dft es, das Justizministerium soll die vollst\u00e4ndige Freigabe der Dokumente im Zusammenhang mit Epstein veranlassen.<\/p>\n<p><img data-format=\"MASTER_LANDSCAPE\" data-id=\"73871541\" data-url=\"https:\/\/static.dw.com\/image\/73871541_${formatId}.jpg\" data-aspect-ratio=\"16\/9\" alt=\"\u00dcberlebende Lisa Phillips bei einer Kundgebung zu Jeffrey Epstein-Akten vor dem US Kapitol\" style=\"padding-bottom: 56.25%; height: 0; max-height: 0;\"\/>Lisa Phillips war eine von mehreren \u00dcberlebenden, die auf einer Kundgebung vor dem US-Kapitol volle Transparenz im Fall Jeffrey Epstein fordertenBild: Andrew Harnik\/Getty Images\/AFP<\/p>\n<p>&#8222;Die Kongressabgeordneten m\u00fcssen sich entscheiden: Wollen sie weiter Sexualstraft\u00e4ter sch\u00fctzen, oder sch\u00fctzen sie endlich die Opfer? Transparenz ist Gerechtigkeit&#8220;, sagte Lisa Phillips, eine der \u00dcberlebenden, bei einer Kundgebung vor dem Kapitol im September 2025. &#8222;Geben Sie die Akten frei, beenden Sie die Geheimniskr\u00e4merei und stellen Sie sich an unsere\u00a0Seite mit der Forderung, dass niemand, kein Milliard\u00e4r, kein Politiker, kein Staatsoberhaupt \u00fcber dem Gesetz stehen darf.&#8220;<\/p>\n<p>Dabei ist Trump nicht der einzige US-Pr\u00e4sident mit engen Beziehungen zu Epstein. Auch der Demokrat Bill Clinton, von\u00a01993 bis 2001 US-Pr\u00e4sident, war mit Epstein befreundet. Er\u00a0schickte ihm im Jahr 2003 Gr\u00fc\u00dfe zum 50. Geburtstag und unternahm mit ihm und einigen Hollywood-Schauspielern 2002 eine Afrika-Reise &#8211; in Epsteins Privatjet. Wie Trump distanzierte sich Clinton sp\u00e4ter von Epstein. Doch auch Joe Biden, Clintons demokratischer Parteifreund, ver\u00f6ffentlichte die Unterlagen w\u00e4hrend seiner Pr\u00e4sidentschaft (2021 bis 2025) nicht.<\/p>\n<p>Aktuell passiert gar nichts in der Epstein-Untersuchung. Das House Oversight Committee, der wichtigste Untersuchungsausschuss des Repr\u00e4sentantenhauses, ist, wie fast alle Organe der Regierung, wegen des Shutdowns lahmgelegt.<\/p>\n<p>Neues Buch, neue Enth\u00fcllungen \u00fcber Epstein<\/p>\n<p>Daf\u00fcr kommen Ver\u00f6ffentlichungen von anderer Seite. Mitte Oktober erschien &#8222;Nobody&#8217;s Girl&#8220;, die Memoiren von Virginia Roberts Giuffre. Sie war eine der prominentesten Frauen, die von Epstein sexuell missbraucht wurden, und\u00a0machte den Fall des vielfachen Sexualstraft\u00e4ters einer breiten \u00d6ffentlichkeit bekannt. Sie war es auch, die Andrew beschuldigte &#8211; drei Mal soll der damalige Prinz sie sexuell missbraucht haben, zum Teil als sie noch minderj\u00e4hrig war.\u00a0Im April 2025 <a class=\"internal-link\" href=\"https:\/\/www.dw.com\/de\/\u00fcberlebende-von-epstein-missbrauch-virginia-giuffre-gestorben\/a-72359630\" rel=\"nofollow noopener\" target=\"_blank\">beging die da 41-J\u00e4hrige Suizid<\/a>.<\/p>\n<p>In ihrem Buch schreibt sie, Epstein habe Videoaufnahmen seiner &#8222;Klienten&#8220; besessen, die sie beim sexuellen Missbrauch von M\u00e4dchen und Frauen zeigen.<\/p>\n<p>Das befeuert die Annahmen, dass eine sogenannte &#8222;Kundenliste&#8220; von Epstein unter den Unterlagen ist, die das Justizministerium noch nicht ver\u00f6ffentlicht hat. Selbst einige Anh\u00e4nger von Trumps &#8222;Make America Great Again&#8220; (MAGA)-Bewegung sind mittlerweile emp\u00f6rt dar\u00fcber, dass der Pr\u00e4sident, entgegen seiner eigenen Versprechen im Wahlkampf, noch nicht daf\u00fcr gesorgt hat, dass alle Epstein-Ermittlungsunterlagen an die \u00d6ffentlichkeit gelangen.<\/p>\n<p>&#8222;F\u00fcr Donald Trump gelten einfach andere Regeln&#8220;<\/p>\n<p>Verhindert Trump weitere Ver\u00f6ffentlichungen, weil sie ihm politisch schaden k\u00f6nnten? Bis alle Akten unabh\u00e4ngig \u00fcberpr\u00fcft werden k\u00f6nnen, ist es unm\u00f6glich, das zu beantworten. Aber zumindest zur Frage, wie Trump-Unterst\u00fctzer auf m\u00f6gliche Enth\u00fcllungen reagieren k\u00f6nnten, gibt es Einsch\u00e4tzungen.<\/p>\n<p>Epstein-Akten: Was Trump-W\u00e4hler in Ohio sagen<video id=\"video-73493439\" controls=\"\" playsinline=\"\" preload=\"none\" poster=\"data:image\/png;base64,iVBORw0KGgoAAAANSUhEUgAAAAEAAAABCAQAAAC1HAwCAAAAC0lEQVR42mNkYAAAAAYAAjCB0C8AAAAASUVORK5CYII=\" data-id=\"73493439\" data-posterurl=\"https:\/\/static.dw.com\/image\/73492801_605.webp\" data-duration=\"03:37\"><\/p>\n<p class=\"vjs-no-js\">To view this video please enable JavaScript, and consider upgrading to a web browser that <a href=\"https:\/\/videojs.com\/html5-video-support\/\" target=\"_blank\" rel=\"nofollow noopener\">supports HTML5 video<\/a><\/p>\n<p><\/video><\/p>\n<p>&#8222;Viele Demokraten hoffen, dass die Epstein Files Donald Trump st\u00fcrzen k\u00f6nnen&#8220;, sagt <a class=\"internal-link\" href=\"https:\/\/www.dw.com\/de\/ines-pohl\/t-19247900\" rel=\"nofollow noopener\" target=\"_blank\">Ines Pohl<\/a>, Leiterin des DW-Studios in Washington. &#8222;Diese Annahme deckt sich aber nicht mit meinen Erfahrungen vor Ort. Sicherlich halten auch die allermeisten Republikaner und Trump-Unterst\u00fctzer Epstein f\u00fcr einen sch\u00e4ndlichen Verbrecher. Aber f\u00fcr Donald Trump gelten einfach andere Regeln.&#8220;<\/p>\n<p>Pohl hat schon viele Amerikanerinnen und Amerikaner zu ihrer Meinung \u00fcber die Epstein-Akten und eine m\u00f6gliche Involvierung Trumps interviewt. Die Antwort, die sie von Unterst\u00fctzern des Pr\u00e4sidenten dabei am h\u00e4ufigsten h\u00f6rt, zeugt von deren starker Ablehnung des politischen Establishments und unersch\u00fctterlicher\u00a0Treue gegen\u00fcber &#8222;ihrem&#8220; Pr\u00e4sidenten&#8220;: &#8222;Ganz Washington hat Dreck am Stecken, warum soll da ausgerechnet Donald Trump zur Rechenschaft gezogen werden?&#8220;<\/p>\n<p>Janelle Dumalaon in Washington und Thomas Latschan haben zu diesem Artikel beigetragen. Er wurde am 31.10.2025 mit Informationen \u00fcber den ehemaligen britischen Prinz Andrew aktualisiert.<\/p>\n<p>Sollten Sie selbst Selbstmordgedanken hegen oder in einer emotionalen Notlage stecken, z\u00f6gern Sie nicht, Hilfe zu suchen. Infos zu Hilfsangeboten in Ihrem Land gibt es auf der Internetseite <a rel=\"noopener follow nofollow\" target=\"_blank\" class=\"external-link\" href=\"https:\/\/befrienders.org\/\" title=\"Externer Link \u2014 www.befrienders.org\">www.befrienders.org<\/a>. In Deutschland hilft Ihnen die Telefonseelsorge unter den kostenfreien Telefonnummern 0800\/111 0 111 und 0800\/111 0 222.<\/p>\n","protected":false},"excerpt":{"rendered":"Jetzt ist er auch seine letzten royalen Titel los: Andrew, der Bruder des britischen K\u00f6nigs Charles, wird fortan&hellip;\n","protected":false},"author":2,"featured_media":541989,"comment_status":"","ping_status":"","sticky":false,"template":"","format":"standard","meta":{"footnotes":""},"categories":[3977],"tags":[331,332,13,14,15,12,4017,4018,4016,64,4019,4020],"class_list":{"0":"post-541988","1":"post","2":"type-post","3":"status-publish","4":"format-standard","5":"has-post-thumbnail","7":"category-usa","8":"tag-aktuelle-nachrichten","9":"tag-aktuelle-news","10":"tag-headlines","11":"tag-nachrichten","12":"tag-news","13":"tag-schlagzeilen","14":"tag-united-states","15":"tag-united-states-of-america","16":"tag-us","17":"tag-usa","18":"tag-vereinigte-staaten","19":"tag-vereinigte-staaten-von-amerika"},"share_on_mastodon":{"url":"https:\/\/pubeurope.com\/@de\/115472667928835100","error":""},"_links":{"self":[{"href":"https:\/\/www.europesays.com\/de\/wp-json\/wp\/v2\/posts\/541988","targetHints":{"allow":["GET"]}}],"collection":[{"href":"https:\/\/www.europesays.com\/de\/wp-json\/wp\/v2\/posts"}],"about":[{"href":"https:\/\/www.europesays.com\/de\/wp-json\/wp\/v2\/types\/post"}],"author":[{"embeddable":true,"href":"https:\/\/www.europesays.com\/de\/wp-json\/wp\/v2\/users\/2"}],"replies":[{"embeddable":true,"href":"https:\/\/www.europesays.com\/de\/wp-json\/wp\/v2\/comments?post=541988"}],"version-history":[{"count":0,"href":"https:\/\/www.europesays.com\/de\/wp-json\/wp\/v2\/posts\/541988\/revisions"}],"wp:featuredmedia":[{"embeddable":true,"href":"https:\/\/www.europesays.com\/de\/wp-json\/wp\/v2\/media\/541989"}],"wp:attachment":[{"href":"https:\/\/www.europesays.com\/de\/wp-json\/wp\/v2\/media?parent=541988"}],"wp:term":[{"taxonomy":"category","embeddable":true,"href":"https:\/\/www.europesays.com\/de\/wp-json\/wp\/v2\/categories?post=541988"},{"taxonomy":"post_tag","embeddable":true,"href":"https:\/\/www.europesays.com\/de\/wp-json\/wp\/v2\/tags?post=541988"}],"curies":[{"name":"wp","href":"https:\/\/api.w.org\/{rel}","templated":true}]}}