{"id":542066,"date":"2025-11-01T05:42:27","date_gmt":"2025-11-01T05:42:27","guid":{"rendered":"https:\/\/www.europesays.com\/de\/542066\/"},"modified":"2025-11-01T05:42:27","modified_gmt":"2025-11-01T05:42:27","slug":"meiningen-schloss-elisabethenburg-zeigt-kunst-ueber-bauern-in-der-ddr","status":"publish","type":"post","link":"https:\/\/www.europesays.com\/de\/542066\/","title":{"rendered":"Meiningen: Schloss Elisabethenburg zeigt Kunst \u00fcber Bauern in der DDR"},"content":{"rendered":"<p class=\"text\">\n<a name=\"ausstellung\">Am<\/a> Donnerstag ist die Ausstellung &#8222;Freie Kunst f\u00fcr freie Bauern? Die Bauern-Galerie: Ein Bild der sp\u00e4ten DDR&#8220; im Schloss Elisabethenburg in Meiningen er\u00f6ffnet worden. Sie zeigt in der DDR gesammelte Werke der sogenannten &#8222;Bauern-Galerie&#8220;, die von 1987 bis 1990 bestand.\n<\/p>\n<p class=\"text\">\nDie Werke sind anl\u00e4sslich des <a href=\"https:\/\/www.mdr.de\/nachrichten\/thueringen\/nord-thueringen\/unstrut-hainich\/muehlhausen-bauernkriegausstellung-bilanz-kultur-news-102.html\" title=\"M\u00fchlhausen: Landesausstellung &quot;freiheyt 1525&quot; zu 500 Jahren Bauernkrieg endet mit Besucheransturm\" target=\"_blank\" rel=\"noopener\">Bauernkriegs-Jubil\u00e4ums<\/a> erst das dritte Mal seit dem Ende der DDR zu sehen.  Zuletzt waren sie 2006 ausgestellt. Kuratorin Almut Pollmer-Schmidt w\u00fcnscht sich, dass die Ausstellung <a href=\"https:\/\/www.mdr.de\/nachrichten\/sachsen\/dresden\/grossenhain-riesa\/gesichter-arbeit-ausstellung-riesa-stahlwerk-kultur-news-100.html\" title=\"Riesa: Ausstellung widmet sich Stahlwerk und Arbeiter-Kunst\" target=\"_blank\" rel=\"noopener\">Kunst aus DDR<\/a>-Zeiten einer neuen Generation n\u00e4her bringt. &#8222;Man kommt vielleicht mit Vorurteilen zu Kunst aus der DDR in diese Ausstellung, aber die werden grandios aufgebrochen durch die Beziehungen, in die die Werke treten.&#8220;\n<\/p>\n<p class=\"text\">\nGezeigt werden vor allem Bilder aus den sp\u00e4ten Achtziger Jahren: ganze Grafikserien von Gert Mackensen, au\u00dferdem Grafiken von Gisela Kurkhaus-M\u00fcller und Frank Gottsmann, Fotografien von Katharina M\u00fcller oder Plastiken von Jo Jastram. &#8222;Aber auch \u00e4ltere Bilder wurden angekauft, zum Beispiel von Kurt Querner, 1976 verstorben und gewisserma\u00dfen der Nestor der <a href=\"https:\/\/www.mdr.de\/nachrichten\/thueringen\/nord-thueringen\/kyffhaeuser\/sonderausstellung-bauernkrieg-panoramamuseum-kultur-news-100.html\" title=\"Bad Frankenhausen: Was den Leipziger Werner T\u00fcbke zum Bauernkriegs-Bild inspirierte\" target=\"_blank\" rel=\"noopener\">Bauernmalerei der DDR<\/a>&#8222;, erkl\u00e4rt Pollmer-Schmidt.\n<\/p>\n<p><strong>Werke von Willi Sitte und Bernhard Heisig<\/strong><\/p>\n<p class=\"text\">\nWeil im Sonderausstellungsbereich der <a href=\"https:\/\/www.mdr.de\/nachrichten\/thueringen\/sued-thueringen\/schmalkalden-meiningen\/meiningen-theatermuseum-adlung-kultur-news-100.html\" title=\"Meiningen: Neues Museum \u00fcber Geschichte des Theaters geplant\" target=\"_blank\" rel=\"noopener\">Meininger Museen<\/a> nicht gen\u00fcgend Platz war, hat Kuratorin Almut Pollmer-Schmidt einige Bilder der &#8222;Bauerngalerie&#8220; auch in die Dauerausstellung geh\u00e4ngt.\n<\/p>\n<p class=\"text\">\nEin Highlight ist &#8222;Die Landsauna&#8220; von <a href=\"https:\/\/www.mdr.de\/geschichte\/ddr\/politik-gesellschaft\/kultur\/willi-sitte-portraet-102.html\" title=\"Willi Sitte: Der &quot;Staatsmaler&quot; der DDR\" target=\"_blank\" rel=\"noopener\">Willi Sitte<\/a>, ein gro\u00dfes Triptychon voller Energie und Bewegung, auf dem Landarbeiter sich ihrer Arbeitskleidung entledigen und schwitzen und duschen und lagern. Jetzt korrespondiert das Gem\u00e4lde mit zwei fl\u00e4mischen Portr\u00e4ts ebenfalls nackter Damen.\n<\/p>\n<p class=\"text\">\nUnd so geht es weiter, Raum f\u00fcr Raum: Stillleben zu Stillleben, Portr\u00e4t zu Portr\u00e4t, Landschaft zu Landschaft. &#8222;Wir haben hier einen Raum, der ist dem Meininger Hofmaler Carl Wagner gewidmet&#8220;, hebt Kuratorin Pollmer-Schmidt hervor. Sie verweist au\u00dferdem auf eine Herbstlandschaft von Siegfried B\u00f6hnlich und einen Dorfweg in Borna von <a href=\"https:\/\/www.mdr.de\/nachrichten\/sachsen-anhalt\/dessau\/wittenberg\/luther-museen-heisig-bild-kultur-news-100.html\" title=\"Wittenberg: Museum pr\u00e4sentiert Luther-Portr\u00e4t von DDR-K\u00fcnstler Bernhard Heisig\" target=\"_blank\" rel=\"noopener\">Bernhard Heisig<\/a>.\n<\/p>\n<p><a name=\"Hintergrund\"><strong>Kunst<\/strong><\/a><strong> der Bauern in der DDR<\/strong><\/p>\n<p class=\"text\">\nDie Idee zur &#8222;Bauern-Galerie&#8220; war 1985 entstanden. Im <a href=\"https:\/\/www.mdr.de\/nachrichten\/sachsen-anhalt\/halle\/mansfeld\/landesausstellung-bauernkrieg-sachsen-anhalt-bilanz-kultur-news-100.html\" title=\"Sachsen-Anhalt: Veranstalter der Landesausstellung &quot;Gerechtigkeyt 1525&quot; ziehen positive Bilanz\" target=\"_blank\" rel=\"noopener\">Thomas-M\u00fcnzer<\/a>-Jahr hatte der Verband der gegenseitigen Bauernhilfe angeschoben, dass eine Kunstsammlung entstehen soll, in der das Leben der Landarbeiter und Genossenschaftsbauern abgebildet wird \u2013 ein Pendant zu den weitaus bekannteren <a href=\"https:\/\/www.mdr.de\/nachrichten\/sachsen\/chemnitz\/chemnitz-stollberg\/ddr-kunst-wandbild-wismut-kultur-news-100.html\" title=\"Was die DDR-Kunst der Wismut so besonders macht\" target=\"_blank\" rel=\"noopener\">Sammlungen der Wismut<\/a> zum Beispiel.\n<\/p>\n<p class=\"text\">\nEs war ein gro\u00dfes politisches Projekt, um die Bauern \u00fcber die Kunst mit dem Staat zu verbinden. Das gewaltige Ringberghaus in Suhl mit seinen 900 Betten diente ab 1979 als Ferienheim f\u00fcr Landarbeiter und Funktion\u00e4re der Bauernverb\u00e4nde. In einem gesonderten Galerieanbau sollte die Sammlung untergebracht und mit wechselnden Ausstellungen gezeigt werden.\n<\/p>\n<p class=\"text\">\nDer verantwortliche Kurator bis 1988 war Herbert Sch\u00f6nemann, der sp\u00e4tere Leiter der <a href=\"https:\/\/www.mdr.de\/nachrichten\/thueringen\/mitte-thueringen\/erfurt\/kunstmuseen-neue-direktorin-elke-anna-werner-kultur-news-100.html\" title=\"Elke Anna Werner ist neue Direktorin der Erfurter Kunstmuseen\" target=\"_blank\" rel=\"noopener\">Erfurter Kunsthalle<\/a>. &#8222;F\u00fcr die Sammlung wurden Werke in der gesamten DDR in Auftrag gegeben&#8220;, erkl\u00e4rt Kuratorin Pollmer-Schmidt.\u00a0Aber Sch\u00f6nemann sei auch zu K\u00fcnstlerinnen und K\u00fcnstlern ins Atelier gefahren.\u00a0\n<\/p>\n<p><a name=\"Kritisch\"><strong>Kritische<\/strong><\/a><strong> Auseinandersetzung mit der DDR<\/strong><\/p>\n<p class=\"text\">\nIn den Achtzigern entstanden viele kritische Werke der <a href=\"https:\/\/www.mdr.de\/nachrichten\/thueringen\/ost-thueringen\/jena\/kunstsammlung-ddr-kunst-silber-im-grau-kultur-news-100.html\" title=\"Jena: Kunstsammlung zeigt erstmals seit 1989 Kunst aus der DDR\" target=\"_blank\" rel=\"noopener\">DDR-Kunst<\/a>, zum Beispiel zum Braunkohleabbau, wie &#8222;Der letzte Sommer in Aitra&#8220; von G\u00fcnther Richter.\u00a0Eytra war ein Dorf, das umgesiedelt wurde und dem Braunkohleabbau zum Opfer fiel. Auf dem Bild ist ein verlassenes Haus zu sehen. Eine Grafik von Dieter Bock von Lennep zeigt einen der Apokalyptischen Reiter von <a href=\"https:\/\/www.mdr.de\/nachrichten\/thueringen\/nord-thueringen\/unstrut-hainich\/muehlhausen-kunst-denkmal-bauernkrieg-kultur-news-100.html\" title=\"M\u00fchlhausen: D\u00fcrers Kunst erinnert in Th\u00fcringen an Geschichte des Bauernkrieges\" target=\"_blank\" rel=\"noopener\">D\u00fcrer<\/a> vor dem Hintergrund einer Braunkohlelandschaft.\n<\/p>\n<blockquote>\n<p class=\"text\">Man kommt vielleicht mit Vorurteilen zu Kunst aus der DDR in diese Ausstellung, aber die werden grandios aufgebrochen durch die Beziehungen, in die die Werke treten.<\/p>\n<p>Almut Pollmer-Schmidt, Kuratorin<\/p>\n<\/blockquote>\n<p class=\"text\">\nEines der ersten Auftragswerke f\u00fcr die Sammlung der Bauerngalerie war der Bilderzyklus &#8222;Fritz Dallmann&#8220;. Walter Womacka malte ihn f\u00fcr das Foyer des Ringberghauses. Es entstand ein regelrechter Geschichtszyklus \u00fcber das Leben des Vorsitzenden der Vereinigung der gegenseitigen Bauernhilfe.\n<\/p>\n<p class=\"text\">\nKuratorin Pollmer-Schmidt hat dem Dallmann-Zyklus einen eigenen Raum in der Meininger Ausstellung gewidmet: &#8222;Das dritte Bild hat zu Recht zu <a href=\"https:\/\/www.mdr.de\/nachrichten\/sachsen\/dresden\/dresden-radebeul\/ausstellung-meissener-porzellanmanufaktur-ddr-kultur-news-100.html\" title=\"Ausstellung: Wie die DDR die Porzellanmanufaktur Meissen f\u00fcr sich nutzte\" target=\"_blank\" rel=\"noopener\">DDR-Zeiten<\/a> die Gem\u00fcter gespalten.&#8220; Man sehe Dallmann \u00fcbergro\u00df als Heilsbringer im Zeichen des Regenbogens, das Korn rieselt aus seinen H\u00e4nden, im Hintergrund M\u00e4hdrescher, die das Feld bestellen. Alles in allem ein Idealbild prosperierender Landwirtschaft, &#8222;aber defacto befand sich zu dieser Zeit die Landwirtschaft in einer Krise&#8220;, stellt Pollmer-Schmidt fest. \u00a0\n<\/p>\n<p class=\"text\">\nDie Kunstsammlung &#8222;Bauern-Galerie&#8220; vereint zwar auch einige eher m\u00e4\u00dfige Werke mit propagandistischem Gestus, aber daneben ganz unterschiedliche k\u00fcnstlerische Handschriften von hoher Qualit\u00e4t. Und sie ist ohne Frage das, was der Ausstellungstitel verhei\u00dft: Ein Bild der sp\u00e4ten <a href=\"https:\/\/www.mdr.de\/nachrichten\/sachsen\/leipzig\/leipzig-leipzig-land\/robotron-computer-hightech-ddr-ausstellung-kunst-kultur-news-100.html\" title=\"Leipziger Galerie zeigt in Ausstellung Robotron als Kunstinspiration\" target=\"_blank\" rel=\"noopener\">DDR<\/a>.<\/p>\n","protected":false},"excerpt":{"rendered":"Am Donnerstag ist die Ausstellung &#8222;Freie Kunst f\u00fcr freie Bauern? Die Bauern-Galerie: Ein Bild der sp\u00e4ten DDR&#8220; im&hellip;\n","protected":false},"author":2,"featured_media":542067,"comment_status":"","ping_status":"","sticky":false,"template":"","format":"standard","meta":{"footnotes":""},"categories":[1775],"tags":[1793,2076,73,129,29,214,6409,30,8781,66,2075,1794,81,4529,2264,861,215],"class_list":{"0":"post-542066","1":"post","2":"type-post","3":"status-publish","4":"format-standard","5":"has-post-thumbnail","7":"category-kunst-und-design","8":"tag-art-and-design","9":"tag-ausstellung","10":"tag-bilder","11":"tag-ddr","12":"tag-deutschland","13":"tag-entertainment","14":"tag-gemaelde","15":"tag-germany","16":"tag-grafik","17":"tag-kulturnachrichten","18":"tag-kunst","19":"tag-kunst-und-design","20":"tag-mdr","21":"tag-meiningen","22":"tag-museum","23":"tag-thueringen","24":"tag-unterhaltung"},"share_on_mastodon":{"url":"https:\/\/pubeurope.com\/@de\/115472848853952612","error":""},"_links":{"self":[{"href":"https:\/\/www.europesays.com\/de\/wp-json\/wp\/v2\/posts\/542066","targetHints":{"allow":["GET"]}}],"collection":[{"href":"https:\/\/www.europesays.com\/de\/wp-json\/wp\/v2\/posts"}],"about":[{"href":"https:\/\/www.europesays.com\/de\/wp-json\/wp\/v2\/types\/post"}],"author":[{"embeddable":true,"href":"https:\/\/www.europesays.com\/de\/wp-json\/wp\/v2\/users\/2"}],"replies":[{"embeddable":true,"href":"https:\/\/www.europesays.com\/de\/wp-json\/wp\/v2\/comments?post=542066"}],"version-history":[{"count":0,"href":"https:\/\/www.europesays.com\/de\/wp-json\/wp\/v2\/posts\/542066\/revisions"}],"wp:featuredmedia":[{"embeddable":true,"href":"https:\/\/www.europesays.com\/de\/wp-json\/wp\/v2\/media\/542067"}],"wp:attachment":[{"href":"https:\/\/www.europesays.com\/de\/wp-json\/wp\/v2\/media?parent=542066"}],"wp:term":[{"taxonomy":"category","embeddable":true,"href":"https:\/\/www.europesays.com\/de\/wp-json\/wp\/v2\/categories?post=542066"},{"taxonomy":"post_tag","embeddable":true,"href":"https:\/\/www.europesays.com\/de\/wp-json\/wp\/v2\/tags?post=542066"}],"curies":[{"name":"wp","href":"https:\/\/api.w.org\/{rel}","templated":true}]}}