{"id":542130,"date":"2025-11-01T06:18:17","date_gmt":"2025-11-01T06:18:17","guid":{"rendered":"https:\/\/www.europesays.com\/de\/542130\/"},"modified":"2025-11-01T06:18:17","modified_gmt":"2025-11-01T06:18:17","slug":"fuer-prinz-harry-sind-die-usa-immer-noch-verwirrend","status":"publish","type":"post","link":"https:\/\/www.europesays.com\/de\/542130\/","title":{"rendered":"F\u00fcr Prinz Harry sind die USA immer noch \u201everwirrend\u201c"},"content":{"rendered":"<ol class=\"id-DonaldBreadcrumb lp_west_breadcrumb id-DonaldBreadcrumb--default\" data-k5a-pos=\"west_breadcrumb\">\n<li class=\"id-Breadcrumb-item\"><a href=\"https:\/\/www.merkur.de\/\" class=\"id-Breadcrumb-link\" data-id-ec=\"{\" shn=\"\" textlink=\"\" data-k5a-pos=\"1_startseite\" rel=\"nofollow noopener\" target=\"_blank\">Startseite<\/a><\/li>\n<li class=\"id-Breadcrumb-item\"><a href=\"https:\/\/www.merkur.de\/boulevard\/\" class=\"id-Breadcrumb-link\" data-id-ec=\"{\" shn=\"\" textlink=\"\" tv=\"\" data-k5a-pos=\"2_starsTv\" rel=\"nofollow noopener\" target=\"_blank\">Stars &amp; TV<\/a><\/li>\n<\/ol>\n<p class=\"id-Story-timestamp id-Story-timestamp--default\">Stand: 01.11.2025, 06:30 Uhr<\/p>\n<p class=\"id-Story-authors id-Story-authors--default\">Von: <a class=\"id-Story-authors-link lp_west_author\" href=\"https:\/\/www.merkur.de\/autor\/franziska-wenzlick-0xsjv2fbr.html\" title=\"Zur Autorenseite von Franziska Wenzlick\" data-id-ec=\"{\" shn=\"\" author-link=\"\" wenzlick=\"\" data-k5a-pos=\"west_author\" rel=\"nofollow noopener\" target=\"_blank\">Franziska Wenzlick<\/a><\/p>\n<p class=\"id-Story-interactionBar id-Story-interactionBar--default\">DruckenTeilen<\/p>\n<p class=\"id-StoryElement-leadText\">Prinz Harry lebt mit Ehefrau Meghan und den gemeinsamen Kindern in Kalifornien. Pl\u00e4ne, US-B\u00fcrger zu werden, hat er einem neuen Podcast-Interview zufolge jedoch keine.<\/p>\n<p class=\"id-StoryElement-paragraph\">Montecito \u2013 Mit seinem R\u00fcckzug aus dem K\u00f6nigshaus sorgte <a href=\"https:\/\/www.24royal.de\/grossbritannien\/prinz-harry\/\" class=\"id-import-Link id-pageApi-Link--externalDomain\" title=\"Prinz Harry\" data-id-ec=\"{&quot;sht&quot;:&quot;Container&quot;,&quot;shn&quot;:&quot;Story&quot;,&quot;p&quot;:{&quot;containerType&quot;:&quot;Paragraph&quot;,&quot;displayType&quot;:&quot;Paragraph InlineLink&quot;,&quot;type&quot;:&quot;INLINE_LINK&quot;,&quot;value&quot;:&quot;Prinz Harry&quot;,&quot;variant&quot;:&quot;standardLink&quot;,&quot;sponsored&quot;:false,&quot;linkHref&quot;:&quot;https:\/\/www.24royal.de\/grossbritannien\/prinz-harry\/&quot;,&quot;storyElementPosition&quot;:8,&quot;storyElementCount&quot;:18}}\" rel=\"nofollow noopener\" target=\"_blank\">Prinz Harry<\/a> (41) seit Anfang 2020 f\u00fcr viele Schlagzeilen. Seit f\u00fcnf Jahren lebt der Herzog von Sussex nun mit seiner Familie in den Vereinigten Staaten. Auf die Frage, ob er auch offiziell US-B\u00fcrger werden wollte, antwortete er im Comedy-Podcast \u201eHasan Minhaj Doesn&#8217;t Know\u201c nun jedoch: \u201eDerzeit gibt es daf\u00fcr keine Pl\u00e4ne.\u201c<\/p>\n<p><img decoding=\"async\" class=\"id-RatioPlaceholder-element wv_story_el_image\" src=\"https:\/\/www.europesays.com\/de\/wp-content\/uploads\/2025\/11\/40281432-prinz-harry-seit-2020-lebt-prinz-harry-in-den-usa-verwirrend-findet-er-die-vereinigten-staa.jpeg\" loading=\"lazy\"   height=\"688\" width=\"1100\" alt=\"Prinz Harry - Seit 2020 lebt Prinz Harry in den USA. &quot;Verwirrend&quot; findet er die Vereinigten Staaten dennoch.\"\/>Seit 2020 lebt Prinz Harry in den USA. \u201eVerwirrend\u201c findet er die Vereinigten Staaten dennoch. \u00a9\u00a02025 Getty Images\/Cameron Smith<\/p>\n<p class=\"id-StoryElement-paragraph\">In der Vergangenheit hatte Harry zwar bereits dar\u00fcber gesprochen, es in Betracht zu ziehen, amerikanischer Staatsb\u00fcrger zu werden. Hohe Priorit\u00e4t scheint das Anliegen f\u00fcr den 41-J\u00e4hrigen jedoch nicht zu haben \u2013 zumal er in dem Interview mit Comedian Hasan Minhaj zu Protokoll gab, so manche Eigenheiten seiner Wahlheimat befremdlich zu finden.<\/p>\n<p>Prinz Harry \u00fcber die USA: \u201eEs ist viel verwirrender geworden\u201c<\/p>\n<p class=\"id-StoryElement-paragraph\">\u201eGibt es Dinge, die Sie fr\u00fcher an Amerika verwirrt haben, die Sie jetzt aber verstehen, nachdem Sie seit f\u00fcnf Jahren hier leben?\u201c, will der Podcaster von seinem Gast wissen. Prinz Harry z\u00f6gert nicht lange und erkl\u00e4rt: \u201eNein, es ist noch verwirrender geworden. Es ist viel verwirrender geworden.\u201c<\/p>\n<p class=\"id-StoryElement-paragraph\">In dem rund einst\u00fcndigen Podcast spricht der Royal zudem \u00fcber seine Kinder Archie (6) und Lilibet (4). Diesen sei nicht wirklich bewusst, was ihre Eltern beruflich machen. \u201eSie wissen, dass wir anderen Menschen helfen\u201c, sagt der Sohn von K\u00f6nig Charles. Begeistert seien beide Kinder von Video-Calls. \u201eSie st\u00fcrmen einfach herein. Sie springen auf den Scho\u00df und sagen: \u201aHi Leute!\u2018\u201c, erz\u00e4hlt Harry. Archie und Lilibet seien \u201efasziniert davon, andere Menschen zu sehen\u201c.<\/p>\n<p>Neun Royals mit einem eigenen Job: Warum hat Kate Middleton eigentlich keinen?<img decoding=\"async\" class=\"id-RatioPlaceholder-element wv_story_el_interstitialImage\" src=\"https:\/\/www.europesays.com\/de\/wp-content\/uploads\/2025\/05\/33188588-kate-middleton-li-hat-zwar-genug-zu-tun-aber-genaugenommen-keinen-vergleichbaren-job-wie-pr.jpeg\" loading=\"lazy\"   height=\"2160\" width=\"3240\" alt=\"Kate Middleton (li.) hat zwar genug zu tun, aber genaugenommen keinen vergleichbaren Job wie Prinzessin Beatrice (in blau), Prinzessin Eugenie (re.) oder Peter Phillips (Fotomontage). \"\/><a href=\"https:\/\/www.merkur.de\/boulevard\/job-kate-middleton-hat-keinen-neun-royals-eigener-zr-92681315.html\" class=\"id-StoryElement-intestitialLink-link\" data-id-ec=\"{\" shn=\"\" ansehen=\"\" data-k5a-pos=\"west_story_16_photoGalleryLink\" title=\"Zur Fotostrecke: Neun Royals mit einem eigenen Job: Warum hat Kate Middleton eigentlich keinen?\" rel=\"nofollow noopener\" target=\"_blank\">Fotostrecke ansehen<\/a><\/p>\n<p class=\"id-StoryElement-paragraph\">Auf Instagram halten Harry und seine Frau Meghan ihre Follower regelm\u00e4\u00dfig \u00fcber ihr Leben auf dem Laufenden. Auch die gemeinsamen Kinder tauchen dabei immer wieder auf Fotos und in Videos auf. Die Gesichter von Lilibet und Archie zeigt das Ehepaar dabei bewusst nicht. Stattdessen sieht man die Kleinen meist nur aus der Ferne oder von hinten. Auf die Frage, wann es Kindern erlaubt sein solle, selbst soziale Netzwerke zu nutzen, entgegnete Harry im Podcast grinsend: \u201eIch finde \u2026 35!\u201c (Dieser Artikel entstand in Kooperation mit <a href=\"https:\/\/www.msn.com\/de-de\/channel\/source\/community-redirect\/sr-vid-evq0jvu0umaanewkxwdxtkiq64r0mq42s4rv6qwj4vyxnnw7qk5s?cvid=48993fa8c8b243f8be3fed6328a59d47&amp;ei=15\" class=\"id-import-Link id-pageApi-Link--externalDomain\" data-id-ec=\"{&quot;sht&quot;:&quot;Container&quot;,&quot;shn&quot;:&quot;Story&quot;,&quot;p&quot;:{&quot;containerType&quot;:&quot;Paragraph&quot;,&quot;displayType&quot;:&quot;Paragraph InlineLink&quot;,&quot;type&quot;:&quot;INLINE_LINK&quot;,&quot;value&quot;:&quot;teleschau&quot;,&quot;variant&quot;:&quot;standardLink&quot;,&quot;sponsored&quot;:false,&quot;linkHref&quot;:&quot;https:\/\/www.msn.com\/de-de\/channel\/source\/community-redirect\/sr-vid-evq0jvu0umaanewkxwdxtkiq64r0mq42s4rv6qwj4vyxnnw7qk5s?cvid=48993fa8c8b243f8be3fed6328a59d47&amp;ei=15&quot;,&quot;storyElementPosition&quot;:18,&quot;storyElementCount&quot;:18}}\" rel=\"nofollow noopener\" target=\"_blank\">teleschau<\/a>.)<\/p>\n","protected":false},"excerpt":{"rendered":"Startseite Stars &amp; TV Stand: 01.11.2025, 06:30 Uhr Von: Franziska Wenzlick DruckenTeilen Prinz Harry lebt mit Ehefrau Meghan&hellip;\n","protected":false},"author":2,"featured_media":542131,"comment_status":"","ping_status":"","sticky":false,"template":"","format":"standard","meta":{"footnotes":""},"categories":[3977],"tags":[331,332,13,14,15,12,4017,4018,4016,64,4019,4020],"class_list":{"0":"post-542130","1":"post","2":"type-post","3":"status-publish","4":"format-standard","5":"has-post-thumbnail","7":"category-usa","8":"tag-aktuelle-nachrichten","9":"tag-aktuelle-news","10":"tag-headlines","11":"tag-nachrichten","12":"tag-news","13":"tag-schlagzeilen","14":"tag-united-states","15":"tag-united-states-of-america","16":"tag-us","17":"tag-usa","18":"tag-vereinigte-staaten","19":"tag-vereinigte-staaten-von-amerika"},"share_on_mastodon":{"url":"","error":""},"_links":{"self":[{"href":"https:\/\/www.europesays.com\/de\/wp-json\/wp\/v2\/posts\/542130","targetHints":{"allow":["GET"]}}],"collection":[{"href":"https:\/\/www.europesays.com\/de\/wp-json\/wp\/v2\/posts"}],"about":[{"href":"https:\/\/www.europesays.com\/de\/wp-json\/wp\/v2\/types\/post"}],"author":[{"embeddable":true,"href":"https:\/\/www.europesays.com\/de\/wp-json\/wp\/v2\/users\/2"}],"replies":[{"embeddable":true,"href":"https:\/\/www.europesays.com\/de\/wp-json\/wp\/v2\/comments?post=542130"}],"version-history":[{"count":0,"href":"https:\/\/www.europesays.com\/de\/wp-json\/wp\/v2\/posts\/542130\/revisions"}],"wp:featuredmedia":[{"embeddable":true,"href":"https:\/\/www.europesays.com\/de\/wp-json\/wp\/v2\/media\/542131"}],"wp:attachment":[{"href":"https:\/\/www.europesays.com\/de\/wp-json\/wp\/v2\/media?parent=542130"}],"wp:term":[{"taxonomy":"category","embeddable":true,"href":"https:\/\/www.europesays.com\/de\/wp-json\/wp\/v2\/categories?post=542130"},{"taxonomy":"post_tag","embeddable":true,"href":"https:\/\/www.europesays.com\/de\/wp-json\/wp\/v2\/tags?post=542130"}],"curies":[{"name":"wp","href":"https:\/\/api.w.org\/{rel}","templated":true}]}}