{"id":542144,"date":"2025-11-01T06:27:13","date_gmt":"2025-11-01T06:27:13","guid":{"rendered":"https:\/\/www.europesays.com\/de\/542144\/"},"modified":"2025-11-01T06:27:13","modified_gmt":"2025-11-01T06:27:13","slug":"w2-professur-fuer-medienwissenschaft-digitale-medien-rheinische-friedrich-wilhelms-universitaet-bonn","status":"publish","type":"post","link":"https:\/\/www.europesays.com\/de\/542144\/","title":{"rendered":"W2-Professur f\u00fcr Medienwissenschaft: Digitale Medien &#8211; Rheinische Friedrich-Wilhelms-Universit\u00e4t Bonn"},"content":{"rendered":"<p>        Die Rheinische Friedrich-Wilhelms-Universit\u00e4t Bonn ist eine internationale \u00a0Forschungsuniversit\u00e4t mit einem breiten F\u00e4cherspektrum. 200 Jahre \u00a0Geschichte, rund 31.500 Studierende, mehr als 6.000 Besch\u00e4ftigte und ein exzellenter Ruf im In- und Ausland: Die Universit\u00e4t Bonn z\u00e4hlt zu den \u00a0bedeutendsten Universit\u00e4ten Deutschlands und wurde als Exzellenzuniversit\u00e4t ausgezeichnet.<\/p>\n<p>In der Philosophischen Fakult\u00e4t der Rheinischen Friedrich-Wilhelms-Universit\u00e4t Bonn ist im Institut f\u00fcr Sprach-, Medien- und Musikwissenschaft zum n\u00e4chstm\u00f6glichen Zeitpunkt eine\n      <\/p>\n<p>        zu besetzen.<\/p>\n<p>Gesucht wird eine Pers\u00f6nlichkeit, die das Fach Medienwissenschaft in Forschung und Lehre breit vertritt. Sie ist profiliert in der Diskussion um medienwissenschaftliche Theoriebildung und die Methoden medienwissenschaftlicher Forschung. Der Fokus der Professur in Forschung und Lehre liegt im Bereich digitaler Medienkultur. Die\/Der Stelleninhaber*in verf\u00fcgt \u00fcber ein Forschungsprofil zur Geschichte, Theorie und Analyse digitaler Medien sowie zu den Methoden ihrer Erforschung. Einer von zwei ausgewiesenen Schwerpunkten muss im Bereich der Medienkultur und -\u00e4sthetik des Computerspiels und dessen Medienumwelten (inkl. Serious Gaming, Simulation und Gamification) liegen. Vorausgesetzt wird die p\u00e4dagogische F\u00e4higkeit, Fragen der historischen Entwicklung digitaler Medien, ihrer \u00e4sthetischen Formen und politischen \u00a0Implikationen im Rahmen gesellschaftlichen Wandels kompetent zu vermitteln.\n        <\/p>\n<p>Erwartet werden Lehrerfahrung, Engagement in der (auch englischsprachigen) Lehre, die Bereitschaft zur Weiterentwicklung der Studieng\u00e4nge am Institut sowie die Mitwirkung in den Gremien der akademischen Selbstverwaltung. Erw\u00fcnscht ist Erfahrung in Methoden computergest\u00fctzter Medienforschung und der Entwicklung entsprechender Lehrformate. Erwartet wird Erfahrung im Einwerben von Drittmitteln. Erw\u00fcnscht ist die Beteiligung an den Lehr- und Forschungsinitiativen der Fakult\u00e4t sowie den Forschungsverbundinitiativen der Universit\u00e4t Bonn.\n        <\/p>\n<p>Voraussetzung f\u00fcr die Bewerbung ist eine fachlich einschl\u00e4gige Promotion und die Habilitation oder habilitations\u00e4quivalente Leistungen. Die Einstellungsvoraussetzungen richten sich nach \u00a7 36 Hochschulgesetz NRW.\n        <\/p>\n<p>Die Universit\u00e4t Bonn setzt sich f\u00fcr Diversit\u00e4t und Chancengleichheit ein. Sie ist als familiengerechte Hochschule zertifiziert. Ihr Ziel ist es, den Anteil von Frauen in Bereichen, in denen Frauen unterrepr\u00e4sentiert sind, zu erh\u00f6hen und deren Karrieren besonders zu f\u00f6rdern. Sie fordert deshalb einschl\u00e4gig qualifizierte Frauen nachdr\u00fccklich zur Bewerbung auf. Bewerbungen werden in \u00dcbereinstimmung mit dem Landesgleichstellungsgesetz behandelt. Die Bewerbung geeigneter Menschen mit nachgewiesener Schwerbehinderung und diesen gleichgestellten Personen ist besonders willkommen.\n        <\/p>\n<p>Bitte bewerben Sie sich beim Dekan der Philosophischen Fakult\u00e4t \u00fcber unser Online-Portal:<br \/>\n        <a href=\"https:\/\/berufungsportal.uni-bonn.de\" target=\"_blank\" title=\"Website - Rheinische Friedrich-Wilhelms-Universit\u00e4t Bonn\" data-klickout=\"jump\" rel=\"nofollow noopener noreferrer\">https:\/\/berufungsportal.uni-bonn.de<\/a>\n        <\/p>\n<p>Bewerbungsschluss ist der 14.12.2025.\n      <\/p>\n","protected":false},"excerpt":{"rendered":"Die Rheinische Friedrich-Wilhelms-Universit\u00e4t Bonn ist eine internationale \u00a0Forschungsuniversit\u00e4t mit einem breiten F\u00e4cherspektrum. 200 Jahre \u00a0Geschichte, rund 31.500 Studierende,&hellip;\n","protected":false},"author":2,"featured_media":346051,"comment_status":"","ping_status":"","sticky":false,"template":"","format":"standard","meta":{"footnotes":""},"categories":[1842],"tags":[1741,3364,29,30,1209],"class_list":{"0":"post-542144","1":"post","2":"type-post","3":"status-publish","4":"format-standard","5":"has-post-thumbnail","7":"category-bonn","8":"tag-bonn","9":"tag-de","10":"tag-deutschland","11":"tag-germany","12":"tag-nordrhein-westfalen"},"share_on_mastodon":{"url":"https:\/\/pubeurope.com\/@de\/115473025844705038","error":""},"_links":{"self":[{"href":"https:\/\/www.europesays.com\/de\/wp-json\/wp\/v2\/posts\/542144","targetHints":{"allow":["GET"]}}],"collection":[{"href":"https:\/\/www.europesays.com\/de\/wp-json\/wp\/v2\/posts"}],"about":[{"href":"https:\/\/www.europesays.com\/de\/wp-json\/wp\/v2\/types\/post"}],"author":[{"embeddable":true,"href":"https:\/\/www.europesays.com\/de\/wp-json\/wp\/v2\/users\/2"}],"replies":[{"embeddable":true,"href":"https:\/\/www.europesays.com\/de\/wp-json\/wp\/v2\/comments?post=542144"}],"version-history":[{"count":0,"href":"https:\/\/www.europesays.com\/de\/wp-json\/wp\/v2\/posts\/542144\/revisions"}],"wp:featuredmedia":[{"embeddable":true,"href":"https:\/\/www.europesays.com\/de\/wp-json\/wp\/v2\/media\/346051"}],"wp:attachment":[{"href":"https:\/\/www.europesays.com\/de\/wp-json\/wp\/v2\/media?parent=542144"}],"wp:term":[{"taxonomy":"category","embeddable":true,"href":"https:\/\/www.europesays.com\/de\/wp-json\/wp\/v2\/categories?post=542144"},{"taxonomy":"post_tag","embeddable":true,"href":"https:\/\/www.europesays.com\/de\/wp-json\/wp\/v2\/tags?post=542144"}],"curies":[{"name":"wp","href":"https:\/\/api.w.org\/{rel}","templated":true}]}}