{"id":542180,"date":"2025-11-01T06:47:13","date_gmt":"2025-11-01T06:47:13","guid":{"rendered":"https:\/\/www.europesays.com\/de\/542180\/"},"modified":"2025-11-01T06:47:13","modified_gmt":"2025-11-01T06:47:13","slug":"stuttgart-frau-verletzt-sich-bei-verfolgung-mutmasslicher-eierwerfer-panorama","status":"publish","type":"post","link":"https:\/\/www.europesays.com\/de\/542180\/","title":{"rendered":"Stuttgart &#8211; Frau verletzt sich bei Verfolgung mutma\u00dflicher Eierwerfer &#8211; Panorama"},"content":{"rendered":"<p class=\"css-c9fym5\" data-manual=\"teaserText\" data-schema-org-speakable=\"true\">Eine Frau bemerkt, wie Eier gegen ihr Haus geworfen werden. Sie nimmt die Verfolgung bis zum Auto der Verd\u00e4chtigen auf. Als diese dort ankommt, fahren die mutma\u00dflichen Eierwerfer gerade los.<\/p>\n<p>Direkt aus dem dpa-Newskanal: Dieser Text wurde automatisch von der Deutschen Presse-Agentur (dpa) \u00fcbernommen und von der SZ-Redaktion nicht bearbeitet.<\/p>\n<p data-manual=\"paragraph\" data-schema-org-speakable=\"true\" class=\"css-1eosz7k\">Stuttgart (dpa\/lsw) &#8211; Junge Menschen sollen in Stuttgart ein Haus mit Eiern beworfen und dann eine Frau beinahe angefahren haben. Die 55-J\u00e4hrige verfolgte die vier bis f\u00fcnf Verd\u00e4chtigen an Halloween zu ihrem Auto, wie die Polizei weiter mitteilte. Als der Wagen losfuhr, habe sich die Frau am Seitenspiegel des Wagens abgesto\u00dfen, um nicht \u00fcberfahren zu werden. Dabei sei die 55-J\u00e4hrige gest\u00fcrzt und habe leichte Verletzungen erlitten. Sanit\u00e4ter brachten sie in ein Krankenhaus.<\/p>\n<p data-manual=\"paragraph\" data-schema-org-speakable=\"true\" class=\"css-1eosz7k\">\u00a9 dpa-infocom, dpa:251101-930-236127\/1<\/p>\n","protected":false},"excerpt":{"rendered":"Eine Frau bemerkt, wie Eier gegen ihr Haus geworfen werden. Sie nimmt die Verfolgung bis zum Auto der&hellip;\n","protected":false},"author":2,"featured_media":542181,"comment_status":"","ping_status":"","sticky":false,"template":"","format":"standard","meta":{"footnotes":""},"categories":[1830],"tags":[1634,3364,29,10963,30,1584,1974,1441,149,2624,3094,601],"class_list":{"0":"post-542180","1":"post","2":"type-post","3":"status-publish","4":"format-standard","5":"has-post-thumbnail","7":"category-stuttgart","8":"tag-baden-wuerttemberg","9":"tag-de","10":"tag-deutschland","11":"tag-einsatzort","12":"tag-germany","13":"tag-kriminalitaet","14":"tag-panorama","15":"tag-stuttgart","16":"tag-sueddeutsche-zeitung","17":"tag-unfaelle","18":"tag-unglueck-und-unfall","19":"tag-verkehr"},"share_on_mastodon":{"url":"https:\/\/pubeurope.com\/@de\/115473104480122773","error":""},"_links":{"self":[{"href":"https:\/\/www.europesays.com\/de\/wp-json\/wp\/v2\/posts\/542180","targetHints":{"allow":["GET"]}}],"collection":[{"href":"https:\/\/www.europesays.com\/de\/wp-json\/wp\/v2\/posts"}],"about":[{"href":"https:\/\/www.europesays.com\/de\/wp-json\/wp\/v2\/types\/post"}],"author":[{"embeddable":true,"href":"https:\/\/www.europesays.com\/de\/wp-json\/wp\/v2\/users\/2"}],"replies":[{"embeddable":true,"href":"https:\/\/www.europesays.com\/de\/wp-json\/wp\/v2\/comments?post=542180"}],"version-history":[{"count":0,"href":"https:\/\/www.europesays.com\/de\/wp-json\/wp\/v2\/posts\/542180\/revisions"}],"wp:featuredmedia":[{"embeddable":true,"href":"https:\/\/www.europesays.com\/de\/wp-json\/wp\/v2\/media\/542181"}],"wp:attachment":[{"href":"https:\/\/www.europesays.com\/de\/wp-json\/wp\/v2\/media?parent=542180"}],"wp:term":[{"taxonomy":"category","embeddable":true,"href":"https:\/\/www.europesays.com\/de\/wp-json\/wp\/v2\/categories?post=542180"},{"taxonomy":"post_tag","embeddable":true,"href":"https:\/\/www.europesays.com\/de\/wp-json\/wp\/v2\/tags?post=542180"}],"curies":[{"name":"wp","href":"https:\/\/api.w.org\/{rel}","templated":true}]}}