{"id":542311,"date":"2025-11-01T08:00:12","date_gmt":"2025-11-01T08:00:12","guid":{"rendered":"https:\/\/www.europesays.com\/de\/542311\/"},"modified":"2025-11-01T08:00:12","modified_gmt":"2025-11-01T08:00:12","slug":"halloween-in-essen-mehr-rettungseinsaetze-ruhige-nacht","status":"publish","type":"post","link":"https:\/\/www.europesays.com\/de\/542311\/","title":{"rendered":"Halloween in Essen: Mehr Rettungseins\u00e4tze, ruhige Nacht"},"content":{"rendered":"<p>Rettungsdienst in Essen mit deutlich mehr Eins\u00e4tzen<\/p>\n<p>Es war eine angespannte Nacht f\u00fcr die Feuerwehr in Essen. Zwischen 18 Uhr am Freitagabend und 6 Uhr am Samstagmorgen r\u00fcckte der Rettungsdienst der Feuerwehr insgesamt rund 100 Mal aus. Davon waren etwa 60 Eins\u00e4tze, bei denen ein Rettungswagen ausreichte und 24 Eins\u00e4tze, bei denen zus\u00e4tzlich ein Notarzt gebraucht wurde.<\/p>\n<p>Im Vergleich zum Halloween-Abend 2024 zeigt sich eine klare Steigerung:<\/p>\n<ul>\n<li>2024: 45 Rettungsdienst-Eins\u00e4tze, 13 davon mit Notarzt<\/li>\n<li>2025: 60 Rettungsdienst-Eins\u00e4tze, 24 davon mit Notarzt<\/li>\n<\/ul>\n<p>Damit gab es in diesem Jahr nicht nur mehr Eins\u00e4tze insgesamt, sondern auch mehr F\u00e4lle mit schwereren Verletzungen. Die Feuerwehr spricht im Gespr\u00e4ch mit Radio Essen von einer \u201eangespannten Nacht f\u00fcr den Rettungsdienst\u201c, bewertet das Einsatzniveau aber als \u00e4hnlich zu fr\u00fcheren Jahren, zum Beispiel 2022.<\/p>\n<p>Wenig Eins\u00e4tze in Essen und keine gr\u00f6\u00dferen Feuer<\/p>\n<p>Im Bereich Brandschutz blieb Halloween dagegen weitgehend unauff\u00e4llig:<\/p>\n<ul>\n<li>6 M\u00fclltonnenbr\u00e4nde<\/li>\n<li>2 brennende Autos, beide im Holdenweg in Altendorf<\/li>\n<\/ul>\n<p>Gr\u00f6\u00dfere Br\u00e4nde oder Gefahrenlagen gab es nicht. Die Feuerwehr ordnet die Zahl der Br\u00e4nde als \u201eleicht erh\u00f6ht, aber insgesamt unspektakul\u00e4r\u201c ein.<\/p>\n<p>Polizei Essen: Wenige Platzverweise und kleinere Schl\u00e4gereien<\/p>\n<p>Auch die <a href=\"https:\/\/www.radioessen.de\/artikel\/halloween-in-essen-polizei-will-fuer-ruhe-und-sicherheit-sorgen-2481530.html\" rel=\"noopener noreferrer nofollow\" target=\"_blank\">Polizei berichtet von einer ruhigen Halloween-Nacht.<\/a> Am Rheinischen Platz musste sie mehreren Jugendlichen Platzverweise erteilen, weil sie dort B\u00f6ller gez\u00fcndet hatten. Der Zombiewalk in der Innenstadt verlief nach Polizeiangaben friedlich. In der Nacht kam es zu einigen vereinzelten Schl\u00e4gereien, unter anderem an der Viehofer Stra\u00dfe und in der N\u00e4he des Grillo-Theaters.<\/p>\n<p>Mehr Nachrichten aus Essen<\/p>\n","protected":false},"excerpt":{"rendered":"Rettungsdienst in Essen mit deutlich mehr Eins\u00e4tzen Es war eine angespannte Nacht f\u00fcr die Feuerwehr in Essen. Zwischen&hellip;\n","protected":false},"author":2,"featured_media":542312,"comment_status":"","ping_status":"","sticky":false,"template":"","format":"standard","meta":{"footnotes":""},"categories":[1834],"tags":[84797,124944,3275,2217,3364,29,3688,985,30,1209,121],"class_list":{"0":"post-542311","1":"post","2":"type-post","3":"status-publish","4":"format-standard","5":"has-post-thumbnail","7":"category-essen","8":"tag-halloween","9":"tag-kettwiger-strae","10":"tag-lokalnachrichten","11":"tag-bilanz","12":"tag-de","13":"tag-deutschland","14":"tag-essen","15":"tag-feuerwehr","16":"tag-germany","17":"tag-nordrhein-westfalen","18":"tag-polizei"},"share_on_mastodon":{"url":"https:\/\/pubeurope.com\/@de\/115473391563249877","error":""},"_links":{"self":[{"href":"https:\/\/www.europesays.com\/de\/wp-json\/wp\/v2\/posts\/542311","targetHints":{"allow":["GET"]}}],"collection":[{"href":"https:\/\/www.europesays.com\/de\/wp-json\/wp\/v2\/posts"}],"about":[{"href":"https:\/\/www.europesays.com\/de\/wp-json\/wp\/v2\/types\/post"}],"author":[{"embeddable":true,"href":"https:\/\/www.europesays.com\/de\/wp-json\/wp\/v2\/users\/2"}],"replies":[{"embeddable":true,"href":"https:\/\/www.europesays.com\/de\/wp-json\/wp\/v2\/comments?post=542311"}],"version-history":[{"count":0,"href":"https:\/\/www.europesays.com\/de\/wp-json\/wp\/v2\/posts\/542311\/revisions"}],"wp:featuredmedia":[{"embeddable":true,"href":"https:\/\/www.europesays.com\/de\/wp-json\/wp\/v2\/media\/542312"}],"wp:attachment":[{"href":"https:\/\/www.europesays.com\/de\/wp-json\/wp\/v2\/media?parent=542311"}],"wp:term":[{"taxonomy":"category","embeddable":true,"href":"https:\/\/www.europesays.com\/de\/wp-json\/wp\/v2\/categories?post=542311"},{"taxonomy":"post_tag","embeddable":true,"href":"https:\/\/www.europesays.com\/de\/wp-json\/wp\/v2\/tags?post=542311"}],"curies":[{"name":"wp","href":"https:\/\/api.w.org\/{rel}","templated":true}]}}