{"id":542315,"date":"2025-11-01T08:02:10","date_gmt":"2025-11-01T08:02:10","guid":{"rendered":"https:\/\/www.europesays.com\/de\/542315\/"},"modified":"2025-11-01T08:02:10","modified_gmt":"2025-11-01T08:02:10","slug":"fc-augsburg-verliert-gegen-borussia-dortmund-trotzdem-ein-schritt-nach-vorne-fuer-sandro-wagner","status":"publish","type":"post","link":"https:\/\/www.europesays.com\/de\/542315\/","title":{"rendered":"FC Augsburg verliert gegen Borussia Dortmund: Trotzdem ein Schritt nach vorne f\u00fcr Sandro Wagner"},"content":{"rendered":"<p class=\"css-1q8kfuz\">Der FC Augsburg verliert zu Hause gegen Borussia Dortmund &#8211; und kassiert damit innerhalb von sechs Tagen drei Heimniederlagen bei 0:8-Toren. Nichtsdestotrotz hat Sandro Wagner gezeigt, warum er in Augsburg noch eine Chance verdient &#8211; ein Kommentar.<\/p>\n<p class=\"css-1cmglxz\">Von <a href=\"https:\/\/www.ran.de\/sports\/mehr\/news\/raman-rooprail-autor-social-media-und-video-568655\" target=\"_blank\" rel=\"noopener\">Raman Rooprail<\/a><\/p>\n<p class=\"css-1cmglxz\">&#8222;Gro\u00dfe Worte, keine Taten &#8211; wie lange wollt ihr noch warten? (&#8230;) Personenkult und Marketingwahn &#8211; das sind nicht unsere Werte! (&#8230;) Niemand ist gr\u00f6\u00dfer als der Verein!&#8220;<\/p>\n<p class=\"css-1cmglxz\">Auf mehreren <a href=\"https:\/\/www.ran.de\/sports\/fussball\/bundesliga\/news\/fc-augsburg-kritik-an-sandro-wagner-fca-fans-enthuellen-gegen-dortmund-brisante-banner-597773\" target=\"_blank\" rel=\"noopener\">Spruchb\u00e4ndern protestierten die Fans des FC Augsburgs<\/a> zu Beginn des Bundesliga-Spiels gegen <a href=\"https:\/\/www.ran.de\/sports\/fussball\/bvb-borussia-dortmund\" target=\"_blank\" rel=\"noopener\">Borussia Dortmund<\/a> demonstrativ gegen <a href=\"https:\/\/www.ran.de\/sports\/fussball\/sandro-wagner\" target=\"_blank\" rel=\"noopener\">Sandro Wagner<\/a>.<\/p>\n<p class=\"css-1cmglxz\">Bei den Leistungen zuletzt auch kein Wunder. 0:6 gegen RB Leipzig, im Pokal eine 0:1-Niederlage gegen den Zweitligisten VfL Bochum, die selbst bisher in der Liga entt\u00e4uschen und als Absteiger nur auf Platz 17 stehen.<\/p>\n<p class=\"css-1cmglxz\">Bereits nach dem Debakel gegen Leipzig lieferten sich Fans und Mannschaft ein minutenlanges Wortgefecht, bei dem die Augsburger Ultras ihren Unmut deutlich machten.\u00a0 Dementsprechend gro\u00df war der Druck nach dem bitteren Pokal-Aus gegen den BVB.<\/p>\n<p>Sandro Wagners Mannschaft zeigt Reaktion<\/p>\n<p class=\"css-1cmglxz\">Auch wenn es letztlich die dritte Pleite in sechs Tagen gab und der FCA wieder kein eigenes Tor erzielte, zeigte Wagners Team aber eine Reaktion. Die gegen Leipzig v\u00f6llig zahnlose Hintermannschaft pr\u00e4sentierte sich giftig und lie\u00df kaum Dortmunder Chancen zu, das Tor des Abends war ein reines Zufallsprodukt, was man niemandem vorwerfen kann.<\/p>\n<p class=\"css-1cmglxz\">Das sahen auch die Fans so. Nach der Partie spielten sich dieses Mal keine w\u00fctenden Auseinandersetzungen ab, die Mannschaft holte sich f\u00fcr einen harten Kampf ihren verdienten Applaus ab &#8211; und auch gegen\u00fcber Wagner zeigten sich die Anh\u00e4nger vers\u00f6hnlich, der ebenfalls bei der Kurve war.<\/p>\n<p class=\"css-1cmglxz\">Hatten Kritiker nach den blutleeren Auftritten zuletzt noch Zweifel daran, ob Mannschaft und Verein noch hinter Wagner stehen, wurden auch diese nach dem BVB-Spiel aus dem Weg ger\u00e4umt.<\/p>\n<p>FC Augsburg steht hinter Sandro Wagner<\/p>\n<p class=\"css-1cmglxz\">&#8222;Wir arbeiten einfach sehr gut zusammen&#8220;, erkl\u00e4rte FCA-Sportdirektor Benjamin Weber nach dem Spiel bei &#8222;Sky&#8220;, warum keine Trainerdiskussion in Augsburg aufkommt. &#8222;Diese Punkte, die uns fehlen, \u00e4rgern uns extrem. Aber trotzdem schaffen wir es immer wieder vor den Spielen eine Stimmung aufzubauen, dass wir an uns glauben. Die Spieler und auch wir haben ein sehr gutes Gef\u00fchl, aber es braucht Zeit.&#8220;<\/p>\n<p class=\"css-1cmglxz\">Wie lange Wagner die ber\u00fchmte Zeit noch einger\u00e4umt wird, kommt nat\u00fcrlich auch auf die kommenden Duelle an. Bevor es in die finale L\u00e4nderspielpause dieses Jahres geht, m\u00fcssen Wagner und sein Team zum VfB Stuttgart reisen. Ebenfalls keine leichte Aufgabe, allerdings ist das Ergebnis in der Partie &#8211; so naiv das klingen mag &#8211; fast zweitrangig.<\/p>\n<p>Sandro Wagner vor gro\u00dfer Herausforderung<\/p>\n<p class=\"css-1cmglxz\">Denn viel wichtiger wird es sein, dass Wagners Mannen an der Leistung gegen Dortmund ankn\u00fcpfen, um auch die Fans bei Laune zu halten und eine m\u00f6gliche versch\u00e4rfte Trainerdiskussion im Keim zu ersticken. In der L\u00e4nderspielpause h\u00e4tte Wagner dann Zeit, an den aktuell, vor allem offensiven, Problemen zu arbeiten und dann sp\u00e4testens in den Spielen gegen den Hamburger SV und der TSG Hoffenheim den Turnaround zu schaffen.<\/p>\n<p class=\"css-1cmglxz\">Das kann aber nur gelingen, wenn er sich die klaren Worte der Fans zu Herzen nimmt, auf flapsige Spr\u00fcche verzichtet und die Mannschaft in den Vordergrund stellt.<\/p>\n<p class=\"css-1cmglxz\">Eben wie von den Anh\u00e4ngern gefordert Taten statt Worte sprechen l\u00e4sst.<\/p>\n","protected":false},"excerpt":{"rendered":"Der FC Augsburg verliert zu Hause gegen Borussia Dortmund &#8211; und kassiert damit innerhalb von sechs Tagen drei&hellip;\n","protected":false},"author":2,"featured_media":542316,"comment_status":"","ping_status":"","sticky":false,"template":"","format":"standard","meta":{"footnotes":""},"categories":[1833],"tags":[299,3364,29,217,483,30,4693,1209,15179],"class_list":{"0":"post-542315","1":"post","2":"type-post","3":"status-publish","4":"format-standard","5":"has-post-thumbnail","7":"category-dortmund","8":"tag-bundesliga","9":"tag-de","10":"tag-deutschland","11":"tag-dortmund","12":"tag-fc-augsburg","13":"tag-germany","14":"tag-kommentar","15":"tag-nordrhein-westfalen","16":"tag-sandro-wagner"},"share_on_mastodon":{"url":"https:\/\/pubeurope.com\/@de\/115473399415309363","error":""},"_links":{"self":[{"href":"https:\/\/www.europesays.com\/de\/wp-json\/wp\/v2\/posts\/542315","targetHints":{"allow":["GET"]}}],"collection":[{"href":"https:\/\/www.europesays.com\/de\/wp-json\/wp\/v2\/posts"}],"about":[{"href":"https:\/\/www.europesays.com\/de\/wp-json\/wp\/v2\/types\/post"}],"author":[{"embeddable":true,"href":"https:\/\/www.europesays.com\/de\/wp-json\/wp\/v2\/users\/2"}],"replies":[{"embeddable":true,"href":"https:\/\/www.europesays.com\/de\/wp-json\/wp\/v2\/comments?post=542315"}],"version-history":[{"count":0,"href":"https:\/\/www.europesays.com\/de\/wp-json\/wp\/v2\/posts\/542315\/revisions"}],"wp:featuredmedia":[{"embeddable":true,"href":"https:\/\/www.europesays.com\/de\/wp-json\/wp\/v2\/media\/542316"}],"wp:attachment":[{"href":"https:\/\/www.europesays.com\/de\/wp-json\/wp\/v2\/media?parent=542315"}],"wp:term":[{"taxonomy":"category","embeddable":true,"href":"https:\/\/www.europesays.com\/de\/wp-json\/wp\/v2\/categories?post=542315"},{"taxonomy":"post_tag","embeddable":true,"href":"https:\/\/www.europesays.com\/de\/wp-json\/wp\/v2\/tags?post=542315"}],"curies":[{"name":"wp","href":"https:\/\/api.w.org\/{rel}","templated":true}]}}