{"id":542413,"date":"2025-11-01T08:56:13","date_gmt":"2025-11-01T08:56:13","guid":{"rendered":"https:\/\/www.europesays.com\/de\/542413\/"},"modified":"2025-11-01T08:56:13","modified_gmt":"2025-11-01T08:56:13","slug":"vfl-bochum-u21-juwel-schwaermt-von-roesler-brennt-an-der-seitenlinie-sport","status":"publish","type":"post","link":"https:\/\/www.europesays.com\/de\/542413\/","title":{"rendered":"VfL Bochum: U21-Juwel schw\u00e4rmt von R\u00f6sler: \u201eBrennt an der Seitenlinie\u201c | Sport"},"content":{"rendered":"<p><b>Uwe R\u00f6sler (56) hat den Umschwung beim <\/b><a href=\"https:\/\/www.bild.de\/sport\/fussball\/vfl-bochum\/startseite-bochum-31148910.bild.html\" class=\"text-link\" rel=\"nofollow noopener\" target=\"_blank\"><b>VfL Bochum<\/b><\/a><b> geschafft. <\/b><\/p>\n<p>Unter dem Neu-Trainer ist der Pott-Klub noch ungeschlagen (2 Siege, ein Unentschieden). Zwar steckt der VfL noch immer im Tabellenkeller, doch die Mannschaft hat wieder Selbstvertrauen. <a href=\"https:\/\/www.bild.de\/sport\/fussball\/juengste-startelf-seit-50-jahren-bochums-problem-mit-dem-bubi-plan-6902b1c75afbdf36c840d23d\" class=\"text-link\" rel=\"nofollow noopener\" target=\"_blank\">Davon profitiert auch Salzburg-Leihgabe Leandro Morgalla (21), der unter R\u00f6sler gute Leistungen zeigt. <\/a><\/p>\n<p><b>U21-Nationalspieler schw\u00e4rmt von R\u00f6sler: \u201eEr brennt an der Seitenlinie!\u201c<\/b><\/p>\n<p>Mehr zum Thema<\/p>\n<p><b>Fakt ist:<\/b> Der Neu-Trainer, der bislang immer in kurzer Hose am Spielfeldrand stand, geht in seiner Coachingzone ab wie ein Vulkan. Das kommt auch bei den Spielern gut an. Morgalla zu BILD: \u201eEr brennt an der Seitenlinie und pusht uns als Mannschaft unglaublich. So kitzelt er die letzten Prozente aus uns heraus. Du kriegst das als Spieler mit und das \u00fcbertr\u00e4gt sich auf das Team.\u201c <\/p>\n<p>Auch interessant<\/p>\n<p>Anzeige<\/p>\n<p>Auch interessant<\/p>\n<p>Anzeige<\/p>\n<p>Und weiter: \u201eAuch in schwierigen Spielphasen sorgt er daf\u00fcr, dass der Funke \u00fcberspringt. Er hat f\u00fcr den Umschwung gesorgt, der dann dazu gef\u00fchrt hat, dass wir wieder Spiele gewinnen. Das Spielgl\u00fcck haben wir uns auch wieder erarbeitet.\u201c<\/p>\n<p><b>Bisher stand Morgalla in fast allen Pflichtspielen in der Startelf, fehlt nur in der 1. DFB-Pokal-Runde gegen den BFC Dynamo Berlin (3:1 n. V.) mit einer Erk\u00e4ltung. F\u00fcr den U21-Nationalspieler keine Selbstverst\u00e4ndlichkeit, denn bei 1860 M\u00fcnchen und in Salzburg wurde er immer wieder von kleinen Verletzungen zur\u00fcckgeworfen. <\/b><\/p>\n<p>Glatzel ist unzufrieden: SO sehen die St\u00fcrmerpl\u00e4ne des HSV aus<a class=\"anchor video-teaser__anchor\" href=\"https:\/\/www.bild.de\/sport\/fussball\/glatzel-ist-unzufrieden-so-sehen-die-stuermerplaene-des-hsv-aus-6904d851df9fa029228ef5ca\" rel=\"nofollow noopener\" target=\"_blank\"><img decoding=\"async\" width=\"992\" height=\"558\" alt=\"Teaser-Bild\" src=\"https:\/\/www.europesays.com\/de\/wp-content\/uploads\/2025\/11\/e438ceca4d9e5636213e1f0895e55c4d-landscape,7d519017\"   class=\"landscape teaser__image\" loading=\"lazy\"\/><\/a><\/p>\n<p>Quelle: BILD31.10.2025<\/p>\n<p><b>Morgalla, der gegen Augsburg mit Kr\u00e4mpfen raus musste, zu BILD: \u201eDas ist jetzt auch nach l\u00e4ngerer Zeit die erste Saison, in der ich regelm\u00e4\u00dfig auf dem Platz stehen kann. Das vergangene Jahr war schwer f\u00fcr mich. Ich habe aber auch gelernt, wie mein K\u00f6rper funktioniert und was mir guttut. Das zahlt sich jetzt aus. Ich stehe in den meisten Spielen \u00fcber 90 Minuten auf dem Platz, was in der Vergangenheit nicht so oft der Fall war.\u201c<\/b> <\/p>\n<p>In den vergangenen f\u00fcnf Ligaspielen stand der Verteidiger immer \u00fcber die komplette Spielzeit auf dem Rasen, will auch im Keller-Kracher gegen Magdeburg (Sonntag, 13.30 Uhr\/Sky) wieder drei Punkte holen. Morgalla: \u201eDie Brisanz des Duells ist selbsterkl\u00e4rend. Ein Blick auf die Punkte und die Tabelle reicht, um zu wissen, was in dem Spiel drinsteckt. Deshalb wollen wir es auch gewinnen.\u201c <\/p>\n<p>Der VfL steht auf jeden Fall unter Druck. Mit einem Sieg k\u00f6nnten der Klub die Abstiegspl\u00e4tze endlich verlassen. Bei einer Niederlage w\u00e4re Bochum das neue Schlusslicht\u00a0\u2026 <\/p>\n<p>Mr. True enth\u00fcllt!: DAS sind M\u00fcllers geheime Pr\u00e4mien-Klauseln<a class=\"anchor video-teaser__anchor\" href=\"https:\/\/www.bild.de\/sport\/fussball\/mr-true-enthuellt-das-sind-muellers-geheime-praemien-klauseln-6904d836df9fa029228ef5c0\" rel=\"nofollow noopener\" target=\"_blank\"><img decoding=\"async\" width=\"992\" height=\"558\" alt=\"Teaser-Bild\" src=\"https:\/\/www.europesays.com\/de\/wp-content\/uploads\/2025\/11\/9a1889ebf5da9ffb4643e9ba70645c2a-landscape,4000571b\"   class=\"landscape teaser__image\" loading=\"lazy\"\/><\/a><\/p>\n<p>Quelle: BILD31.10.2025<\/p>\n","protected":false},"excerpt":{"rendered":"Uwe R\u00f6sler (56) hat den Umschwung beim VfL Bochum geschafft. Unter dem Neu-Trainer ist der Pott-Klub noch ungeschlagen&hellip;\n","protected":false},"author":2,"featured_media":542414,"comment_status":"","ping_status":"","sticky":false,"template":"","format":"standard","meta":{"footnotes":""},"categories":[1839],"tags":[621,7507,3364,29,347,30,110579,107800,1209,119671,3856,87004,819,45,8173,784],"class_list":{"0":"post-542413","1":"post","2":"type-post","3":"status-publish","4":"format-standard","5":"has-post-thumbnail","7":"category-bochum","8":"tag-2-bundesliga","9":"tag-bochum","10":"tag-de","11":"tag-deutschland","12":"tag-fussball","13":"tag-germany","14":"tag-luthe-andreas","15":"tag-morgalla-leandro","16":"tag-nordrhein-westfalen","17":"tag-roesler-uwe","18":"tag-ruhrgebiet","19":"tag-ruhrgebiet-regional-sport","20":"tag-sport-leuchtturm-essen","21":"tag-texttospeech","22":"tag-vfl-bochum","23":"tag-zweite-bundesliga"},"share_on_mastodon":{"url":"https:\/\/pubeurope.com\/@de\/115473612349142440","error":""},"_links":{"self":[{"href":"https:\/\/www.europesays.com\/de\/wp-json\/wp\/v2\/posts\/542413","targetHints":{"allow":["GET"]}}],"collection":[{"href":"https:\/\/www.europesays.com\/de\/wp-json\/wp\/v2\/posts"}],"about":[{"href":"https:\/\/www.europesays.com\/de\/wp-json\/wp\/v2\/types\/post"}],"author":[{"embeddable":true,"href":"https:\/\/www.europesays.com\/de\/wp-json\/wp\/v2\/users\/2"}],"replies":[{"embeddable":true,"href":"https:\/\/www.europesays.com\/de\/wp-json\/wp\/v2\/comments?post=542413"}],"version-history":[{"count":0,"href":"https:\/\/www.europesays.com\/de\/wp-json\/wp\/v2\/posts\/542413\/revisions"}],"wp:featuredmedia":[{"embeddable":true,"href":"https:\/\/www.europesays.com\/de\/wp-json\/wp\/v2\/media\/542414"}],"wp:attachment":[{"href":"https:\/\/www.europesays.com\/de\/wp-json\/wp\/v2\/media?parent=542413"}],"wp:term":[{"taxonomy":"category","embeddable":true,"href":"https:\/\/www.europesays.com\/de\/wp-json\/wp\/v2\/categories?post=542413"},{"taxonomy":"post_tag","embeddable":true,"href":"https:\/\/www.europesays.com\/de\/wp-json\/wp\/v2\/tags?post=542413"}],"curies":[{"name":"wp","href":"https:\/\/api.w.org\/{rel}","templated":true}]}}