{"id":542475,"date":"2025-11-01T09:29:16","date_gmt":"2025-11-01T09:29:16","guid":{"rendered":"https:\/\/www.europesays.com\/de\/542475\/"},"modified":"2025-11-01T09:29:16","modified_gmt":"2025-11-01T09:29:16","slug":"betrunkener-greift-polizei-an-strassenbahnhaltestelle-ein","status":"publish","type":"post","link":"https:\/\/www.europesays.com\/de\/542475\/","title":{"rendered":"Betrunkener greift Polizei an Stra\u00dfenbahnhaltestelle ein"},"content":{"rendered":"<p>An Frankfurter Stra\u00dfenbahnhaltestelle <\/p>\n<p>Betrunkener verletzt zwei Polizisten<\/p>\n<p>01.11.2025 &#8211; 10:19 UhrLesedauer: 1 Min.<\/p>\n<p><a href=\"#focus-0\" class=\"transition-colors duration-200 block text-current relative\" data-sctrack=\"FocusGalleryImage.Reference\"><img fetchpriority=\"high\" data-testid=\"Opener.Image\" style=\"--lqipURL:url('https:\/\/images.t-online.de\/2025\/10\/pnXfsgZSVTCD\/0x85:2048x1152\/fit-in\/150x0\/filters:blur(25)\/die-ermittlungen-richten-sich-gegen-polizisten-des-ersten-polizeireviers-in-frankfurt-archivfoto.jpg')\"   loading=\"eager\" src=\"https:\/\/www.europesays.com\/de\/wp-content\/uploads\/2025\/11\/die-ermittlungen-richten-sich-gegen-polizisten-des-ersten-polizeireviers-in-frankfurt-archivfoto.jpg\" alt=\"Schriftzug Polizei\" title=\"Schriftzug Polizei\" width=\"2048\" height=\"1152\" class=\"bg-[url:var(--lqipURL)] bg-cover bg-center flex h-full w-full max-w-full\" decoding=\"async\"\/><img style=\"--width:32;--height:32\" loading=\"lazy\" src=\"https:\/\/frankfurt.t-online.de\/s\/paper\/_next\/static\/media\/zoom-in.f7dae02f.svg\" alt=\"Vergr\u00f6\u00dfern des Bildes\" title=\"Vergr\u00f6\u00dfern des Bildes\" class=\"block h-[calc(var(--height)_\/_16_*_1rem)] w-[calc(var(--width)_\/_16_*_1rem)] max-w-none absolute bottom-8 right-8 rounded-4 bg-snow p-8\" decoding=\"async\"\/><\/a><\/p>\n<p>Einer Polizeidienststelle (Symbolbild): Zun\u00e4chst sollen Fahrg\u00e4ste von dem Betrunkenen bel\u00e4stigt worden sein. (Quelle: Boris Roessler\/dpa\/dpa-bilder)<\/p>\n<p class=\"font-bold text-18 leading-17\">Ein 28-J\u00e4hriger soll an einer Haltestelle in Frankfurt Fahrg\u00e4ste bel\u00e4stigt haben. Als die Polizei kommt, eskaliert die Situation.<\/p>\n<p class=\"text-18 leading-17\">Am Freitagabend soll ein 28-j\u00e4hriger Mann in Frankfurt zwei Polizisten bei einer Festnahme verletzt haben. Der augenscheinlich stark alkoholisierte Mann habe zuvor an der Stra\u00dfenbahnhaltestelle Beuthener Stra\u00dfe andere Fahrg\u00e4ste bel\u00e4stigt, diese verst\u00e4ndigten die Einsatzkr\u00e4fte.<\/p>\n<p class=\"text-18 leading-17\">Die alarmierten Beamten trafen den Mann gegen 21.30 Uhr an der Haltestelle an. Er habe auf die Ansprache der Polizisten aggressiv reagiert und sich bei der Festnahme gewehrt. Dabei seien zwei Polizisten leicht verletzt worden. Nach der Festnahme wurde eine Blutprobe entnommen, und der Mann kam zur Ausn\u00fcchterung in Polizeigewahrsam.<\/p>\n<p class=\"text-18 leading-17\">Der 28-J\u00e4hrige gab an, zuvor in eine Auseinandersetzung mit unbekannten Personen geraten zu sein, die Pfefferspray gegen ihn eingesetzt h\u00e4tten. Weitere Angaben habe er dazu nicht gemacht, wie die Polizei weiter mitteilte.<\/p>\n<p class=\"text-18 leading-17\">Die Polizei hat eine Anzeige gegen den Mann wegen Widerstands erstattet und ermittelt zudem wegen des Verdachts der gef\u00e4hrlichen K\u00f6rperverletzung durch Unbekannte. Die verletzten Polizisten konnten ihren Dienst fortsetzen.<\/p>\n","protected":false},"excerpt":{"rendered":"An Frankfurter Stra\u00dfenbahnhaltestelle Betrunkener verletzt zwei Polizisten 01.11.2025 &#8211; 10:19 UhrLesedauer: 1 Min. Einer Polizeidienststelle (Symbolbild): Zun\u00e4chst sollen&hellip;\n","protected":false},"author":2,"featured_media":542476,"comment_status":"","ping_status":"","sticky":false,"template":"","format":"standard","meta":{"footnotes":""},"categories":[1829],"tags":[722,17161,29,980,2050,2051,30,6513,2052,121,64435,77001],"class_list":{"0":"post-542475","1":"post","2":"type-post","3":"status-publish","4":"format-standard","5":"has-post-thumbnail","7":"category-frankfurt-am-main","8":"tag-722","9":"tag-17161","10":"tag-deutschland","11":"tag-festnahme","12":"tag-frankfurt","13":"tag-frankfurt-am-main","14":"tag-germany","15":"tag-haltestelle","16":"tag-hessen","17":"tag-polizei","18":"tag-polizeidienststelle","19":"tag-strassenbahnhaltestelle"},"share_on_mastodon":{"url":"https:\/\/pubeurope.com\/@de\/115473741919101569","error":""},"_links":{"self":[{"href":"https:\/\/www.europesays.com\/de\/wp-json\/wp\/v2\/posts\/542475","targetHints":{"allow":["GET"]}}],"collection":[{"href":"https:\/\/www.europesays.com\/de\/wp-json\/wp\/v2\/posts"}],"about":[{"href":"https:\/\/www.europesays.com\/de\/wp-json\/wp\/v2\/types\/post"}],"author":[{"embeddable":true,"href":"https:\/\/www.europesays.com\/de\/wp-json\/wp\/v2\/users\/2"}],"replies":[{"embeddable":true,"href":"https:\/\/www.europesays.com\/de\/wp-json\/wp\/v2\/comments?post=542475"}],"version-history":[{"count":0,"href":"https:\/\/www.europesays.com\/de\/wp-json\/wp\/v2\/posts\/542475\/revisions"}],"wp:featuredmedia":[{"embeddable":true,"href":"https:\/\/www.europesays.com\/de\/wp-json\/wp\/v2\/media\/542476"}],"wp:attachment":[{"href":"https:\/\/www.europesays.com\/de\/wp-json\/wp\/v2\/media?parent=542475"}],"wp:term":[{"taxonomy":"category","embeddable":true,"href":"https:\/\/www.europesays.com\/de\/wp-json\/wp\/v2\/categories?post=542475"},{"taxonomy":"post_tag","embeddable":true,"href":"https:\/\/www.europesays.com\/de\/wp-json\/wp\/v2\/tags?post=542475"}],"curies":[{"name":"wp","href":"https:\/\/api.w.org\/{rel}","templated":true}]}}