{"id":542513,"date":"2025-11-01T09:50:13","date_gmt":"2025-11-01T09:50:13","guid":{"rendered":"https:\/\/www.europesays.com\/de\/542513\/"},"modified":"2025-11-01T09:50:13","modified_gmt":"2025-11-01T09:50:13","slug":"der-sport-tag-dietmar-hamann-fuerchtet-konsequenzen-fuer-florian-wirtz","status":"publish","type":"post","link":"https:\/\/www.europesays.com\/de\/542513\/","title":{"rendered":"Der Sport-Tag: Dietmar Hamann f\u00fcrchtet Konsequenzen f\u00fcr Florian Wirtz"},"content":{"rendered":"<p>                    Der Sport-Tag<br \/>\n                Dietmar Hamann f\u00fcrchtet Konsequenzen f\u00fcr Florian Wirtz<\/p>\n<p>\t\t\t\t              01.11.2025, 08:10 Uhr<\/p>\n<p>Die bittere 0:3-Schlappe im Ligapokal gegen Crystal Palace war am Mittwoch l\u00e4ngst mehr als nur ein Ausrutscher: Er war <b>das n\u00e4chste Alarmzeichen f\u00fcr den FC Liverpool<\/b>, der auch in der Meisterschaft schon auf Tabellenplatz sieben abgest\u00fcrzt sind. W\u00e4hrend Teammanager Arne Slot unter gr\u00f6\u00dferen Druck ger\u00e4t, <b>r\u00fcckt in der kritischen Berichterstattung \u00fcber den FC Liverpool vor allem ein Name immer mehr in den Fokus: Florian Wirtz.<\/b><\/p>\n<p>Der ehemalige Liverpool-Star Dietmar Hamann nahm gegen\u00fcber &#8222;Sky&#8220; angesprochen auf den 22-J\u00e4hrigen kein Blatt mehr vor den Mund. &#8222;Wenn Wirtz weiter so anonym bleibt wie bisher, wird sich in Liverpool etwas tun. Es wird dann mit Sicherheit \u00dcberlegungen geben, wie lange man mit ihm weitermacht&#8220;, sagte er bei Sky. <\/p>\n<p>Sp\u00e4testens die kommenden Partien gegen Aston Villa in der Meisterschaft und gegen Real Madrid in der Champions League m\u00fcssen f\u00fcr den deutschen Nationalspieler nun die Trendwende bringen, meinte Hamann: <b>&#8222;Wenn mal 13, 14 Spiele gespielt sind und ein Drittel der Saison vorbei ist, muss man sich die Frage stellen, ob man noch das Vertrauen in den Spieler hat<\/b> und ob man der Meinung ist, dass er sich in Liverpool durchsetzen wird.&#8220; Im Sp\u00e4therbst ist die Schonfrist f\u00fcr Florian Wirtz beim FC Liverpool endg\u00fcltig vorbei.<\/p>\n","protected":false},"excerpt":{"rendered":"Der Sport-Tag Dietmar Hamann f\u00fcrchtet Konsequenzen f\u00fcr Florian Wirtz 01.11.2025, 08:10 Uhr Die bittere 0:3-Schlappe im Ligapokal gegen&hellip;\n","protected":false},"author":2,"featured_media":529772,"comment_status":"","ping_status":"","sticky":false,"template":"","format":"standard","meta":{"footnotes":""},"categories":[136],"tags":[282,29,44854,38243,30,53761,61275,265,283,38244],"class_list":{"0":"post-542513","1":"post","2":"type-post","3":"status-publish","4":"format-standard","5":"has-post-thumbnail","7":"category-sport","8":"tag-der","9":"tag-deutschland","10":"tag-dietmar","11":"tag-florian","12":"tag-germany","13":"tag-hamann","14":"tag-konsequenzen","15":"tag-sport","16":"tag-sport-tag","17":"tag-wirtz"},"share_on_mastodon":{"url":"https:\/\/pubeurope.com\/@de\/115473824141896001","error":""},"_links":{"self":[{"href":"https:\/\/www.europesays.com\/de\/wp-json\/wp\/v2\/posts\/542513","targetHints":{"allow":["GET"]}}],"collection":[{"href":"https:\/\/www.europesays.com\/de\/wp-json\/wp\/v2\/posts"}],"about":[{"href":"https:\/\/www.europesays.com\/de\/wp-json\/wp\/v2\/types\/post"}],"author":[{"embeddable":true,"href":"https:\/\/www.europesays.com\/de\/wp-json\/wp\/v2\/users\/2"}],"replies":[{"embeddable":true,"href":"https:\/\/www.europesays.com\/de\/wp-json\/wp\/v2\/comments?post=542513"}],"version-history":[{"count":0,"href":"https:\/\/www.europesays.com\/de\/wp-json\/wp\/v2\/posts\/542513\/revisions"}],"wp:featuredmedia":[{"embeddable":true,"href":"https:\/\/www.europesays.com\/de\/wp-json\/wp\/v2\/media\/529772"}],"wp:attachment":[{"href":"https:\/\/www.europesays.com\/de\/wp-json\/wp\/v2\/media?parent=542513"}],"wp:term":[{"taxonomy":"category","embeddable":true,"href":"https:\/\/www.europesays.com\/de\/wp-json\/wp\/v2\/categories?post=542513"},{"taxonomy":"post_tag","embeddable":true,"href":"https:\/\/www.europesays.com\/de\/wp-json\/wp\/v2\/tags?post=542513"}],"curies":[{"name":"wp","href":"https:\/\/api.w.org\/{rel}","templated":true}]}}