{"id":542619,"date":"2025-11-01T10:50:14","date_gmt":"2025-11-01T10:50:14","guid":{"rendered":"https:\/\/www.europesays.com\/de\/542619\/"},"modified":"2025-11-01T10:50:14","modified_gmt":"2025-11-01T10:50:14","slug":"zehn-personen-brechen-auf-halloween-party-ploetzlich-zusammen","status":"publish","type":"post","link":"https:\/\/www.europesays.com\/de\/542619\/","title":{"rendered":"Zehn Personen brechen auf Halloween-Party pl\u00f6tzlich zusammen"},"content":{"rendered":"<p>Polizei hat einen Verdacht <\/p>\n<p>Menschen brechen auf Halloween-Party pl\u00f6tzlich zusammen<\/p>\n<p>01.11.2025 &#8211; 11:30 UhrLesedauer: 1 Min.<\/p>\n<p><a href=\"#focus-0\" class=\"transition-colors duration-200 block text-current relative\" data-sctrack=\"FocusGalleryImage.Reference\"><img fetchpriority=\"high\" data-testid=\"Opener.Image\" style=\"--lqipURL:url('https:\/\/images.t-online.de\/2025\/11\/umuWonCUYzEG\/508x614:2985x1679\/fit-in\/150x0\/filters:blur(25)\/ein-rettungswagen-des-deutschen-roten-kreuzes-mit-notarzt-bei-einer-halloween-party-in-stuttgart-mussten-zehn-menschen-behandelt-werden.jpg')\"   loading=\"eager\" src=\"https:\/\/www.europesays.com\/de\/wp-content\/uploads\/2025\/11\/ein-rettungswagen-des-deutschen-roten-kreuzes-mit-notarzt-bei-einer-halloween-party-in-stuttgart-mus.jpeg\" alt=\"Ein Rettungswagen des Deutschen Roten Kreuzes mit Notarzt: Bei einer Halloween-Party in Stuttgart mussten zehn Menschen behandelt werden.\" title=\"Ein Rettungswagen des Deutschen Roten Kreuzes mit Notarzt: Bei einer Halloween-Party in Stuttgart mussten zehn Menschen behandelt werden.\" width=\"2985\" height=\"1679\" class=\"bg-[url:var(--lqipURL)] bg-cover bg-center flex h-full w-full max-w-full\" decoding=\"async\"\/><img style=\"--width:32;--height:32\" loading=\"lazy\" src=\"https:\/\/www.t-online.de\/s\/paper\/_next\/static\/media\/zoom-in.f7dae02f.svg\" alt=\"Vergr\u00f6\u00dfern des Bildes\" title=\"Vergr\u00f6\u00dfern des Bildes\" class=\"block h-[calc(var(--height)_\/_16_*_1rem)] w-[calc(var(--width)_\/_16_*_1rem)] max-w-none absolute bottom-8 right-8 rounded-4 bg-snow p-8\" decoding=\"async\"\/><\/a><\/p>\n<p>Ein Rettungswagen des Deutschen Roten Kreuzes mit Notarzt: Bei einer Halloween-Party in Stuttgart mussten zehn Menschen behandelt werden. (Quelle: IMAGO\/Arnulf Hettrich\/imago-images-bilder)<\/p>\n<p class=\"font-bold text-18 leading-17\">Eine Halloween-Party endet f\u00fcr mehrere Feiernde mit Zusammenbr\u00fcchen und Erinnerungsl\u00fccken. Wurde ihnen etwas ins Glas gemischt?<\/p>\n<p class=\"text-18 leading-17\">Bei einer Halloween-Feier in <a rel=\"nofollow noopener\" target=\"_blank\" class=\"transition-colors duration-200 cursor-pointer text-inherit no-underline text-salemsfur md:hover:text-magenta md:hover:border-magenta md:focus:text-magenta border-current border-b border-solid break-words\" href=\"https:\/\/stuttgart.t-online.de\/region\/stuttgart\/\" data-sctrack=\"BodyAnchor\">Stuttgart<\/a> sind in der Nacht auf Samstag zehn Menschen unvermittelt zusammengebrochen. Sie wurden \u00e4rztlich versorgt und in ein Krankenhaus gebracht, wie ein Polizeisprecher am Samstag best\u00e4tigte. &#8222;Es wird in alle Richtungen ermittelt&#8220;, so der Sprecher weiter.<\/p>\n<p class=\"text-18 leading-17\">Laut &#8222;Bild&#8220;-Zeitung k\u00f6nnten K.o.-Tropfen eine Rolle gespielt haben. Laut Polizei schlie\u00dfe man das als Ursache nicht aus. Der <a class=\"transition-colors duration-200 cursor-pointer text-inherit no-underline text-salemsfur md:hover:text-magenta md:hover:border-magenta md:focus:text-magenta border-current border-b border-solid break-words\" href=\"https:\/\/www.t-online.de\/themen\/swr\/\" data-sctrack=\"BodyAnchor\" rel=\"nofollow noopener\" target=\"_blank\">SWR<\/a> berichtete, die G\u00e4ste h\u00e4tten \u00fcber Unwohlsein und Erinnerungsl\u00fccken geklagt. &#8222;Das sind klassische Anzeichen bei K.o.-Tropfen&#8220;, sagte der Polizeisprecher.<\/p>\n<p class=\"text-18 leading-17\">Ein Gro\u00dfaufgebot an Rettungskr\u00e4ften wurde alarmiert, toxikologische Gutachten sollen jetzt den Verdacht auf K.o.-Tropfen best\u00e4tigen oder ausschlie\u00dfen. &#8222;Es ist schon au\u00dfergew\u00f6hnlich, falls so eine hohe Personenzahl mit K.o-Tropfen in Ber\u00fchrung gekommen ist&#8220;, sagte der Polizeisprecher.<\/p>\n<p class=\"text-18 leading-17\">Der &#8222;Bild&#8220; zufolge hielten sich rund 2.000 Menschen auf der Halloween-Party auf. Zuvor war unter anderem der deutsche Rapper Jazeek aufgetreten, wie die Polizei best\u00e4tigte.<\/p>\n<p class=\"text-18 leading-17\">K.-o.-Tropfen sind Medikamente mit bet\u00e4ubender Wirkung, die als Schlaf- und Beruhigungsmittel eingesetzt werden. Unter den Sammelbegriff fallen verschiedene Substanzen. Im schlimmsten Fall f\u00fchren sie bei Betroffenen zu Orientierungslosigkeit und Ohnmacht. Am n\u00e4chsten Tag berichten Betroffene h\u00e4ufig von einem Filmriss, sie k\u00f6nnen sich also an nichts erinnern.<\/p>\n","protected":false},"excerpt":{"rendered":"Polizei hat einen Verdacht Menschen brechen auf Halloween-Party pl\u00f6tzlich zusammen 01.11.2025 &#8211; 11:30 UhrLesedauer: 1 Min. Ein Rettungswagen&hellip;\n","protected":false},"author":2,"featured_media":542620,"comment_status":"","ping_status":"","sticky":false,"template":"","format":"standard","meta":{"footnotes":""},"categories":[1830],"tags":[5100,1434,1634,9492,3364,29,7137,47209,30,121,5989,1441,1755,31760],"class_list":{"0":"post-542619","1":"post","2":"type-post","3":"status-publish","4":"format-standard","5":"has-post-thumbnail","7":"category-stuttgart","8":"tag-rotes-kreuz","9":"tag-1434","10":"tag-baden-wuerttemberg","11":"tag-bild-zeitung","12":"tag-de","13":"tag-deutschland","14":"tag-erfurt","15":"tag-erinnerungsluecke","16":"tag-germany","17":"tag-polizei","18":"tag-rettungswagen","19":"tag-stuttgart","20":"tag-swr","21":"tag-zusammenbruch"},"share_on_mastodon":{"url":"https:\/\/pubeurope.com\/@de\/115474061488335735","error":""},"_links":{"self":[{"href":"https:\/\/www.europesays.com\/de\/wp-json\/wp\/v2\/posts\/542619","targetHints":{"allow":["GET"]}}],"collection":[{"href":"https:\/\/www.europesays.com\/de\/wp-json\/wp\/v2\/posts"}],"about":[{"href":"https:\/\/www.europesays.com\/de\/wp-json\/wp\/v2\/types\/post"}],"author":[{"embeddable":true,"href":"https:\/\/www.europesays.com\/de\/wp-json\/wp\/v2\/users\/2"}],"replies":[{"embeddable":true,"href":"https:\/\/www.europesays.com\/de\/wp-json\/wp\/v2\/comments?post=542619"}],"version-history":[{"count":0,"href":"https:\/\/www.europesays.com\/de\/wp-json\/wp\/v2\/posts\/542619\/revisions"}],"wp:featuredmedia":[{"embeddable":true,"href":"https:\/\/www.europesays.com\/de\/wp-json\/wp\/v2\/media\/542620"}],"wp:attachment":[{"href":"https:\/\/www.europesays.com\/de\/wp-json\/wp\/v2\/media?parent=542619"}],"wp:term":[{"taxonomy":"category","embeddable":true,"href":"https:\/\/www.europesays.com\/de\/wp-json\/wp\/v2\/categories?post=542619"},{"taxonomy":"post_tag","embeddable":true,"href":"https:\/\/www.europesays.com\/de\/wp-json\/wp\/v2\/tags?post=542619"}],"curies":[{"name":"wp","href":"https:\/\/api.w.org\/{rel}","templated":true}]}}