{"id":542621,"date":"2025-11-01T10:51:23","date_gmt":"2025-11-01T10:51:23","guid":{"rendered":"https:\/\/www.europesays.com\/de\/542621\/"},"modified":"2025-11-01T10:51:23","modified_gmt":"2025-11-01T10:51:23","slug":"auto-kracht-in-hauswand-und-baugeruest-in-bornheim","status":"publish","type":"post","link":"https:\/\/www.europesays.com\/de\/542621\/","title":{"rendered":"Auto kracht in Hauswand und Bauger\u00fcst in Bornheim"},"content":{"rendered":"<p>Unfall in Frankfurt-Bornheim <\/p>\n<p>Auto kracht in Hauswand und Bauger\u00fcst \u2013 hoher Schaden<\/p>\n<p>01.11.2025 &#8211; 11:32 UhrLesedauer: 1 Min.<\/p>\n<p><a href=\"#focus-0\" class=\"transition-colors duration-200 block text-current relative\" data-sctrack=\"FocusGalleryImage.Reference\"><img fetchpriority=\"high\" data-testid=\"Opener.Image\" style=\"--lqipURL:url('https:\/\/images.t-online.de\/2025\/11\/2YGsAcKnjk6g\/0x90:2048x1152\/fit-in\/150x0\/filters:blur(25)\/nach-dem-unfall-musste-ein-baugeruest-aus-sicherheitsgruenden-abgebaut-werden-symbolbild.jpg')\"   loading=\"eager\" src=\"https:\/\/www.europesays.com\/de\/wp-content\/uploads\/2025\/11\/nach-dem-unfall-musste-ein-baugeruest-aus-sicherheitsgruenden-abgebaut-werden-symbolbild.jpg\" alt=\"Polizei\" title=\"Polizei\" width=\"2048\" height=\"1152\" class=\"bg-[url:var(--lqipURL)] bg-cover bg-center flex h-full w-full max-w-full\" decoding=\"async\"\/><img style=\"--width:32;--height:32\" loading=\"lazy\" src=\"https:\/\/frankfurt.t-online.de\/s\/paper\/_next\/static\/media\/zoom-in.f7dae02f.svg\" alt=\"Vergr\u00f6\u00dfern des Bildes\" title=\"Vergr\u00f6\u00dfern des Bildes\" class=\"block h-[calc(var(--height)_\/_16_*_1rem)] w-[calc(var(--width)_\/_16_*_1rem)] max-w-none absolute bottom-8 right-8 rounded-4 bg-snow p-8\" decoding=\"async\"\/><\/a><\/p>\n<p>Ein Blaulicht in der Nacht (Symbolbild): Nach dem Unfall musste ein Bauger\u00fcst aus Sicherheitsgr\u00fcnden abgebaut werden. (Quelle: Karl-Josef Hildenbrand\/dpa\/dpa-bilder)<\/p>\n<p class=\"font-bold text-18 leading-17\">Ein Verkehrsunfall im Frankfurter Stadtteil Bornheim verursacht erheblichen Schaden \u2013 und f\u00fcr die Anwohner eine laute Nacht.<\/p>\n<p class=\"text-18 leading-17\">Bei einem Unfall im Frankfurter Stadtteil Bornheim sind am Samstag zwei Autos, eine Hauswand und ein Bauger\u00fcst stark besch\u00e4digt worden. Die Polizei beziffert den Sachschaden auf einen hohen sechsstelligen Betrag. Verletzt wurde niemand.<\/p>\n<p class=\"text-18 leading-17\">Eine 20-j\u00e4hrige Autofahrerin missachtete nach Polizeiangaben in einem Kreuzungsbereich die Vorfahrt einer 19-j\u00e4hrigen Fahrerin. Bei dem Zusammensto\u00df verlor die 20-J\u00e4hrige vermutlich die Kontrolle \u00fcber ihr Fahrzeug und kam von der Fahrbahn ab.<\/p>\n<p class=\"text-18 leading-17\">Das Auto prallte zun\u00e4chst gegen eine Hauswand, fuhr \u00fcber eine Treppenstufe und krachte schlie\u00dflich in ein Bauger\u00fcst. Da auch eine St\u00fctzstrebe des Bauger\u00fcstes besch\u00e4digt wurde, musste das gesamte Ger\u00fcst laut Polizei noch in der Nacht zum Samstag abgebaut werden. Es habe erh\u00f6hte Einsatzgefahr bestanden, so die Polizei. Mehrere Anwohner meldeten sich daraufhin bei der Polizei wegen Ruhest\u00f6rung.<\/p>\n","protected":false},"excerpt":{"rendered":"Unfall in Frankfurt-Bornheim Auto kracht in Hauswand und Bauger\u00fcst \u2013 hoher Schaden 01.11.2025 &#8211; 11:32 UhrLesedauer: 1 Min.&hellip;\n","protected":false},"author":2,"featured_media":542622,"comment_status":"","ping_status":"","sticky":false,"template":"","format":"standard","meta":{"footnotes":""},"categories":[1829],"tags":[5632,722,17161,513,91819,29,2050,2051,30,23823,2052,121,1284,3260],"class_list":{"0":"post-542621","1":"post","2":"type-post","3":"status-publish","4":"format-standard","5":"has-post-thumbnail","7":"category-frankfurt-am-main","8":"tag-bornheim","9":"tag-722","10":"tag-17161","11":"tag-auto","12":"tag-baugeruest","13":"tag-deutschland","14":"tag-frankfurt","15":"tag-frankfurt-am-main","16":"tag-germany","17":"tag-hauswand","18":"tag-hessen","19":"tag-polizei","20":"tag-unfall","21":"tag-verkehrsunfall"},"share_on_mastodon":{"url":"https:\/\/pubeurope.com\/@de\/115474064451868009","error":""},"_links":{"self":[{"href":"https:\/\/www.europesays.com\/de\/wp-json\/wp\/v2\/posts\/542621","targetHints":{"allow":["GET"]}}],"collection":[{"href":"https:\/\/www.europesays.com\/de\/wp-json\/wp\/v2\/posts"}],"about":[{"href":"https:\/\/www.europesays.com\/de\/wp-json\/wp\/v2\/types\/post"}],"author":[{"embeddable":true,"href":"https:\/\/www.europesays.com\/de\/wp-json\/wp\/v2\/users\/2"}],"replies":[{"embeddable":true,"href":"https:\/\/www.europesays.com\/de\/wp-json\/wp\/v2\/comments?post=542621"}],"version-history":[{"count":0,"href":"https:\/\/www.europesays.com\/de\/wp-json\/wp\/v2\/posts\/542621\/revisions"}],"wp:featuredmedia":[{"embeddable":true,"href":"https:\/\/www.europesays.com\/de\/wp-json\/wp\/v2\/media\/542622"}],"wp:attachment":[{"href":"https:\/\/www.europesays.com\/de\/wp-json\/wp\/v2\/media?parent=542621"}],"wp:term":[{"taxonomy":"category","embeddable":true,"href":"https:\/\/www.europesays.com\/de\/wp-json\/wp\/v2\/categories?post=542621"},{"taxonomy":"post_tag","embeddable":true,"href":"https:\/\/www.europesays.com\/de\/wp-json\/wp\/v2\/tags?post=542621"}],"curies":[{"name":"wp","href":"https:\/\/api.w.org\/{rel}","templated":true}]}}