{"id":542651,"date":"2025-11-01T11:09:13","date_gmt":"2025-11-01T11:09:13","guid":{"rendered":"https:\/\/www.europesays.com\/de\/542651\/"},"modified":"2025-11-01T11:09:13","modified_gmt":"2025-11-01T11:09:13","slug":"katy-perry-in-der-muenchner-olympiahalle-wiedergeburt-einer-show-goettin-muenchen","status":"publish","type":"post","link":"https:\/\/www.europesays.com\/de\/542651\/","title":{"rendered":"Katy Perry in der M\u00fcnchner Olympiahalle: Wiedergeburt einer Show-G\u00f6ttin &#8211; M\u00fcnchen"},"content":{"rendered":"<p class=\"css-c9fym5\" data-manual=\"teaserText\" data-schema-org-speakable=\"true\">Die zuletzt viel geschm\u00e4hte Pop-Prinzessin kann es noch: Katy Perry liefert in der ausverkauften Olympiahalle eine v\u00f6llig \u00fcberladene, im Kern aber sehr charmante Halloween-Party zwischen Videospiel und Mummenschanz ab.\u00a0 Im Zentrum:\u00a0 ihr Po.<\/p>\n<p data-manual=\"author\" data-testid=\"byline\" class=\"css-1b049jz\">Kritik von <a href=\"https:\/\/www.sueddeutsche.de\/autoren\/michael-zirnstein-1.1409268\" target=\"_blank\" rel=\"noopener\">Michael Zirnstein<\/a><\/p>\n<p data-manual=\"paragraph\" data-schema-org-speakable=\"true\" class=\"css-9njfp7\">Um die Frage einiger Anwesender, die die Trib\u00fcne nach dem neuen Mann in Katy Perrys Leben scannen, gleich mal aufzul\u00f6sen: Nein, Justin Trudeau ist nicht da in der Olympiahalle. Wahrscheinlich. Zwar verz\u00f6gert sich der Start der Show eine halbe Stunde, ehe <a href=\"https:\/\/www.sueddeutsche.de\/thema\/Katy_Perry\" target=\"_blank\" rel=\"noopener\">Katy Perry<\/a> wie die Maschinenfrau Maria im Filmklassiker \u201eMetropolis\u201c\u00a0 mit Schl\u00e4uchen am Kopf erwacht und in Energieringen hoch \u00fcber den K\u00f6pfen der Menge losschmettert. Die Verz\u00f6gerung bei dieser Erweckung d\u00fcrfte aber andere Gr\u00fcnde haben, als dass die amerikanische Musikerin, 41, und der kanadische Ex-Premier, 53, noch hinter der B\u00fchne H\u00e4ndchen halten. So wie sie es j\u00fcngst beim Verlassen der Pariser Nackedei-Revue \u201eCrazy Horse\u201c taten.<\/p>\n","protected":false},"excerpt":{"rendered":"Die zuletzt viel geschm\u00e4hte Pop-Prinzessin kann es noch: Katy Perry liefert in der ausverkauften Olympiahalle eine v\u00f6llig \u00fcberladene,&hellip;\n","protected":false},"author":2,"featured_media":542652,"comment_status":"","ping_status":"","sticky":false,"template":"","format":"standard","meta":{"footnotes":""},"categories":[1772],"tags":[29,214,30,25253,3371,2392,1268,1779,810,58756,2007,1703,2045,149,215],"class_list":{"0":"post-542651","1":"post","2":"type-post","3":"status-publish","4":"format-standard","5":"has-post-thumbnail","7":"category-musik","8":"tag-deutschland","9":"tag-entertainment","10":"tag-germany","11":"tag-katy-perry","12":"tag-konzerte-muenchen","13":"tag-kultur-in-muenchen","14":"tag-muenchen","15":"tag-music","16":"tag-musik","17":"tag-olympiahalle-muenchen","18":"tag-olympiapark","19":"tag-pop","20":"tag-promis","21":"tag-sueddeutsche-zeitung","22":"tag-unterhaltung"},"share_on_mastodon":{"url":"https:\/\/pubeurope.com\/@de\/115474134872762787","error":""},"_links":{"self":[{"href":"https:\/\/www.europesays.com\/de\/wp-json\/wp\/v2\/posts\/542651","targetHints":{"allow":["GET"]}}],"collection":[{"href":"https:\/\/www.europesays.com\/de\/wp-json\/wp\/v2\/posts"}],"about":[{"href":"https:\/\/www.europesays.com\/de\/wp-json\/wp\/v2\/types\/post"}],"author":[{"embeddable":true,"href":"https:\/\/www.europesays.com\/de\/wp-json\/wp\/v2\/users\/2"}],"replies":[{"embeddable":true,"href":"https:\/\/www.europesays.com\/de\/wp-json\/wp\/v2\/comments?post=542651"}],"version-history":[{"count":0,"href":"https:\/\/www.europesays.com\/de\/wp-json\/wp\/v2\/posts\/542651\/revisions"}],"wp:featuredmedia":[{"embeddable":true,"href":"https:\/\/www.europesays.com\/de\/wp-json\/wp\/v2\/media\/542652"}],"wp:attachment":[{"href":"https:\/\/www.europesays.com\/de\/wp-json\/wp\/v2\/media?parent=542651"}],"wp:term":[{"taxonomy":"category","embeddable":true,"href":"https:\/\/www.europesays.com\/de\/wp-json\/wp\/v2\/categories?post=542651"},{"taxonomy":"post_tag","embeddable":true,"href":"https:\/\/www.europesays.com\/de\/wp-json\/wp\/v2\/tags?post=542651"}],"curies":[{"name":"wp","href":"https:\/\/api.w.org\/{rel}","templated":true}]}}