{"id":542738,"date":"2025-11-01T12:00:29","date_gmt":"2025-11-01T12:00:29","guid":{"rendered":"https:\/\/www.europesays.com\/de\/542738\/"},"modified":"2025-11-01T12:00:29","modified_gmt":"2025-11-01T12:00:29","slug":"var-und-kein-ende-hannovers-elfer-aerger-in-elversberg-befeuert-videobeweis-debatte","status":"publish","type":"post","link":"https:\/\/www.europesays.com\/de\/542738\/","title":{"rendered":"VAR und kein Ende &#8211; Hannovers Elfer-\u00c4rger in Elversberg befeuert Videobeweis-Debatte"},"content":{"rendered":"<p>        <img decoding=\"async\" src=\"https:\/\/www.europesays.com\/de\/wp-content\/uploads\/2025\/11\/hannover-548.webp\" alt=\"Spielszene Hannover gegen Elversberg mit Schiedsrichter Timo Gerach (Mitte)\" title=\"Spielszene Hannover gegen Elversberg mit Schiedsrichter Timo Gerach (Mitte) | picture alliance \/ Fu\u00dfball-News Saarland | Sebastian Bach\" class=\"responsive\"\/><\/p>\n<p>AUDIO: Hannovers Rochelt zu Elfmeter-Situation: &#8222;Tue mich schwer damit&#8220; (1 Min)<\/p>\n<p>\n            Stand: 01.11.2025 12:54 Uhr<\/p>\n<p class=\"preface\">Hannover 96 geriet beim Zweitliga-Spiel in Elversberg nach einem strittigen Strafsto\u00df kurz vor dem Ende in R\u00fcckstand. Die Entscheidung befeuert die Diskussionen um das Zusammenspiel von Referee und VAR am Ende einer Woche mit vieldiskutierten Szenen im DFB-Pokal weiter.<\/p>\n<p class=\"textauthor\">von Tobias Knaack<\/p>\n<p class=\"\">Mehr Einigkeit gab es unter zwei Mannschaften in der Bewertung einer Situation wohl selten im Dauer-Debattier-Sport Fu\u00dfball. &#8222;Ich h\u00e4tte den Elfmeter, so wie er jetzt abgelaufen ist, nicht gegeben&#8220;, sagte Vincent Wagner, Trainer der SV Elversberg, nach dem 2:2 im Zweitliga-Topspiel. Also einer derjenigen, die am Freitagabend im Stadion an der Kaiserlinde zu den &#8222;Bevorteilten&#8220; geh\u00f6rten. Das sahen &#8211; wenig \u00fcberraschend &#8211; auch die &#8222;Gesch\u00e4digten&#8220; so, also Hannover 96.<\/p>\n<p>        <img decoding=\"async\" src=\"https:\/\/www.europesays.com\/de\/wp-content\/uploads\/2025\/10\/hannover-534.webp\" alt=\"Hannovers Benjamin K\u00e4llmann (l.) im Zweikampf mit Elversbergs Lukas Pinckert\" title=\"Hannovers Benjamin K\u00e4llmann (l.) im Zweikampf mit Elversbergs Lukas Pinckert | picture alliance\/Fu\u00dfball-News Saarland | Sebastian Bach\" class=\"responsive\" loading=\"lazy\"\/><\/p>\n<p>Die &#8222;Roten&#8220; haben im Topspiel in einer wilden Schlussphase einen Punkt geholt. Trainer Titz \u00e4rgerte insbesondere eine Elfmeter-Entscheidung f\u00fcr die SVE.<\/p>\n<p>    VAR korrigiert Schiedsrichterentscheidung nicht<\/p>\n<p class=\"\">Konsens allenthalben &#8211; und doch gab es am Freitagabend wieder reichlich Gespr\u00e4chsbedarf, weil es eben trotzdem Strafsto\u00df f\u00fcr Elversberg gab. Was war passiert? SVE-Mittelfeldspieler Frederik Schmahl bekam in der 79. Minute im Strafraum einen Rempler von Hannovers Jannik Rochelt in den R\u00fccken, machte noch zwei vollst\u00e4ndige Schritte, ehe er beim dritten zu Boden ging. Der K\u00f6rperkontakt war zu diesem Zeitpunkt l\u00e4ngst vorbei.<\/p>\n<p class=\"\">Schiedsrichter Timo Gerach (Landau) aber entschied auf dem Feld auf Strafsto\u00df und wurde &#8211; zur \u00dcberraschung fast aller, vor allem aber der Hannoveraner &#8211; vom VAR nicht korrigiert. Nicht einmal an den Bildschirm wurde er gerufen.<\/p>\n<p class=\"\">Lukas Petkov verschoss den Elfmeter zwar, Bambas\u00e9 Cont\u00e9 traf aber im Nachschuss zum 2:1 (80.). H\u00e4tte Virgil Ghita f\u00fcnf Minuten vor dem Ende nicht zum zweiten Mal f\u00fcr 96 ausgeglichen, Cont\u00e9s Treffer infolge des strittigen Strafsto\u00dfes w\u00e4re das Siegtor gewesen.<\/p>\n<blockquote><p>\n        <strong>&#8222;Ich dachte, dass der Elfmeter mit dem Videobeweis zur\u00fcckgenommen wird.&#8220;<\/strong><\/p>\n<p>                Jannik Rochelt, Hannover 96<\/p>\n<\/blockquote>\n<p class=\"\">&#8222;Ich wei\u00df nicht genau, was der Elfmeter war&#8220;, sagte &#8222;Verursacher&#8220; Rochelt nach der Partie am ARD-Mikrofon: &#8222;Ich tue mich schwer, da ein klares Foul zu sehen, weil ich ihn oben mit dem Oberk\u00f6rper eigentlich nur ber\u00fchre&#8220;. Zumal Schmahl zun\u00e4chst ja auch noch weitergelaufen sei, bevor er auf den Rasen fiel. &#8222;Ich dachte, dass der mit dem Videobeweis zur\u00fcckgenommen wird.&#8220;<\/p>\n<p class=\"\">Wurde er nicht &#8211; und das brachte Rochelts ansonsten sehr besonnenen Coach Christian Titz kurz nach Abpfiff so richtig in Wallung. &#8222;Das ist neben der Chancenverwertung in der ersten H\u00e4lfte der Grund, weshalb wir nicht gewonnen haben. Das war eindeutig keiner&#8220;, z\u00fcrnte der 54-J\u00e4hrige: &#8222;Wenn, dann ist es eine Gelbe Karte wegen Schwalbe.&#8220; Und mit Blick in Richtung des Videoassistenten, der nicht eingriff, sagte er: &#8222;Also wenn es sich einer angesehen hat, dann muss er leider die Augen verbunden gehabt haben.&#8220;<\/p>\n<p>    Titz: &#8222;Kritische Szene gegen uns entschieden&#8220;<\/p>\n<p class=\"\">Sp\u00e4ter, mit ein paar Minuten Abstand mehr zum Geschehenen war der Diplomat Titz wieder zur\u00fcck: &#8222;Ich fand, dass es sonst eine gute Spielleitung war.&#8220; Er habe &#8222;gro\u00dfen Respekt vor so einer Spielleitung, weil es um Bruchteile von Sekunden geht. Ich h\u00e4tte mir nur gew\u00fcnscht, dass das gepr\u00fcft wird.&#8220;<\/p>\n<p class=\"\">Bei seiner grundlegenden Sicht blieb er: &#8222;Das ist einfach kein Elfmeter.&#8220; Denn so war es f\u00fcr ihn &#8222;eine kritische Szene, die heute ein St\u00fcck weit gegen uns entschieden hat&#8220;.<\/p>\n<p>    Referee Gerach versteht, &#8222;dass dar\u00fcber diskutiert wird&#8220;<\/p>\n<p class=\"\">Schiedsrichter Gerach \u00e4u\u00dferte, er k\u00f6nne nachvollziehen, &#8222;dass dar\u00fcber diskutiert wird&#8220;. Er habe aber &#8222;die Szene auf dem Feld aus einer sehr guten Position gesehen. Ich stand unmittelbar &#8211; drei bis vier Meter &#8211; hintendran und ich nehme wahr, dass der Elversberger Spieler klar die bessere Position hat. Er ist klar vorne dran und der Hannoveraner geht von hinten, seitlich in den R\u00fccken rein, auch mit dem Ellenbogen&#8220;, sagte er dem <a href=\"https:\/\/www.kicker.de\/gerach-und-die-frage-des-billigen-ziehens-eines-strafstosses-1161435\/artikel\" title=\"Gerach Elfmeter Link\" class=\"js-link-dialog\" data-type=\"external\" target=\"_blank\" rel=\"noopener\">&#8222;Kicker&#8220;<\/a>.<\/p>\n<p class=\"\">Auch zu Schmahls &#8222;sp\u00e4tem Runtergehen&#8220; hatte Gerach eine Erl\u00e4uterung: &#8222;Wie bewerte ich das? Ist das Sto\u00dfen von hinten urs\u00e4chlich f\u00fcr das Fallen und probiert der St\u00fcrmer, erst noch ein bisschen weiterzulaufen und sich abzufedern und geht dann runter &#8211; oder ist es ein billiges Ziehen von einem Strafsto\u00df?&#8220;<\/p>\n<p class=\"\">F\u00fcr Gerach war es kein billiges Ziehen &#8211; und damit ein Elfmeter. Er k\u00f6nne verstehen, dass nicht jeder auf Strafsto\u00df entschieden h\u00e4tte, betonte aber auch, dass von Schiedsrichtern erwartet wird, &#8222;auf dem Platz selbstbewusst eine Szene wahrzunehmen und dann zu entscheiden. Das habe ich in dem Moment gemacht.&#8220;<\/p>\n<blockquote><p>\n        <strong>&#8222;Das ist ein Kompetenzmangel ohne Ende. Das ist das Grundproblem.&#8220;<\/strong><\/p>\n<p>                Markus Merk, ehemaliger Bundesliga-Schiedsrichter<\/p>\n<\/blockquote>\n<p class=\"\">Damit liegt er auf einer Linie mit Ex-Bundesliga-Schiedsrichter Markus Merk, der am Ende einer Woche mit zahlreichen strittigen Entscheidungen rund um Abseitstore und Elfmeterpfiffe im DFB-Pokal das Zusammenspiel von Referee und VAR in den Blick nahm. Die seither diskutierte Frage, ob die Technik auch schon vor dem Achtelfinale eingesetzt werden sollte, nannte der 63-J\u00e4hrige &#8222;im Ansatz falsch&#8220;.<\/p>\n<p class=\"\">Viele Situationen zuletzt &#8211; auch in Bundesliga und 2. Liga &#8211; seien so klar gewesen, dass sie aus seiner Sicht auf dem Feld erkannt und richtig bewertet h\u00e4tten werden m\u00fcssen.\u00a0&#8222;Wenn ich dann auch noch Minuten am Bildschirm brauche, um die richtige Entscheidung zu treffen &#8211; da f\u00e4llt mir wirklich nichts mehr ein. Das ist ein Kompetenzmangel ohne Ende. Das ist das Grundproblem&#8220;, sagte Merk.<\/p>\n<p>        <img decoding=\"async\" src=\"https:\/\/www.europesays.com\/de\/wp-content\/uploads\/2025\/11\/dfb-pokal-welz-100.webp\" alt=\"Tobias Welz beim Pokalspiel des 1. FC K\u00f6ln gegen den FC Bayern M\u00fcnchen\" title=\"Tobias Welz beim DFB-Pokal-Spiel des 1. FC K\u00f6ln gegen Bayern M\u00fcnchen | IMAGO\/DeFodi Images\" class=\"responsive\" loading=\"lazy\"\/><\/p>\n<p>Die 2. Runde im DFB-Pokal war eine Werbeveranstaltung f\u00fcr den VAR: Es gab viele krasse Fehlentscheidungen, viele davon folgenschwer. Doch erst ab dem Achtelfinale wird die Technik wieder genutzt. Warum eigentlich?<\/p>\n<p>    Diskussionen um Zusammenspiel von Referees und VAR<\/p>\n<p class=\"\">Der Ex-Referee glaubt, dass es bei einem Verzicht auf die Video\u00fcberpr\u00fcfung weniger Fehlentscheidungen geben w\u00fcrde. Der VAR sei &#8222;als Backup&#8220; eingef\u00fchrt worden. &#8222;Und heute verlassen wir uns auf ihn&#8220;, kritisierte Merk. Die Schiedsrichter seien nur noch &#8222;Erf\u00fcllungsgehilfen&#8220;. Er w\u00fcrde sich w\u00fcnschen, dass &#8222;die Schiedsrichter auf dem Platz souver\u00e4ner und sicherer entscheiden w\u00fcrden. Die Kompetenz stimmt nicht.&#8220;<\/p>\n<p class=\"\">Gerach entschied die Szene in Elversberg zwar selbstbewusst. Die Diskussionen um das Zusammenspiel von Referee auf dem Feld und dem VAR vor dem Bildschirm aber hat auch diese Entscheidung weiter befeuert. Der Eintracht der beiden Teams zum Trotz.<\/p>\n<p>        <img decoding=\"async\" src=\"https:\/\/www.europesays.com\/de\/wp-content\/uploads\/2025\/10\/tabelle190.webp\" alt=\"Eine Fu\u00dfballtabelle vor eine Fu\u00dfballmotiv\" title=\"Eine Fu\u00dfballtabelle vor eine Fu\u00dfballmotiv | Colourbox, Pressmaster\" class=\"responsive\" loading=\"lazy\"\/><\/p>\n<p>Ergebnisse, Tabellenst\u00e4nde und die Spieltage im \u00dcberblick.<\/p>\n","protected":false},"excerpt":{"rendered":"AUDIO: Hannovers Rochelt zu Elfmeter-Situation: &#8222;Tue mich schwer damit&#8220; (1 Min) Stand: 01.11.2025 12:54 Uhr Hannover 96 geriet&hellip;\n","protected":false},"author":2,"featured_media":542739,"comment_status":"","ping_status":"","sticky":false,"template":"","format":"standard","meta":{"footnotes":""},"categories":[1836],"tags":[621,3364,29,347,30,46,2366,1552,1411],"class_list":{"0":"post-542738","1":"post","2":"type-post","3":"status-publish","4":"format-standard","5":"has-post-thumbnail","7":"category-hannover","8":"tag-2-bundesliga","9":"tag-de","10":"tag-deutschland","11":"tag-fussball","12":"tag-germany","13":"tag-hannover","14":"tag-hannover-96","15":"tag-newsticker","16":"tag-niedersachsen"},"share_on_mastodon":{"url":"https:\/\/pubeurope.com\/@de\/115474335534743777","error":""},"_links":{"self":[{"href":"https:\/\/www.europesays.com\/de\/wp-json\/wp\/v2\/posts\/542738","targetHints":{"allow":["GET"]}}],"collection":[{"href":"https:\/\/www.europesays.com\/de\/wp-json\/wp\/v2\/posts"}],"about":[{"href":"https:\/\/www.europesays.com\/de\/wp-json\/wp\/v2\/types\/post"}],"author":[{"embeddable":true,"href":"https:\/\/www.europesays.com\/de\/wp-json\/wp\/v2\/users\/2"}],"replies":[{"embeddable":true,"href":"https:\/\/www.europesays.com\/de\/wp-json\/wp\/v2\/comments?post=542738"}],"version-history":[{"count":0,"href":"https:\/\/www.europesays.com\/de\/wp-json\/wp\/v2\/posts\/542738\/revisions"}],"wp:featuredmedia":[{"embeddable":true,"href":"https:\/\/www.europesays.com\/de\/wp-json\/wp\/v2\/media\/542739"}],"wp:attachment":[{"href":"https:\/\/www.europesays.com\/de\/wp-json\/wp\/v2\/media?parent=542738"}],"wp:term":[{"taxonomy":"category","embeddable":true,"href":"https:\/\/www.europesays.com\/de\/wp-json\/wp\/v2\/categories?post=542738"},{"taxonomy":"post_tag","embeddable":true,"href":"https:\/\/www.europesays.com\/de\/wp-json\/wp\/v2\/tags?post=542738"}],"curies":[{"name":"wp","href":"https:\/\/api.w.org\/{rel}","templated":true}]}}